{"id":4017,"date":"2019-08-20T10:32:36","date_gmt":"2019-08-20T13:32:36","guid":{"rendered":"http:\/\/bonettiassociados.com.br\/?p=4017"},"modified":"2019-08-20T10:32:36","modified_gmt":"2019-08-20T13:32:36","slug":"confederacao-questiona-norma-que-permite-transferencia-de-valores-entre-acoes-trabalhistas","status":"publish","type":"post","link":"https:\/\/bonettiassociados.com.br\/index.php\/2019\/08\/20\/confederacao-questiona-norma-que-permite-transferencia-de-valores-entre-acoes-trabalhistas\/","title":{"rendered":"CONFEDERA\u00c7\u00c3O QUESTIONA NORMA QUE PERMITE TRANSFER\u00caNCIA DE VALORES ENTRE A\u00c7\u00d5ES TRABALHISTAS"},"content":{"rendered":"<p style=\"text-align: justify;\"><span style=\"font-family: arial, helvetica, sans-serif;\">Ato questionado estabelece que os saldos de dep\u00f3sitos recursais nas a\u00e7\u00f5es trabalhistas encerradas poder\u00e3o ser remanejados para quitar d\u00e9bitos do empregador em outros processos trabalhistas pendentes de execu\u00e7\u00e3o em todo territ\u00f3rio nacional.<\/span><!--more--><\/p>\n<p style=\"text-align: justify;\"><span style=\"font-family: arial, helvetica, sans-serif;\">A Confedera\u00e7\u00e3o Nacional da Tecnologia da Informa\u00e7\u00e3o e Comunica\u00e7\u00e3o (Contic) ajuizou no Supremo Tribunal Federal (STF) a A\u00e7\u00e3o Direta de Inconstitucionalidade (ADI) 6206, com pedido de medida cautelar, contra normas do Conselho Superior da Justi\u00e7a do Trabalho (CSJT) e da Corregedoria-Geral da Justi\u00e7a do Trabalho (CGJT) relativas a dep\u00f3sitos judiciais de processos arquivados definitivamente. O Ato Conjunto CSJT.GP.CGJT 1\/2019 estabelece que os saldos de dep\u00f3sitos recursais nas a\u00e7\u00f5es trabalhistas encerradas poder\u00e3o ser remanejados para quitar d\u00e9bitos do empregador em outros processos trabalhistas pendentes de execu\u00e7\u00e3o em todo territ\u00f3rio nacional.<\/span><\/p>\n<p style=\"text-align: justify;\"><span style=\"font-family: arial, helvetica, sans-serif;\">Segundo a entidade, as regras, constantes do Ato Conjunto 1\/2019 do CJST e da CGJT, extrapolam a compet\u00eancia normativa dos conselhos e violam a compet\u00eancia privativa da Uni\u00e3o para legislar sobre Direito Processual do Trabalho. De acordo com a confedera\u00e7\u00e3o, o ato impugnado, ao estabelecer a possibilidade de manejo dos dep\u00f3sitos vinculados ao processo para outras a\u00e7\u00f5es trabalhistas, cria, na pr\u00e1tica, um sistema de gerenciamento de dep\u00f3sitos judiciais.<\/span><\/p>\n<p style=\"text-align: justify;\"><span style=\"font-family: arial, helvetica, sans-serif;\">A Contic afirma que o normativo priva a empresa executada de seus bens, constituindo viola\u00e7\u00e3o ao devido processo legal ao criar obriga\u00e7\u00e3o processual n\u00e3o prevista em lei, al\u00e9m de n\u00e3o observar o rito legal da CLT quanto a dep\u00f3sitos recursais. Afirma, ainda, que o remanejamento dos saldos dos dep\u00f3sitos n\u00e3o \u00e9 racional nem razo\u00e1vel, pois a execu\u00e7\u00e3o nas outras a\u00e7\u00f5es estaria igualmente garantida pelo mecanismo e porque n\u00e3o h\u00e1 crit\u00e9rios para o processamento dos remanejamentos o que poderia criar uma situa\u00e7\u00e3o de sobregarantia em alguns processos em detrimento de outros.<\/span><\/p>\n<p style=\"text-align: justify;\"><span style=\"font-family: arial, helvetica, sans-serif;\">A relatora da ADI 6206, ministra C\u00e1rmen L\u00facia, adotou o rito abreviado do artigo 12 da Lei das ADIs (Lei 9.868\/1999), que autoriza o julgamento da a\u00e7\u00e3o pelo Plen\u00e1rio do STF diretamente no m\u00e9rito, sem pr\u00e9via an\u00e1lise do pedido cautelar. A ministra requisitou informa\u00e7\u00f5es ao presidente do Conselho Superior da Justi\u00e7a do Trabalho e ao corregedor-geral da Justi\u00e7a do Trabalho, a serem prestadas no prazo de dez dias. Determinou tamb\u00e9m que, em seguida, os autos sejam remetidos, sucessivamente, \u00e0 Advocacia-Geral da Uni\u00e3o (AGU) e \u00e0 Procuradoria-Geral da Rep\u00fablica (PGR), para que se manifestem no prazo de cinco dias.<\/span><\/p>\n<p style=\"text-align: justify;\"><span style=\"font-family: arial, helvetica, sans-serif;\"><strong>FONTE: Not\u00edcias STF<\/strong><\/span><\/p>\n","protected":false},"excerpt":{"rendered":"<p>Ato questionado estabelece que os saldos de dep\u00f3sitos recursais nas [&hellip;]<\/p>\n","protected":false},"author":6,"featured_media":0,"comment_status":"closed","ping_status":"open","sticky":false,"template":"","format":"standard","meta":{"jetpack_post_was_ever_published":false,"_jetpack_newsletter_access":"","_jetpack_dont_email_post_to_subs":false,"_jetpack_newsletter_tier_id":0,"_jetpack_memberships_contains_paywalled_content":false,"footnotes":"","_jetpack_memberships_contains_paid_content":false,"jetpack_publicize_message":"","jetpack_publicize_feature_enabled":true,"jetpack_social_post_already_shared":true,"jetpack_social_options":{"image_generator_settings":{"template":"highway","enabled":false}}},"categories":[2],"tags":[],"jetpack_publicize_connections":[],"jetpack_featured_media_url":"","jetpack_sharing_enabled":true,"jetpack_shortlink":"https:\/\/wp.me\/paFpWR-12N","_links":{"self":[{"href":"https:\/\/bonettiassociados.com.br\/index.php\/wp-json\/wp\/v2\/posts\/4017"}],"collection":[{"href":"https:\/\/bonettiassociados.com.br\/index.php\/wp-json\/wp\/v2\/posts"}],"about":[{"href":"https:\/\/bonettiassociados.com.br\/index.php\/wp-json\/wp\/v2\/types\/post"}],"author":[{"embeddable":true,"href":"https:\/\/bonettiassociados.com.br\/index.php\/wp-json\/wp\/v2\/users\/6"}],"replies":[{"embeddable":true,"href":"https:\/\/bonettiassociados.com.br\/index.php\/wp-json\/wp\/v2\/comments?post=4017"}],"version-history":[{"count":1,"href":"https:\/\/bonettiassociados.com.br\/index.php\/wp-json\/wp\/v2\/posts\/4017\/revisions"}],"predecessor-version":[{"id":4018,"href":"https:\/\/bonettiassociados.com.br\/index.php\/wp-json\/wp\/v2\/posts\/4017\/revisions\/4018"}],"wp:attachment":[{"href":"https:\/\/bonettiassociados.com.br\/index.php\/wp-json\/wp\/v2\/media?parent=4017"}],"wp:term":[{"taxonomy":"category","embeddable":true,"href":"https:\/\/bonettiassociados.com.br\/index.php\/wp-json\/wp\/v2\/categories?post=4017"},{"taxonomy":"post_tag","embeddable":true,"href":"https:\/\/bonettiassociados.com.br\/index.php\/wp-json\/wp\/v2\/tags?post=4017"}],"curies":[{"name":"wp","href":"https:\/\/api.w.org\/{rel}","templated":true}]}}