{"id":4013,"date":"2019-08-20T10:30:23","date_gmt":"2019-08-20T13:30:23","guid":{"rendered":"http:\/\/bonettiassociados.com.br\/?p=4013"},"modified":"2019-08-20T10:30:23","modified_gmt":"2019-08-20T13:30:23","slug":"tj-sp-declara-inconstitucional-trecho-de-lei-sobre-creditos-tributarios","status":"publish","type":"post","link":"https:\/\/bonettiassociados.com.br\/index.php\/2019\/08\/20\/tj-sp-declara-inconstitucional-trecho-de-lei-sobre-creditos-tributarios\/","title":{"rendered":"TJ-SP DECLARA INCONSTITUCIONAL TRECHO DE LEI SOBRE CR\u00c9DITOS TRIBUT\u00c1RIOS"},"content":{"rendered":"<p style=\"text-align: justify;\"><span style=\"font-family: arial, helvetica, sans-serif;\">A decis\u00e3o no \u00d3rg\u00e3o Especial foi por unanimidade.<\/span><!--more--><\/p>\n<p style=\"text-align: justify;\"><span style=\"font-family: arial, helvetica, sans-serif;\">O \u00d3rg\u00e3o Especial do Tribunal de Justi\u00e7a de S\u00e3o Paulo declarou inconstitucional trecho de lei estadual que permite a restitui\u00e7\u00e3o de cr\u00e9ditos tribut\u00e1rios oriundos da diferen\u00e7a entre o valor presumido e o efetivado apenas quando a base de c\u00e1lculo for fixada por autoridade competente.<\/span><\/p>\n<p style=\"text-align: justify;\"><span style=\"font-family: arial, helvetica, sans-serif;\">No entendimento dos desembargadores, o par\u00e1grafo 3\u00ba do inciso II do artigo 66-B da Lei estadual 6.374\/1989 , na reda\u00e7\u00e3o dada pela Lei estadual 13.291\/2008 , \u00e9 incompat\u00edvel com o par\u00e1grafo 7\u00ba do artigo 150 da Constitui\u00e7\u00e3o, que estabelece que \u201ca lei poder\u00e1 atribuir a sujeito passivo de obriga\u00e7\u00e3o tribut\u00e1ria a condi\u00e7\u00e3o de respons\u00e1vel pelo pagamento de imposto ou contribui\u00e7\u00e3o, cujo fato gerador deva ocorrer posteriormente, assegurada a imediata e preferencial restitui\u00e7\u00e3o da quantia paga, caso n\u00e3o se realize o fato gerador presumido\u201d.<\/span><\/p>\n<p style=\"text-align: justify;\"><span style=\"font-family: arial, helvetica, sans-serif;\">Para o relator, desembargador Xavier de Aquino, o texto da Constitui\u00e7\u00e3o \u201ctraz o direito indel\u00e9vel do contribuinte \u00e0 restitui\u00e7\u00e3o de tributos cuja cobran\u00e7a tenha ocorrido antecipadamente ao fato gerador, a exemplo do que comumente ocorre com o ICMS, sob a condi\u00e7\u00e3o de que o recolhimento inicialmente realizado seja confirmado pela efetiva realiza\u00e7\u00e3o deste fato gerador, que pode trazer valores inferiores ao originalmente utilizado como base de c\u00e1lculo\u201d.<\/span><\/p>\n<p style=\"text-align: justify;\"><span style=\"font-family: arial, helvetica, sans-serif;\">O \u00d3rg\u00e3o Especial entendeu que a reda\u00e7\u00e3o anterior do artigo 66-B da lei estadual estava de acordo com o texto constitucional. Por\u00e9m, a altera\u00e7\u00e3o feita na Lei estadual 13.291\/2008 \u201ccaminhou em sentido contr\u00e1rio ao previsto na Carta Magna\u201d.<\/span><\/p>\n<p style=\"text-align: justify;\"><span style=\"font-family: arial, helvetica, sans-serif;\">Xavier de Aquino tamb\u00e9m afirmou que o dispositivo vai contra entendimento do Supremo Tribunal Federal, que \u201creconheceu o direito \u00e0 restitui\u00e7\u00e3o na hip\u00f3tese em que a opera\u00e7\u00e3o se realiza com quantia inferior \u00e0 presumida, sem qualquer diferencia\u00e7\u00e3o quanto \u00e0 f\u00f3rmula de fixa\u00e7\u00e3o\u201d. A decis\u00e3o no \u00d3rg\u00e3o Especial foi por unanimidade.<\/span><\/p>\n<p style=\"text-align: justify;\"><span style=\"font-family: arial, helvetica, sans-serif;\"><strong>FONTE: Blog Mauro Negruni<\/strong><\/span><\/p>\n","protected":false},"excerpt":{"rendered":"<p>A decis\u00e3o no \u00d3rg\u00e3o Especial foi por unanimidade.<\/p>\n","protected":false},"author":6,"featured_media":0,"comment_status":"closed","ping_status":"open","sticky":false,"template":"","format":"standard","meta":{"jetpack_post_was_ever_published":false,"_jetpack_newsletter_access":"","_jetpack_dont_email_post_to_subs":false,"_jetpack_newsletter_tier_id":0,"_jetpack_memberships_contains_paywalled_content":false,"footnotes":"","_jetpack_memberships_contains_paid_content":false,"jetpack_publicize_message":"","jetpack_publicize_feature_enabled":true,"jetpack_social_post_already_shared":true,"jetpack_social_options":{"image_generator_settings":{"template":"highway","enabled":false}}},"categories":[2],"tags":[],"jetpack_publicize_connections":[],"jetpack_featured_media_url":"","jetpack_sharing_enabled":true,"jetpack_shortlink":"https:\/\/wp.me\/paFpWR-12J","_links":{"self":[{"href":"https:\/\/bonettiassociados.com.br\/index.php\/wp-json\/wp\/v2\/posts\/4013"}],"collection":[{"href":"https:\/\/bonettiassociados.com.br\/index.php\/wp-json\/wp\/v2\/posts"}],"about":[{"href":"https:\/\/bonettiassociados.com.br\/index.php\/wp-json\/wp\/v2\/types\/post"}],"author":[{"embeddable":true,"href":"https:\/\/bonettiassociados.com.br\/index.php\/wp-json\/wp\/v2\/users\/6"}],"replies":[{"embeddable":true,"href":"https:\/\/bonettiassociados.com.br\/index.php\/wp-json\/wp\/v2\/comments?post=4013"}],"version-history":[{"count":1,"href":"https:\/\/bonettiassociados.com.br\/index.php\/wp-json\/wp\/v2\/posts\/4013\/revisions"}],"predecessor-version":[{"id":4014,"href":"https:\/\/bonettiassociados.com.br\/index.php\/wp-json\/wp\/v2\/posts\/4013\/revisions\/4014"}],"wp:attachment":[{"href":"https:\/\/bonettiassociados.com.br\/index.php\/wp-json\/wp\/v2\/media?parent=4013"}],"wp:term":[{"taxonomy":"category","embeddable":true,"href":"https:\/\/bonettiassociados.com.br\/index.php\/wp-json\/wp\/v2\/categories?post=4013"},{"taxonomy":"post_tag","embeddable":true,"href":"https:\/\/bonettiassociados.com.br\/index.php\/wp-json\/wp\/v2\/tags?post=4013"}],"curies":[{"name":"wp","href":"https:\/\/api.w.org\/{rel}","templated":true}]}}