{"id":4006,"date":"2019-08-19T13:11:43","date_gmt":"2019-08-19T16:11:43","guid":{"rendered":"http:\/\/bonettiassociados.com.br\/?p=4006"},"modified":"2019-08-19T13:11:43","modified_gmt":"2019-08-19T16:11:43","slug":"divergencias-ameacam-unificacao-de-tributos","status":"publish","type":"post","link":"https:\/\/bonettiassociados.com.br\/index.php\/2019\/08\/19\/divergencias-ameacam-unificacao-de-tributos\/","title":{"rendered":"DIVERG\u00caNCIAS AMEA\u00c7AM UNIFICA\u00c7\u00c3O DE TRIBUTOS"},"content":{"rendered":"<p style=\"text-align: justify;\"><span style=\"font-family: arial, helvetica, sans-serif;\">Guedes disse que os estados que podem perder com a unifica\u00e7\u00e3o devem ter a liberdade de manter suas regras e benef\u00edcios tribut\u00e1rios<\/span><!--more--><\/p>\n<p style=\"text-align: justify;\"><span style=\"font-family: arial, helvetica, sans-serif;\">Diverg\u00eancias entre Uni\u00e3o, estados e munic\u00edpios amea\u00e7am o plano de unificar os cinco tributos sobre bens e servi\u00e7os da reforma tribut\u00e1ria que tramita na C\u00e2mara.<\/span><\/p>\n<p style=\"text-align: justify;\"><span style=\"font-family: arial, helvetica, sans-serif;\">Entre os principais entraves est\u00e3o a sugest\u00e3o de governadores de excluir o governo federal do comit\u00ea que ir\u00e1 gerir o novo imposto e a tentativa dos prefeitos de aumentar sua parcela no bolo tribut\u00e1rio.<\/span><\/p>\n<p style=\"text-align: justify;\"><span style=\"font-family: arial, helvetica, sans-serif;\">O governo federal diz que as exig\u00eancias de estados e munic\u00edpios inviabilizam a reforma e prefere tratar dos tributos federais separadamente.<\/span><\/p>\n<p style=\"text-align: justify;\"><span style=\"font-family: arial, helvetica, sans-serif;\">O ministro da Economia, Paulo Guedes, afirmou nesta quinta (15) que vai enviar \u00e0 C\u00e2mara uma proposta para unificar apenas tributos federais sobre bens e servi\u00e7os, mas deixando a possibilidade de que outros entes possam aderir ao modelo. Seria o modelo de IVA (Imposto sobre Valor Agregado) ou IBS (Imposto sobre Bens e Servi\u00e7os) dual, segundo ele, adotado com sucesso no Canad\u00e1.<\/span><\/p>\n<p style=\"text-align: justify;\"><span style=\"font-family: arial, helvetica, sans-serif;\">\u201cA Uni\u00e3o n\u00e3o manda nos estados. Se todos quiserem um IVA, at\u00e9 os munic\u00edpios, ok. Sen\u00e3o, a gente faz a nossa parte. Quem quiser vem junto.\u201d<\/span><\/p>\n<p style=\"text-align: justify;\"><span style=\"font-family: arial, helvetica, sans-serif;\">Guedes disse que os estados que podem perder com a unifica\u00e7\u00e3o devem ter a liberdade de manter suas regras e benef\u00edcios tribut\u00e1rios. \u201cQuem \u00e9 liberal n\u00e3o fica preocupado com guerra fiscal. Eu chamo de liberdade fiscal\u201d, afirmou.<\/span><\/p>\n<p style=\"text-align: justify;\"><span style=\"font-family: arial, helvetica, sans-serif;\">O presidente do Comsefaz (comit\u00ea que re\u00fane secret\u00e1rios estaduais de Fazenda), Rafael Fonteles, por outro lado, disse que a proposta de unificar tr\u00eas tributos federais (PIS, Cofins e IPI), o estadual ICMS e o municipal ISS tem o apoio de secret\u00e1rios e parlamentares. Por isso, est\u00e1 mais f\u00e1cil aprovar o tributo nacional do que tratar da quest\u00e3o federal separadamente da estadual.<\/span><\/p>\n<p style=\"text-align: justify;\"><span style=\"font-family: arial, helvetica, sans-serif;\">Segundo Fonteles, os 27 secret\u00e1rios estaduais fecharam na ter\u00e7a (13) acordo em torno da proposta que est\u00e1 na C\u00e2mara (PEC 45), com algumas altera\u00e7\u00f5es. O texto final das discuss\u00f5es ainda ser\u00e1 apresentado aos governadores e, se aprovado, encaminhado ao Congresso como emenda.<\/span><\/p>\n<p style=\"text-align: justify;\"><span style=\"font-family: arial, helvetica, sans-serif;\">\u201cO clima \u00e9 mais favor\u00e1vel a um IVA amplo, que vai gerar uma simplifica\u00e7\u00e3o maior. Estamos preparados para discutir outro cen\u00e1rio, mas, pelo que j\u00e1 conversamos com alguns parlamentares, a tend\u00eancia \u00e9 um tributo nacional.\u201d<\/span><\/p>\n<p style=\"text-align: justify;\"><span style=\"font-family: arial, helvetica, sans-serif;\">Segundo Fonteles, a alternativa de separar os tributos n\u00e3o faz parte do texto acordado entre os secret\u00e1rios.<\/span><\/p>\n<p style=\"text-align: justify;\"><span style=\"font-family: arial, helvetica, sans-serif;\">O secret\u00e1rio tem conversado com o Minist\u00e9rio da Economia e quer buscar um consenso. \u201c\u00c9 mais f\u00e1cil convergir colocando todos os entes juntos, por incr\u00edvel que pare\u00e7a.\u201d<\/span><\/p>\n<p style=\"text-align: justify;\"><span style=\"font-family: arial, helvetica, sans-serif;\">Os estados querem manter a Uni\u00e3o de fora do comit\u00ea gestor do novo tributo. Dessa forma, o governo federal apenas receberia sua parte da arrecada\u00e7\u00e3o, mas n\u00e3o teria assento no colegiado que tamb\u00e9m ser\u00e1 respons\u00e1vel pela fiscaliza\u00e7\u00e3o e interpreta\u00e7\u00e3o das normas. A Receita Federal considera essa quest\u00e3o inaceit\u00e1vel.<\/span><\/p>\n<p style=\"text-align: justify;\"><span style=\"font-family: arial, helvetica, sans-serif;\">A CNM (Confedera\u00e7\u00e3o Nacional de Munic\u00edpios) tamb\u00e9m quer alterar a proposta da C\u00e2mara, para aumentar a fatia das prefeituras. Algumas emendas elaboradas pela entidade se referem a tributos que n\u00e3o est\u00e3o inclu\u00eddos na PEC 45.<\/span><\/p>\n<p style=\"text-align: justify;\"><span style=\"font-family: arial, helvetica, sans-serif;\">Os munic\u00edpios querem, por exemplo, obrigar a Uni\u00e3o a compartilhar a CSLL (Contribui\u00e7\u00e3o Social sobre o Lucro L\u00edquido) e tamb\u00e9m todos os tributos que vierem a ser criados pelo governo federal.<\/span><\/p>\n<p style=\"text-align: justify;\"><span style=\"font-family: arial, helvetica, sans-serif;\">\u201cConcordamos com esse imposto \u00fanico [sobre bens e servi\u00e7os], mas estamos apoiando uma proposta em que os munic\u00edpios possam ter uma maior participa\u00e7\u00e3o no bolo tribut\u00e1rio\u201d, afirma o presidente da CNM , Glademir Aroldi.<\/span><\/p>\n<p style=\"text-align: justify;\"><span style=\"font-family: arial, helvetica, sans-serif;\"><strong>Fonte: DIA A DIA TRIBUT\u00c1RIO<\/strong><\/span><\/p>\n","protected":false},"excerpt":{"rendered":"<p>Guedes disse que os estados que podem perder com a [&hellip;]<\/p>\n","protected":false},"author":6,"featured_media":0,"comment_status":"closed","ping_status":"open","sticky":false,"template":"","format":"standard","meta":{"jetpack_post_was_ever_published":false,"_jetpack_newsletter_access":"","_jetpack_dont_email_post_to_subs":false,"_jetpack_newsletter_tier_id":0,"_jetpack_memberships_contains_paywalled_content":false,"footnotes":"","_jetpack_memberships_contains_paid_content":false,"jetpack_publicize_message":"","jetpack_publicize_feature_enabled":true,"jetpack_social_post_already_shared":true,"jetpack_social_options":{"image_generator_settings":{"template":"highway","enabled":false}}},"categories":[2],"tags":[],"jetpack_publicize_connections":[],"jetpack_featured_media_url":"","jetpack_sharing_enabled":true,"jetpack_shortlink":"https:\/\/wp.me\/paFpWR-12C","_links":{"self":[{"href":"https:\/\/bonettiassociados.com.br\/index.php\/wp-json\/wp\/v2\/posts\/4006"}],"collection":[{"href":"https:\/\/bonettiassociados.com.br\/index.php\/wp-json\/wp\/v2\/posts"}],"about":[{"href":"https:\/\/bonettiassociados.com.br\/index.php\/wp-json\/wp\/v2\/types\/post"}],"author":[{"embeddable":true,"href":"https:\/\/bonettiassociados.com.br\/index.php\/wp-json\/wp\/v2\/users\/6"}],"replies":[{"embeddable":true,"href":"https:\/\/bonettiassociados.com.br\/index.php\/wp-json\/wp\/v2\/comments?post=4006"}],"version-history":[{"count":1,"href":"https:\/\/bonettiassociados.com.br\/index.php\/wp-json\/wp\/v2\/posts\/4006\/revisions"}],"predecessor-version":[{"id":4007,"href":"https:\/\/bonettiassociados.com.br\/index.php\/wp-json\/wp\/v2\/posts\/4006\/revisions\/4007"}],"wp:attachment":[{"href":"https:\/\/bonettiassociados.com.br\/index.php\/wp-json\/wp\/v2\/media?parent=4006"}],"wp:term":[{"taxonomy":"category","embeddable":true,"href":"https:\/\/bonettiassociados.com.br\/index.php\/wp-json\/wp\/v2\/categories?post=4006"},{"taxonomy":"post_tag","embeddable":true,"href":"https:\/\/bonettiassociados.com.br\/index.php\/wp-json\/wp\/v2\/tags?post=4006"}],"curies":[{"name":"wp","href":"https:\/\/api.w.org\/{rel}","templated":true}]}}