{"id":4004,"date":"2019-08-19T13:10:11","date_gmt":"2019-08-19T16:10:11","guid":{"rendered":"http:\/\/bonettiassociados.com.br\/?p=4004"},"modified":"2019-08-19T13:10:11","modified_gmt":"2019-08-19T16:10:11","slug":"icms-sobre-software-por-download-e-materia-legal-e-nao-constitucional","status":"publish","type":"post","link":"https:\/\/bonettiassociados.com.br\/index.php\/2019\/08\/19\/icms-sobre-software-por-download-e-materia-legal-e-nao-constitucional\/","title":{"rendered":"ICMS SOBRE SOFTWARE POR DOWNLOAD \u00c9 MAT\u00c9RIA LEGAL E N\u00c3O CONSTITUCIONAL"},"content":{"rendered":"<p style=\"text-align: justify;\"><span style=\"font-family: arial, helvetica, sans-serif;\">O \u00d3rg\u00e3o Especial do Tribunal de Justi\u00e7a de S\u00e3o Paulo decidiu n\u00e3o analisar o m\u00e9rito de uma argui\u00e7\u00e3o de inconstitucionalidade envolvendo a incid\u00eancia de ICMS sobre software disponibilizado por meio de transfer\u00eancia eletr\u00f4nica de dados (download, streaming ou nuvem). Segundo os desembargadores, a discuss\u00e3o envolve a legalidade de um decreto estadual, e n\u00e3o a constitucionalidade, portanto, n\u00e3o \u00e9 de compet\u00eancia do \u00d3rg\u00e3o Especial.<\/span><!--more--><\/p>\n<p style=\"text-align: justify;\"><span style=\"font-family: arial, helvetica, sans-serif;\">A argui\u00e7\u00e3o de inconstitucionalidade foi suscitada pela 13\u00aa C\u00e2mara de Direito P\u00fablico do TJ-SP em mandado de seguran\u00e7a impetrado por uma empresa de software, questionando dispositivos do Decreto Estadual 63.099\/17, que prev\u00ea incid\u00eancia de 5% de ICMS sobre software por download, streaming ou nuvem. A autora da a\u00e7\u00e3o alega que o secreto ultrapassou o alcance da Lei Complementar 87\/96 e, por isso, a cobran\u00e7a deveria ser suspensa.<\/span><\/p>\n<p style=\"text-align: justify;\"><span style=\"font-family: arial, helvetica, sans-serif;\">Mas, segundo o relator, desembargador Renato Sartorelli, \u201cn\u00e3o se trata de decretos aut\u00f4nomos, mas sim de normas secund\u00e1rias, editadas em raz\u00e3o da Lei Estadual 6.374\/1989, cabendo apenas cogitar de eventual ilegalidade ou inconstitucionalidade reflexa, o que impede o conhecimento do incidente, devendo a mat\u00e9ria ser dirimida pelo \u00f3rg\u00e3o fracion\u00e1rio, e n\u00e3o por este C. \u00d3rg\u00e3o Especial\u201d.<\/span><\/p>\n<p style=\"text-align: justify;\"><span style=\"font-family: arial, helvetica, sans-serif;\">Isso significa que os desembargadores consideram o decreto como norma secund\u00e1ria, que regulamenta uma lei e, portanto, a quest\u00e3o deve ser resolvida no exame da legalidade e n\u00e3o da constitucionalidade. Por unanimidade, o \u00d3rg\u00e3o Especial n\u00e3o conheceu da argui\u00e7\u00e3o de inconstitucionalidade e determinou o retorno dos autos \u00e0 13\u00aa C\u00e2mara de Direito P\u00fablico para continuidade do julgamento. A decis\u00e3o sobre a legalidade, ou n\u00e3o, do Decreto Estadual 63.099\/17 ficar\u00e1 a cargo da C\u00e2mara origin\u00e1ria.<\/span><\/p>\n<p style=\"text-align: justify;\"><span style=\"font-family: arial, helvetica, sans-serif;\"><strong>Fonte: CONSULTOR JURIDICO \u2013 T\u00e1bata Viapiana<\/strong><\/span><\/p>\n","protected":false},"excerpt":{"rendered":"<p>O \u00d3rg\u00e3o Especial do Tribunal de Justi\u00e7a de S\u00e3o Paulo [&hellip;]<\/p>\n","protected":false},"author":6,"featured_media":0,"comment_status":"closed","ping_status":"open","sticky":false,"template":"","format":"standard","meta":{"jetpack_post_was_ever_published":false,"_jetpack_newsletter_access":"","_jetpack_dont_email_post_to_subs":false,"_jetpack_newsletter_tier_id":0,"_jetpack_memberships_contains_paywalled_content":false,"footnotes":"","_jetpack_memberships_contains_paid_content":false,"jetpack_publicize_message":"","jetpack_publicize_feature_enabled":true,"jetpack_social_post_already_shared":true,"jetpack_social_options":{"image_generator_settings":{"template":"highway","enabled":false}}},"categories":[2],"tags":[],"jetpack_publicize_connections":[],"jetpack_featured_media_url":"","jetpack_sharing_enabled":true,"jetpack_shortlink":"https:\/\/wp.me\/paFpWR-12A","_links":{"self":[{"href":"https:\/\/bonettiassociados.com.br\/index.php\/wp-json\/wp\/v2\/posts\/4004"}],"collection":[{"href":"https:\/\/bonettiassociados.com.br\/index.php\/wp-json\/wp\/v2\/posts"}],"about":[{"href":"https:\/\/bonettiassociados.com.br\/index.php\/wp-json\/wp\/v2\/types\/post"}],"author":[{"embeddable":true,"href":"https:\/\/bonettiassociados.com.br\/index.php\/wp-json\/wp\/v2\/users\/6"}],"replies":[{"embeddable":true,"href":"https:\/\/bonettiassociados.com.br\/index.php\/wp-json\/wp\/v2\/comments?post=4004"}],"version-history":[{"count":1,"href":"https:\/\/bonettiassociados.com.br\/index.php\/wp-json\/wp\/v2\/posts\/4004\/revisions"}],"predecessor-version":[{"id":4005,"href":"https:\/\/bonettiassociados.com.br\/index.php\/wp-json\/wp\/v2\/posts\/4004\/revisions\/4005"}],"wp:attachment":[{"href":"https:\/\/bonettiassociados.com.br\/index.php\/wp-json\/wp\/v2\/media?parent=4004"}],"wp:term":[{"taxonomy":"category","embeddable":true,"href":"https:\/\/bonettiassociados.com.br\/index.php\/wp-json\/wp\/v2\/categories?post=4004"},{"taxonomy":"post_tag","embeddable":true,"href":"https:\/\/bonettiassociados.com.br\/index.php\/wp-json\/wp\/v2\/tags?post=4004"}],"curies":[{"name":"wp","href":"https:\/\/api.w.org\/{rel}","templated":true}]}}