{"id":4000,"date":"2019-08-19T13:07:45","date_gmt":"2019-08-19T16:07:45","guid":{"rendered":"http:\/\/bonettiassociados.com.br\/?p=4000"},"modified":"2019-08-19T13:07:45","modified_gmt":"2019-08-19T16:07:45","slug":"receita-altera-regras-de-obrigatoriedade-de-entrega-da-dctfweb","status":"publish","type":"post","link":"https:\/\/bonettiassociados.com.br\/index.php\/2019\/08\/19\/receita-altera-regras-de-obrigatoriedade-de-entrega-da-dctfweb\/","title":{"rendered":"RECEITA ALTERA REGRAS DE OBRIGATORIEDADE DE ENTREGA DA DCTFWEB"},"content":{"rendered":"<p style=\"text-align: justify;\"><span style=\"font-family: arial, helvetica, sans-serif;\">Instru\u00e7\u00e3o Normativa 1906, publicada no DOU, adia a entrega da DCTFWeb para o grupo 3.<\/span><!--more--><\/p>\n<p style=\"text-align: justify;\"><span style=\"font-family: arial, helvetica, sans-serif;\">O Di\u00e1rio Oficial da Uni\u00e3o publicou na tarde desta quinta-feira, 15, a Instru\u00e7\u00e3o Normativa 1906 que altera regras relativas \u00e0 Declara\u00e7\u00e3o de D\u00e9bitos e Cr\u00e9ditos Tribut\u00e1rios Federais Previdenci\u00e1rios e de Outras Entidades e Fundos, a DCTFWeb.<\/span><\/p>\n<p style=\"text-align: justify;\"><span style=\"font-family: arial, helvetica, sans-serif;\">A norma adia a data de entrega da DCTFWeb para os integrantes do grupo 3. De acordo com o cronograma, o documento deveria ser entregue em outubro de 2019. No entanto, a IN divulgou que uma nova data ser\u00e1 estabelecida e publicada em breve.<\/span><\/p>\n<p style=\"text-align: justify;\"><span style=\"font-family: arial, helvetica, sans-serif;\">Enquadram-se no grupo 3 da DCTFWeb as empresas com faturamento inferior a R$4,8 milh\u00f5es no ano-calend\u00e1rio 2017, empresas optante pelo Simples Nacional, empregador pessoa f\u00edsica (exceto dom\u00e9stico), produtor rural PF e entidades sem fins lucrativos.<\/span><\/p>\n<p style=\"text-align: justify;\"><span style=\"font-family: arial, helvetica, sans-serif;\">Dessa forma, a declara\u00e7\u00e3o dever\u00e1 ser entregue quando os fatos geradores enumerados abaixo ocorrerem.<\/span><\/p>\n<ol style=\"text-align: justify;\">\n<li><span style=\"font-family: arial, helvetica, sans-serif;\">a) a partir do m\u00eas de agosto de 2018, para as entidades integrantes do \u201cGrupo 2 &#8211; Entidades Empresariais\u201d, do Anexo V da Instru\u00e7\u00e3o Normativa RFB n\u00ba 1.634, de 6 de maio de 2016, com faturamento no ano-calend\u00e1rio de 2016 acima de R$ 78.000.000,00 (setenta e oito milh\u00f5es de reais);<\/span><\/li>\n<li><span style=\"font-family: arial, helvetica, sans-serif;\">b) a partir do m\u00eas de abril de 2019, para as demais entidades integrantes do \u201cGrupo 2 &#8211; Entidades Empresariais\u201d, do Anexo V da Instru\u00e7\u00e3o Normativa RFB n\u00ba 1.634, de 2016, com faturamento no ano-calend\u00e1rio de 2017 acima de R$ 4.800.000,00 (quatro milh\u00f5es e oitocentos mil reais);<\/span><\/li>\n<li><span style=\"font-family: arial, helvetica, sans-serif;\">c) a partir da data a ser estabelecida em norma espec\u00edfica para os sujeitos passivos n\u00e3o enquadrados nos casos de obrigatoriedade acima previstos.<\/span><\/li>\n<\/ol>\n<p style=\"text-align: justify;\"><span style=\"font-family: arial, helvetica, sans-serif;\">Os sujeitos passivos que optaram antecipadamente pela utiliza\u00e7\u00e3o do Sistema de Escritura\u00e7\u00e3o Digital das Obriga\u00e7\u00f5es Fiscais, Previdenci\u00e1rias e Trabalhistas (eSocial) na forma especificada no \u00a7 3\u00ba do art. 2\u00ba da Resolu\u00e7\u00e3o do Comit\u00ea Diretivo do eSocial n\u00ba 2, de 30 de agosto de 2016, devem apresentar a DCTFWeb em rela\u00e7\u00e3o \u00e0s contribui\u00e7\u00f5es previdenci\u00e1rias cujos fatos geradores ocorrerem a partir de agosto de 2018.<\/span><\/p>\n<p style=\"text-align: justify;\"><span style=\"font-family: arial, helvetica, sans-serif;\"><u>Sobre a DCTFWeb<\/u><\/span><\/p>\n<p style=\"text-align: justify;\"><span style=\"font-family: arial, helvetica, sans-serif;\">A DCTFWeb foi institu\u00edda por meio da Instru\u00e7\u00e3o Normativa RFB n\u00ba 1.787\/2018 e veio para substituir a GFIP (Guia de Recolhimento do FGTS e de Informa\u00e7\u00f5es \u00e0 Previd\u00eancia Social).<\/span><\/p>\n<p style=\"text-align: justify;\"><span style=\"font-family: arial, helvetica, sans-serif;\">\u00c9 uma declara\u00e7\u00e3o que busca relatar a Receita Federal as contribui\u00e7\u00f5es previdenci\u00e1rias feitas a terceiros, al\u00e9m de integrar as informa\u00e7\u00f5es prestadas no eSocial e na EFD-Reinf em um s\u00f3 local.<\/span><\/p>\n<p style=\"text-align: justify;\"><span style=\"font-family: arial, helvetica, sans-serif;\">Declara\u00e7\u00e3o mensal: O envio dela \u00e9 mensal e deve ser feito at\u00e9 o 15\u00ba dia \u00fatil do m\u00eas seguinte ao de ocorr\u00eancia dos fatos geradores, mas vale salientar que tamb\u00e9m existe a DCTFWeb anual e di\u00e1ria.<\/span><\/p>\n<p style=\"text-align: justify;\"><span style=\"font-family: arial, helvetica, sans-serif;\">Declara\u00e7\u00e3o Anual: nela, prestam-se informa\u00e7\u00f5es sobre os valores de 13\u00ba sal\u00e1rio pagos aos seus trabalhadores, devendo ser transmitida at\u00e9 o dia 20 de dezembro. E se o prazo final n\u00e3o for um dia \u00fatil, \u00e9 obrigat\u00f3rio envi\u00e1-la antes;<\/span><\/p>\n<p style=\"text-align: justify;\"><span style=\"font-family: arial, helvetica, sans-serif;\">Declara\u00e7\u00e3o Di\u00e1ria: s\u00e3o prestadas informa\u00e7\u00f5es sobre a receita de eventos desportivos. Ela precisa ser transmitida no m\u00e1ximo at\u00e9 o segundo dia \u00fatil que sucede o evento.<\/span><\/p>\n<p style=\"text-align: justify;\"><span style=\"font-family: arial, helvetica, sans-serif;\">Contudo, o documento precisa ser declarado em tr\u00eas momentos: mensalmente, para enviar dados sobre contribui\u00e7\u00f5es previdenci\u00e1rias; uma vez ao ano, ao enviar a declara\u00e7\u00e3o anual em dezembro, relatando a quantia paga para o 13\u00ba sal\u00e1rio de cada um dos trabalhadores; ou em um dia espec\u00edfico, caso seja realizado um espet\u00e1culo esportivo em determinada data pr\u00e9-determinada. Uma vez que j\u00e1 se tem claro quando enviar esta declara\u00e7\u00e3o, \u00e9 essencial saber quem precisa se declarar a Receita.<\/span><\/p>\n<p style=\"text-align: justify;\"><span style=\"font-family: arial, helvetica, sans-serif;\"><strong>Fonte: CONT\u00c1BEIS \u2013 Danielle Nader<\/strong><\/span><\/p>\n","protected":false},"excerpt":{"rendered":"<p>Instru\u00e7\u00e3o Normativa 1906, publicada no DOU, adia a entrega da [&hellip;]<\/p>\n","protected":false},"author":6,"featured_media":0,"comment_status":"closed","ping_status":"open","sticky":false,"template":"","format":"standard","meta":{"jetpack_post_was_ever_published":false,"_jetpack_newsletter_access":"","_jetpack_dont_email_post_to_subs":false,"_jetpack_newsletter_tier_id":0,"_jetpack_memberships_contains_paywalled_content":false,"footnotes":"","_jetpack_memberships_contains_paid_content":false,"jetpack_publicize_message":"","jetpack_publicize_feature_enabled":true,"jetpack_social_post_already_shared":true,"jetpack_social_options":{"image_generator_settings":{"template":"highway","enabled":false}}},"categories":[2],"tags":[],"jetpack_publicize_connections":[],"jetpack_featured_media_url":"","jetpack_sharing_enabled":true,"jetpack_shortlink":"https:\/\/wp.me\/paFpWR-12w","_links":{"self":[{"href":"https:\/\/bonettiassociados.com.br\/index.php\/wp-json\/wp\/v2\/posts\/4000"}],"collection":[{"href":"https:\/\/bonettiassociados.com.br\/index.php\/wp-json\/wp\/v2\/posts"}],"about":[{"href":"https:\/\/bonettiassociados.com.br\/index.php\/wp-json\/wp\/v2\/types\/post"}],"author":[{"embeddable":true,"href":"https:\/\/bonettiassociados.com.br\/index.php\/wp-json\/wp\/v2\/users\/6"}],"replies":[{"embeddable":true,"href":"https:\/\/bonettiassociados.com.br\/index.php\/wp-json\/wp\/v2\/comments?post=4000"}],"version-history":[{"count":1,"href":"https:\/\/bonettiassociados.com.br\/index.php\/wp-json\/wp\/v2\/posts\/4000\/revisions"}],"predecessor-version":[{"id":4001,"href":"https:\/\/bonettiassociados.com.br\/index.php\/wp-json\/wp\/v2\/posts\/4000\/revisions\/4001"}],"wp:attachment":[{"href":"https:\/\/bonettiassociados.com.br\/index.php\/wp-json\/wp\/v2\/media?parent=4000"}],"wp:term":[{"taxonomy":"category","embeddable":true,"href":"https:\/\/bonettiassociados.com.br\/index.php\/wp-json\/wp\/v2\/categories?post=4000"},{"taxonomy":"post_tag","embeddable":true,"href":"https:\/\/bonettiassociados.com.br\/index.php\/wp-json\/wp\/v2\/tags?post=4000"}],"curies":[{"name":"wp","href":"https:\/\/api.w.org\/{rel}","templated":true}]}}