{"id":3994,"date":"2019-08-19T13:03:00","date_gmt":"2019-08-19T16:03:00","guid":{"rendered":"http:\/\/bonettiassociados.com.br\/?p=3994"},"modified":"2019-08-19T13:03:00","modified_gmt":"2019-08-19T16:03:00","slug":"pensao-alimenticia-tributacao-e-deducao","status":"publish","type":"post","link":"https:\/\/bonettiassociados.com.br\/index.php\/2019\/08\/19\/pensao-alimenticia-tributacao-e-deducao\/","title":{"rendered":"PENS\u00c3O ALIMENT\u00cdCIA &#8211; TRIBUTA\u00c7\u00c3O E DEDU\u00c7\u00c3O"},"content":{"rendered":"<p style=\"text-align: justify;\"><span style=\"font-family: arial, helvetica, sans-serif;\">A pens\u00e3o aliment\u00edcia \u00e9 a import\u00e2ncia que, nos casos previstos na lei civil, uma pessoa deve pagar, periodicamente, ao ex-c\u00f4njuge ou a parentes, para prover a subsist\u00eancia desses, segundo as possibilidades do prestador.<\/span><!--more--><\/p>\n<p style=\"text-align: justify;\"><span style=\"font-family: arial, helvetica, sans-serif;\">A pens\u00e3o aliment\u00edcia \u00e9 a import\u00e2ncia que, nos casos previstos na lei civil, uma pessoa deve pagar, periodicamente, ao ex-c\u00f4njuge ou a parentes, para prover a subsist\u00eancia desses, segundo as possibilidades do prestador e as necessidades do benefici\u00e1rio.<\/span><\/p>\n<p style=\"text-align: justify;\"><span style=\"font-family: arial, helvetica, sans-serif;\">Os alimentos provisionais s\u00e3o as import\u00e2ncias que o juiz determina que sejam pagas de forma provis\u00f3ria pelo alimentante para a manuten\u00e7\u00e3o do alimentado durante o processo judicial de separa\u00e7\u00e3o, div\u00f3rcio ou anula\u00e7\u00e3o de casamento.<\/span><\/p>\n<p style=\"text-align: justify;\"><span style=\"font-family: arial, helvetica, sans-serif;\">Tratamento fiscal de quem paga a pens\u00e3o<\/span><\/p>\n<p style=\"text-align: justify;\"><span style=\"font-family: arial, helvetica, sans-serif;\">Dedu\u00e7\u00e3o da base de c\u00e1lculo<\/span><\/p>\n<p style=\"text-align: justify;\"><span style=\"font-family: arial, helvetica, sans-serif;\">A pessoa f\u00edsica, para efeito de determina\u00e7\u00e3o da base de c\u00e1lculo mensal do Imposto de Renda, poder\u00e1 deduzir as import\u00e2ncias pagas a t\u00edtulo de pens\u00e3o aliment\u00edcia em face das normas do Direito de Fam\u00edlia, quando em cumprimento de decis\u00e3o judicial ou acordo homologado judicialmente, inclusive a presta\u00e7\u00e3o de alimentos provisionais, de acordo homologado judicialmente ou de escritura p\u00fablica lavrada nos termos dos artigos 731 a 733 do CPC\/2015.<\/span><\/p>\n<p style=\"text-align: justify;\"><span style=\"font-family: arial, helvetica, sans-serif;\">RESTRI\u00c7\u00c3O<\/span><\/p>\n<p style=\"text-align: justify;\"><span style=\"font-family: arial, helvetica, sans-serif;\">As quantias pagas decorrentes de senten\u00e7a judicial para cobertura de despesas m\u00e9dicas e com instru\u00e7\u00e3o, destacadas da pens\u00e3o, s\u00e3o dedut\u00edveis sob a forma de despesas m\u00e9dicas e despesas com instru\u00e7\u00e3o dos alimentandos, desde que obedecidos os requisitos e limites legais.<\/span><\/p>\n<p style=\"text-align: justify;\"><span style=\"font-family: arial, helvetica, sans-serif;\">Os demais valores estipulados na senten\u00e7a, tais como alugu\u00e9is, condom\u00ednio, transporte, previd\u00eancia privada, n\u00e3o s\u00e3o dedut\u00edveis.<\/span><\/p>\n<p style=\"text-align: justify;\"><span style=\"font-family: arial, helvetica, sans-serif;\">As pens\u00f5es pagas por liberalidade n\u00e3o s\u00e3o dedut\u00edveis por falta de previs\u00e3o legal.<\/span><\/p>\n<p style=\"text-align: justify;\"><span style=\"font-family: arial, helvetica, sans-serif;\">Tratamento Fiscal no Benefici\u00e1rio do Rendimento<\/span><\/p>\n<p style=\"text-align: justify;\"><span style=\"font-family: arial, helvetica, sans-serif;\">Tributa\u00e7\u00e3o Mensal no Carn\u00ea-le\u00e3o<\/span><\/p>\n<p style=\"text-align: justify;\"><span style=\"font-family: arial, helvetica, sans-serif;\">As import\u00e2ncias recebidas a t\u00edtulo de pens\u00e3o aliment\u00edcia, inclusive alimentos provisionais, em cumprimento de acordo ou decis\u00e3o judicial, sujeitam-se \u00e0 tributa\u00e7\u00e3o mensal na forma do carn\u00ea-le\u00e3o.<\/span><\/p>\n<p style=\"text-align: justify;\"><span style=\"font-family: arial, helvetica, sans-serif;\">Isto quer dizer que quando o valor da pens\u00e3o for descontado em folha de pagamento e repassado ao benefici\u00e1rio, n\u00e3o fica sujeito \u00e0 incid\u00eancia do Imposto de Renda, uma vez que o imposto deve ser calculado e pago pelo pr\u00f3prio benefici\u00e1rio do rendimento (ADN Cosit n\u00ba 11\/93).<\/span><\/p>\n<p style=\"text-align: justify;\"><strong><span style=\"font-family: arial, helvetica, sans-serif;\">Fonte: CONT\u00c1BEIS<\/span> <\/strong><\/p>\n","protected":false},"excerpt":{"rendered":"<p>A pens\u00e3o aliment\u00edcia \u00e9 a import\u00e2ncia que, nos casos previstos [&hellip;]<\/p>\n","protected":false},"author":6,"featured_media":0,"comment_status":"closed","ping_status":"open","sticky":false,"template":"","format":"standard","meta":{"jetpack_post_was_ever_published":false,"_jetpack_newsletter_access":"","_jetpack_dont_email_post_to_subs":false,"_jetpack_newsletter_tier_id":0,"_jetpack_memberships_contains_paywalled_content":false,"footnotes":"","_jetpack_memberships_contains_paid_content":false,"jetpack_publicize_message":"","jetpack_publicize_feature_enabled":true,"jetpack_social_post_already_shared":true,"jetpack_social_options":{"image_generator_settings":{"template":"highway","enabled":false}}},"categories":[2],"tags":[],"jetpack_publicize_connections":[],"jetpack_featured_media_url":"","jetpack_sharing_enabled":true,"jetpack_shortlink":"https:\/\/wp.me\/paFpWR-12q","_links":{"self":[{"href":"https:\/\/bonettiassociados.com.br\/index.php\/wp-json\/wp\/v2\/posts\/3994"}],"collection":[{"href":"https:\/\/bonettiassociados.com.br\/index.php\/wp-json\/wp\/v2\/posts"}],"about":[{"href":"https:\/\/bonettiassociados.com.br\/index.php\/wp-json\/wp\/v2\/types\/post"}],"author":[{"embeddable":true,"href":"https:\/\/bonettiassociados.com.br\/index.php\/wp-json\/wp\/v2\/users\/6"}],"replies":[{"embeddable":true,"href":"https:\/\/bonettiassociados.com.br\/index.php\/wp-json\/wp\/v2\/comments?post=3994"}],"version-history":[{"count":1,"href":"https:\/\/bonettiassociados.com.br\/index.php\/wp-json\/wp\/v2\/posts\/3994\/revisions"}],"predecessor-version":[{"id":3995,"href":"https:\/\/bonettiassociados.com.br\/index.php\/wp-json\/wp\/v2\/posts\/3994\/revisions\/3995"}],"wp:attachment":[{"href":"https:\/\/bonettiassociados.com.br\/index.php\/wp-json\/wp\/v2\/media?parent=3994"}],"wp:term":[{"taxonomy":"category","embeddable":true,"href":"https:\/\/bonettiassociados.com.br\/index.php\/wp-json\/wp\/v2\/categories?post=3994"},{"taxonomy":"post_tag","embeddable":true,"href":"https:\/\/bonettiassociados.com.br\/index.php\/wp-json\/wp\/v2\/tags?post=3994"}],"curies":[{"name":"wp","href":"https:\/\/api.w.org\/{rel}","templated":true}]}}