{"id":3992,"date":"2019-08-19T13:01:16","date_gmt":"2019-08-19T16:01:16","guid":{"rendered":"http:\/\/bonettiassociados.com.br\/?p=3992"},"modified":"2019-08-19T13:01:16","modified_gmt":"2019-08-19T16:01:16","slug":"deducoes-de-despesas-medicas-do-ir-terao-teto-de-renda-diz-cintra","status":"publish","type":"post","link":"https:\/\/bonettiassociados.com.br\/index.php\/2019\/08\/19\/deducoes-de-despesas-medicas-do-ir-terao-teto-de-renda-diz-cintra\/","title":{"rendered":"DEDU\u00c7\u00d5ES DE DESPESAS M\u00c9DICAS DO IR TER\u00c3O TETO DE RENDA, DIZ CINTRA"},"content":{"rendered":"<p style=\"text-align: justify;\"><span style=\"font-family: arial, helvetica, sans-serif;\">O secret\u00e1rio da Receita Federal, Marcos Cintra, afirmou nesta segunda-feira, 12, que o governo pretende estabelecer um teto de renda para que os brasileiros possam ter acesso \u00e0 dedutibilidade de despesas m\u00e9dicas na declara\u00e7\u00e3o do Imposto.<\/span><!--more--><\/p>\n<p style=\"text-align: justify;\"><span style=\"font-family: arial, helvetica, sans-serif;\">Dedu\u00e7\u00f5es de despesas m\u00e9dicas do IR ter\u00e3o teto de renda, diz Cintra<\/span><\/p>\n<p style=\"text-align: justify;\"><span style=\"font-family: arial, helvetica, sans-serif;\">O secret\u00e1rio da Receita Federal, Marcos Cintra, afirmou nesta segunda-feira, 12, que o governo pretende estabelecer um teto de renda para que os brasileiros possam ter acesso \u00e0 dedutibilidade de despesas m\u00e9dicas na declara\u00e7\u00e3o do Imposto de Renda para Pessoas F\u00edsicas (IRPF) , na proposta de reforma tribut\u00e1ria que est\u00e1 sendo elaborada pela equipe econ\u00f4mica.<\/span><\/p>\n<p style=\"text-align: justify;\"><span style=\"font-family: arial, helvetica, sans-serif;\">\u201cO que n\u00f3s pretendemos, no que diz respeito a dedu\u00e7\u00f5es m\u00e9dicas no IR, \u00e9 estabelecer um teto\u201d, disse. \u201cHoje existe um benef\u00edcio excessivo a fam\u00edlias de alta renda, que usa medicina particular e n\u00e3o usa o SUS. O grosso da popula\u00e7\u00e3o usa o SUS e n\u00e3o tem nenhuma dedu\u00e7\u00e3o\u201d, afirmou. \u201cVamos estabelecer um teto que seja justo, e n\u00e3o d\u00ea excesso de privil\u00e9gios e benef\u00edcios \u00e0queles que n\u00e3o precisam\u201d, acrescentou.<\/span><\/p>\n<p style=\"text-align: justify;\"><span style=\"font-family: arial, helvetica, sans-serif;\">Dedu\u00e7\u00f5es de despesas m\u00e9dicas do IR ter\u00e3o teto de renda, diz Cintra<\/span><\/p>\n<p style=\"text-align: justify;\"><span style=\"font-family: arial, helvetica, sans-serif;\">Cintra, que encerrou h\u00e1 pouco participa\u00e7\u00e3o em evento da Associa\u00e7\u00e3o Comercial de S\u00e3o Paulo (ACSP), tamb\u00e9m comentou a proposta de cria\u00e7\u00e3o de um tributo sobre pagamentos, para substituir o tributo sobre folha e financiar a Previd\u00eancia. Segundo ele, a substitui\u00e7\u00e3o aumentaria em 30% a base de arrecada\u00e7\u00e3o, porque a Receita estima que h\u00e1 R$ 400 bilh\u00f5es de recursos que s\u00e3o sonegados, diante de uma arrecada\u00e7\u00e3o prevista de R$ 1,4 trilh\u00e3o.<\/span><\/p>\n<p style=\"text-align: justify;\"><span style=\"font-family: arial, helvetica, sans-serif;\">\u201cUm tributo sobre pagamento com uma al\u00edquota pequena trar\u00e1 benef\u00edcios muito maiores e malef\u00edcios muito menores do que um tributo convencional com uma al\u00edquota gigantesca\u201d, disse.<\/span><\/p>\n<p style=\"text-align: justify;\"><span style=\"font-family: arial, helvetica, sans-serif;\"><strong>Fonte: CONT\u00c1BEIS<\/strong><\/span><\/p>\n","protected":false},"excerpt":{"rendered":"<p>O secret\u00e1rio da Receita Federal, Marcos Cintra, afirmou nesta segunda-feira, [&hellip;]<\/p>\n","protected":false},"author":6,"featured_media":0,"comment_status":"closed","ping_status":"open","sticky":false,"template":"","format":"standard","meta":{"jetpack_post_was_ever_published":false,"_jetpack_newsletter_access":"","_jetpack_dont_email_post_to_subs":false,"_jetpack_newsletter_tier_id":0,"_jetpack_memberships_contains_paywalled_content":false,"footnotes":"","_jetpack_memberships_contains_paid_content":false,"jetpack_publicize_message":"","jetpack_publicize_feature_enabled":true,"jetpack_social_post_already_shared":true,"jetpack_social_options":{"image_generator_settings":{"template":"highway","enabled":false}}},"categories":[2],"tags":[],"jetpack_publicize_connections":[],"jetpack_featured_media_url":"","jetpack_sharing_enabled":true,"jetpack_shortlink":"https:\/\/wp.me\/paFpWR-12o","_links":{"self":[{"href":"https:\/\/bonettiassociados.com.br\/index.php\/wp-json\/wp\/v2\/posts\/3992"}],"collection":[{"href":"https:\/\/bonettiassociados.com.br\/index.php\/wp-json\/wp\/v2\/posts"}],"about":[{"href":"https:\/\/bonettiassociados.com.br\/index.php\/wp-json\/wp\/v2\/types\/post"}],"author":[{"embeddable":true,"href":"https:\/\/bonettiassociados.com.br\/index.php\/wp-json\/wp\/v2\/users\/6"}],"replies":[{"embeddable":true,"href":"https:\/\/bonettiassociados.com.br\/index.php\/wp-json\/wp\/v2\/comments?post=3992"}],"version-history":[{"count":1,"href":"https:\/\/bonettiassociados.com.br\/index.php\/wp-json\/wp\/v2\/posts\/3992\/revisions"}],"predecessor-version":[{"id":3993,"href":"https:\/\/bonettiassociados.com.br\/index.php\/wp-json\/wp\/v2\/posts\/3992\/revisions\/3993"}],"wp:attachment":[{"href":"https:\/\/bonettiassociados.com.br\/index.php\/wp-json\/wp\/v2\/media?parent=3992"}],"wp:term":[{"taxonomy":"category","embeddable":true,"href":"https:\/\/bonettiassociados.com.br\/index.php\/wp-json\/wp\/v2\/categories?post=3992"},{"taxonomy":"post_tag","embeddable":true,"href":"https:\/\/bonettiassociados.com.br\/index.php\/wp-json\/wp\/v2\/tags?post=3992"}],"curies":[{"name":"wp","href":"https:\/\/api.w.org\/{rel}","templated":true}]}}