{"id":3984,"date":"2019-08-19T12:47:41","date_gmt":"2019-08-19T15:47:41","guid":{"rendered":"http:\/\/bonettiassociados.com.br\/?p=3984"},"modified":"2019-08-19T12:47:41","modified_gmt":"2019-08-19T15:47:41","slug":"sonegacao-de-icms-de-combustiveis-atinge-r-72-bi-em-2019-diz-estudo","status":"publish","type":"post","link":"https:\/\/bonettiassociados.com.br\/index.php\/2019\/08\/19\/sonegacao-de-icms-de-combustiveis-atinge-r-72-bi-em-2019-diz-estudo\/","title":{"rendered":"SONEGA\u00c7\u00c3O DE ICMS DE COMBUST\u00cdVEIS ATINGE R$ 7,2 BI EM 2019, DIZ ESTUDO"},"content":{"rendered":"<p style=\"text-align: justify;\"><span style=\"font-family: arial, helvetica, sans-serif;\">C\u00e1lculos da Funda\u00e7\u00e3o Getulio Vargas (FGV) encomendados pela Associa\u00e7\u00e3o Nacional das Distribuidoras de Combust\u00edveis, Lubrificantes, Log\u00edstica e Conveni\u00eancia (Plural) mostram que, pelo menos, R$ 7,2 bilh\u00f5es deixaram de ser arrecadados pela Uni\u00e3o e pelos Estados no ano passado por conta de sonega\u00e7\u00e3o e inadimpl\u00eancia no setor de combust\u00edveis.<\/span><!--more--><\/p>\n<p style=\"text-align: justify;\"><span style=\"font-family: arial, helvetica, sans-serif;\">Para chegar ao n\u00edvel, a FGV estimou que o potencial de arrecada\u00e7\u00e3o dos Estados com o Imposto sobre Circula\u00e7\u00e3o de Mercadorias e Servi\u00e7os (ICMS) sobre as vendas de combust\u00edveis foi de R$ 95,1 bilh\u00f5es em 2018, mas a arrecada\u00e7\u00e3o efetiva foi de R$ 89,8 bilh\u00f5es \u2014 ou seja, 5,6% deixou de ser arrecadado no per\u00edodo.<\/span><\/p>\n<p style=\"text-align: justify;\"><span style=\"font-family: arial, helvetica, sans-serif;\">Sobre esse c\u00e1lculo, a Plural acrescentou outras formas de perdas de arrecada\u00e7\u00e3o recorrentes no setor, como o n\u00e3o recolhimento de ICMS de combust\u00edveis nas divisas entre os Estados (cerca de R$ 500 milh\u00f5es), a inadimpl\u00eancia de PIS\/Cofins (cerca de R$ 1 bilh\u00e3o) e adultera\u00e7\u00e3o (R$ 400 milh\u00f5es).<\/span><\/p>\n<p style=\"text-align: justify;\"><span style=\"font-family: arial, helvetica, sans-serif;\">\u201cAl\u00e9m da perda de arrecada\u00e7\u00e3o de impostos por Uni\u00e3o e Estados, essa sonega\u00e7\u00e3o e inadimpl\u00eancia provoca uma competi\u00e7\u00e3o predat\u00f3ria entre as empresas\u201d, disse Helvio Rebeschini, diretor de Planejamento Estrat\u00e9gico e Mercado da Plural, ao apresentar os resultados da pesquisa nesta sexta-feira (16).<\/span><\/p>\n<p style=\"text-align: justify;\"><span style=\"font-family: arial, helvetica, sans-serif;\">Rebeschini diz que a maior parte da sonega\u00e7\u00e3o est\u00e1 concentrada no setor de etanol hidratado (R$ 4,9 bilh\u00f5es). Isso ocorre porque o recolhimento de impostos no segmento n\u00e3o est\u00e1 concentrado na produ\u00e7\u00e3o e importa\u00e7\u00e3o, diferentemente da gasolina. \u201cO etanol tem recolhimento na distribui\u00e7\u00e3o, que \u00e9 a fase com mais sonega\u00e7\u00e3o\u201d, disse.<\/span><\/p>\n<p style=\"text-align: justify;\"><span style=\"font-family: arial, helvetica, sans-serif;\">Segundo Rebeschini, muitos sonegadores s\u00e3o costumazes e conhecidos. O esquema de sonega\u00e7\u00e3o envolve, geralmente, uma empresa laranja que atua como intermediadora. Essa empresa compra combust\u00edvel da usina, n\u00e3o recolhe o imposto e vende o produto para uma outra distribuidora, que leva o produto ao posto.<\/span><\/p>\n<p style=\"text-align: justify;\"><span style=\"font-family: arial, helvetica, sans-serif;\">Para combater as fraudes, a Plural e outras entidades mant\u00eam o movimento Combust\u00edvel Legal, que pede uma s\u00e9rie de medidas como a simplifica\u00e7\u00e3o da carga tribut\u00e1ria, combate ao devedor costumaz de tributos e maior assertividade e fiscaliza\u00e7\u00e3o das empresas, al\u00e9m de leis severas para roubo de cargas.<\/span><\/p>\n<p style=\"text-align: justify;\"><span style=\"font-family: arial, helvetica, sans-serif;\"><strong>Fonte: VALOR ECONOMICO \u2013 Bruno Villas Boas<\/strong><\/span><\/p>\n","protected":false},"excerpt":{"rendered":"<p>C\u00e1lculos da Funda\u00e7\u00e3o Getulio Vargas (FGV) encomendados pela Associa\u00e7\u00e3o Nacional [&hellip;]<\/p>\n","protected":false},"author":6,"featured_media":0,"comment_status":"closed","ping_status":"open","sticky":false,"template":"","format":"standard","meta":{"jetpack_post_was_ever_published":false,"_jetpack_newsletter_access":"","_jetpack_dont_email_post_to_subs":false,"_jetpack_newsletter_tier_id":0,"_jetpack_memberships_contains_paywalled_content":false,"footnotes":"","_jetpack_memberships_contains_paid_content":false,"jetpack_publicize_message":"","jetpack_publicize_feature_enabled":true,"jetpack_social_post_already_shared":true,"jetpack_social_options":{"image_generator_settings":{"template":"highway","enabled":false}}},"categories":[2],"tags":[],"jetpack_publicize_connections":[],"jetpack_featured_media_url":"","jetpack_sharing_enabled":true,"jetpack_shortlink":"https:\/\/wp.me\/paFpWR-12g","_links":{"self":[{"href":"https:\/\/bonettiassociados.com.br\/index.php\/wp-json\/wp\/v2\/posts\/3984"}],"collection":[{"href":"https:\/\/bonettiassociados.com.br\/index.php\/wp-json\/wp\/v2\/posts"}],"about":[{"href":"https:\/\/bonettiassociados.com.br\/index.php\/wp-json\/wp\/v2\/types\/post"}],"author":[{"embeddable":true,"href":"https:\/\/bonettiassociados.com.br\/index.php\/wp-json\/wp\/v2\/users\/6"}],"replies":[{"embeddable":true,"href":"https:\/\/bonettiassociados.com.br\/index.php\/wp-json\/wp\/v2\/comments?post=3984"}],"version-history":[{"count":1,"href":"https:\/\/bonettiassociados.com.br\/index.php\/wp-json\/wp\/v2\/posts\/3984\/revisions"}],"predecessor-version":[{"id":3985,"href":"https:\/\/bonettiassociados.com.br\/index.php\/wp-json\/wp\/v2\/posts\/3984\/revisions\/3985"}],"wp:attachment":[{"href":"https:\/\/bonettiassociados.com.br\/index.php\/wp-json\/wp\/v2\/media?parent=3984"}],"wp:term":[{"taxonomy":"category","embeddable":true,"href":"https:\/\/bonettiassociados.com.br\/index.php\/wp-json\/wp\/v2\/categories?post=3984"},{"taxonomy":"post_tag","embeddable":true,"href":"https:\/\/bonettiassociados.com.br\/index.php\/wp-json\/wp\/v2\/tags?post=3984"}],"curies":[{"name":"wp","href":"https:\/\/api.w.org\/{rel}","templated":true}]}}