{"id":3904,"date":"2019-08-13T10:18:56","date_gmt":"2019-08-13T13:18:56","guid":{"rendered":"http:\/\/bonettiassociados.com.br\/?p=3904"},"modified":"2019-08-13T10:18:56","modified_gmt":"2019-08-13T13:18:56","slug":"senado-proibe-exclusao-de-empresas-adimplentes-do-refis","status":"publish","type":"post","link":"https:\/\/bonettiassociados.com.br\/index.php\/2019\/08\/13\/senado-proibe-exclusao-de-empresas-adimplentes-do-refis\/","title":{"rendered":"SENADO PRO\u00cdBE EXCLUS\u00c3O DE EMPRESAS ADIMPLENTES DO REFIS"},"content":{"rendered":"<p style=\"text-align: justify;\"><span style=\"font-family: arial, helvetica, sans-serif;\">Projeto define a imunidade \u00e0 exclus\u00e3o do Refis quando as parcelas mensais de pagamento forem inferiores a 180 avos do valor total da d\u00edvida.<\/span><!--more--><\/p>\n<p style=\"text-align: justify;\"><span style=\"font-family: arial, helvetica, sans-serif;\">O Senado Federal aprovou projeto que pro\u00edbe a exclus\u00e3o de empresas adimplentes e de boa f\u00e9 do Programa de Recupera\u00e7\u00e3o Fiscal. A regra vale mesmo que as parcelas pagas pelas pessoas jur\u00eddicas n\u00e3o sejam consideradas suficientes para amortizar a d\u00edvida com a Uni\u00e3o.<\/span><\/p>\n<p style=\"text-align: justify;\"><span style=\"font-family: arial, helvetica, sans-serif;\">Tramita\u00e7\u00e3o Refis<\/span><\/p>\n<p style=\"text-align: justify;\"><span style=\"font-family: arial, helvetica, sans-serif;\">C\u00e2mara<\/span><\/p>\n<p style=\"text-align: justify;\"><span style=\"font-family: arial, helvetica, sans-serif;\">Inicialmente, o projeto de autoria do Deputado Federal Jutahy Junior determinava que as pessoas jur\u00eddicas que estejam com as parcelas em dia n\u00e3o sejam exclu\u00eddas do Refis, mesmo que essas parcelas mensais sejam consideradas de pequeno valor.<\/span><\/p>\n<p style=\"text-align: justify;\"><span style=\"font-family: arial, helvetica, sans-serif;\">De acordo com o texto, essas empresas permaneceriam como devedoras at\u00e9 o total pagamento da d\u00edvida, independentemente do n\u00famero de parcelas. O projeto foi aprovado na C\u00e2mara em agosto de 2018.<\/span><\/p>\n<p style=\"text-align: justify;\"><span style=\"font-family: arial, helvetica, sans-serif;\">Senado<\/span><\/p>\n<p style=\"text-align: justify;\"><span style=\"font-family: arial, helvetica, sans-serif;\">No entanto, no Senado, o relator Rodrigo Pacheco acrescentou uma emenda que altera o texto original. Ela define a imunidade \u00e0 exclus\u00e3o do Refis quando as parcelas mensais de pagamento forem inferiores a 180 avos do valor total da d\u00edvida.<\/span><\/p>\n<p style=\"text-align: justify;\"><span style=\"font-family: arial, helvetica, sans-serif;\">Para ele, a proposta pretende restabelecer a seguran\u00e7a jur\u00eddica para as empresas que aderiram ao Refis na esperan\u00e7a de poderem negociar seus d\u00e9bitos junto \u00e0 Uni\u00e3o e, assim, reconquistarem a regularidade fiscal para o exerc\u00edcio de suas atividades.<\/span><\/p>\n<p style=\"text-align: justify;\"><span style=\"font-family: arial, helvetica, sans-serif;\">O PLC retornar\u00e1 para an\u00e1lise da C\u00e2mara dos Deputados devido \u00e0 aprova\u00e7\u00e3o de emenda.<\/span><\/p>\n<p style=\"text-align: justify;\"><span style=\"font-family: arial, helvetica, sans-serif;\">Sobre o Refis<\/span><\/p>\n<p style=\"text-align: justify;\"><span style=\"font-family: arial, helvetica, sans-serif;\">O Refis foi institu\u00eddo pela Lei 9.964\/2000 para permitir a regulariza\u00e7\u00e3o de d\u00e9bitos com a Receita Federal, a Procuradoria Geral da Fazenda Nacional e o Instituto Nacional do Seguro Social.<\/span><\/p>\n<p style=\"text-align: justify;\"><span style=\"font-family: arial, helvetica, sans-serif;\">De acordo com o programa, as parcelas a serem pagas s\u00e3o calculadas com base em percentuais de receita bruta mensal das empresas, sem a fixa\u00e7\u00e3o de prazo m\u00e1ximo de quita\u00e7\u00e3o da d\u00edvida. Mas a Receita come\u00e7ou a retirar contribuintes do Refis por entender que as parcelas s\u00e3o insuficientes para a amortiza\u00e7\u00e3o da d\u00edvida.<\/span><\/p>\n<p style=\"text-align: justify;\"><span style=\"font-family: arial, helvetica, sans-serif;\"><strong>FONTE: Cont\u00e1beis<\/strong><\/span><\/p>\n","protected":false},"excerpt":{"rendered":"<p>Projeto define a imunidade \u00e0 exclus\u00e3o do Refis quando as [&hellip;]<\/p>\n","protected":false},"author":6,"featured_media":0,"comment_status":"closed","ping_status":"open","sticky":false,"template":"","format":"standard","meta":{"jetpack_post_was_ever_published":false,"_jetpack_newsletter_access":"","_jetpack_dont_email_post_to_subs":false,"_jetpack_newsletter_tier_id":0,"_jetpack_memberships_contains_paywalled_content":false,"footnotes":"","_jetpack_memberships_contains_paid_content":false,"jetpack_publicize_message":"","jetpack_publicize_feature_enabled":true,"jetpack_social_post_already_shared":true,"jetpack_social_options":{"image_generator_settings":{"template":"highway","enabled":false}}},"categories":[2],"tags":[],"jetpack_publicize_connections":[],"jetpack_featured_media_url":"","jetpack_sharing_enabled":true,"jetpack_shortlink":"https:\/\/wp.me\/paFpWR-10Y","_links":{"self":[{"href":"https:\/\/bonettiassociados.com.br\/index.php\/wp-json\/wp\/v2\/posts\/3904"}],"collection":[{"href":"https:\/\/bonettiassociados.com.br\/index.php\/wp-json\/wp\/v2\/posts"}],"about":[{"href":"https:\/\/bonettiassociados.com.br\/index.php\/wp-json\/wp\/v2\/types\/post"}],"author":[{"embeddable":true,"href":"https:\/\/bonettiassociados.com.br\/index.php\/wp-json\/wp\/v2\/users\/6"}],"replies":[{"embeddable":true,"href":"https:\/\/bonettiassociados.com.br\/index.php\/wp-json\/wp\/v2\/comments?post=3904"}],"version-history":[{"count":1,"href":"https:\/\/bonettiassociados.com.br\/index.php\/wp-json\/wp\/v2\/posts\/3904\/revisions"}],"predecessor-version":[{"id":3905,"href":"https:\/\/bonettiassociados.com.br\/index.php\/wp-json\/wp\/v2\/posts\/3904\/revisions\/3905"}],"wp:attachment":[{"href":"https:\/\/bonettiassociados.com.br\/index.php\/wp-json\/wp\/v2\/media?parent=3904"}],"wp:term":[{"taxonomy":"category","embeddable":true,"href":"https:\/\/bonettiassociados.com.br\/index.php\/wp-json\/wp\/v2\/categories?post=3904"},{"taxonomy":"post_tag","embeddable":true,"href":"https:\/\/bonettiassociados.com.br\/index.php\/wp-json\/wp\/v2\/tags?post=3904"}],"curies":[{"name":"wp","href":"https:\/\/api.w.org\/{rel}","templated":true}]}}