{"id":3896,"date":"2019-08-13T10:14:05","date_gmt":"2019-08-13T13:14:05","guid":{"rendered":"http:\/\/bonettiassociados.com.br\/?p=3896"},"modified":"2019-08-13T10:14:05","modified_gmt":"2019-08-13T13:14:05","slug":"sem-bens-credor-que-desiste-de-execucao-nao-deve-pagar-sucumbencia-decide-stj","status":"publish","type":"post","link":"https:\/\/bonettiassociados.com.br\/index.php\/2019\/08\/13\/sem-bens-credor-que-desiste-de-execucao-nao-deve-pagar-sucumbencia-decide-stj\/","title":{"rendered":"SEM BENS &#8211; CREDOR QUE DESISTE DE EXECU\u00c7\u00c3O N\u00c3O DEVE PAGAR SUCUMB\u00caNCIA, DECIDE STJ"},"content":{"rendered":"<p style=\"text-align: justify;\"><span style=\"font-family: arial, helvetica, sans-serif;\">Para o relator, ministro Lu\u00eds Felipe Salom\u00e3o, n\u00e3o cabe honor\u00e1rio advocat\u00edcio em desist\u00eancia da execu\u00e7\u00e3o pelo credor.<\/span><!--more--><\/p>\n<p style=\"text-align: justify;\"><span style=\"font-family: arial, helvetica, sans-serif;\">Credor que desiste de executar d\u00edvida por falta de bens penhor\u00e1veis n\u00e3o deve pagar honor\u00e1rios de sucumb\u00eancia ao devedor. Foi o que decidiu a 4\u00aa Turma do Superior Tribunal de Justi\u00e7a em ac\u00f3rd\u00e3o publicado no dia 6 de agosto.<\/span><\/p>\n<p style=\"text-align: justify;\"><span style=\"font-family: arial, helvetica, sans-serif;\">Prevaleceu entendimento do relator, ministro Luis Felipe Salom\u00e3o. &#8220;A desist\u00eancia da execu\u00e7\u00e3o pelo credor motivada pela aus\u00eancia de bens do devedor pass\u00edveis de penhora, em raz\u00e3o dos ditames da causalidade, n\u00e3o rende ensejo \u00e0 condena\u00e7\u00e3o do exequente em honor\u00e1rios advocat\u00edcios&#8221;, disse, no voto.<\/span><\/p>\n<p style=\"text-align: justify;\"><span style=\"font-family: arial, helvetica, sans-serif;\">Nesses casos, segundo o ministro, a desist\u00eancia \u00e9 motivada por causa que n\u00e3o pode ser imputada ao credor. &#8220;Isso porque a pretens\u00e3o execut\u00f3ria acabou se tornando frustrada ap\u00f3s a confirma\u00e7\u00e3o da inexist\u00eancia de bens pass\u00edveis de penhora do devedor, deixando de haver interesse no prosseguimento da lide pela evidente inutilidade do processo&#8221;, explica.<\/span><\/p>\n<p style=\"text-align: justify;\"><span style=\"font-family: arial, helvetica, sans-serif;\">Salom\u00e3o afirma ainda que em rela\u00e7\u00e3o ao CPC\/15, a falta de bens penhor\u00e1veis na execu\u00e7\u00e3o acarreta a suspens\u00e3o do feito.<\/span><\/p>\n<p style=\"text-align: justify;\"><span style=\"font-family: arial, helvetica, sans-serif;\">&#8220;Findo o prazo de suspens\u00e3o, n\u00e3o ocorrendo a prescri\u00e7\u00e3o intercorrente e n\u00e3o se oferecendo \u00e0 penhora os tais bens &#8216;futuros&#8217;, o juiz poder\u00e1 extinguir a execu\u00e7\u00e3o infrut\u00edfera, mandando arquivar os autos decorrido o prazo de um ano&#8221;, exp\u00f5e.<\/span><\/p>\n<p style=\"text-align: justify;\"><span style=\"font-family: arial, helvetica, sans-serif;\">O relator diz tamb\u00e9m que o tema &#8220;honor\u00e1rios na atividade executiva&#8221; nunca foi pac\u00edfico no \u00e2mbito da doutrina e da jurisprud\u00eancia.<\/span><\/p>\n<p style=\"text-align: justify;\"><span style=\"font-family: arial, helvetica, sans-serif;\">&#8220;O CPC\/73, em sua reda\u00e7\u00e3o original, era omisso no ponto, acarretando intensos debates sobre as hip\u00f3teses de incid\u00eancia, como, por exemplo, o cabimento na execu\u00e7\u00e3o de t\u00edtulo judicial ou no cumprimento provis\u00f3rio de senten\u00e7a. O novo CPC foi mais cuidadoso ao tratar da quest\u00e3o ao afirmar que os honor\u00e1rios ser\u00e3o devidos no cumprimento de senten\u00e7a, provis\u00f3rio ou definitivo na execu\u00e7\u00e3o, resistida ou n\u00e3o&#8221;, diz.<\/span><\/p>\n<p style=\"text-align: justify;\"><span style=\"font-family: arial, helvetica, sans-serif;\">REsp 1.675.741<\/span><\/p>\n<p style=\"text-align: justify;\"><span style=\"font-family: arial, helvetica, sans-serif;\"><strong>FONTE: Conjur &#8211; Por Gabriela Coelho<\/strong><\/span><\/p>\n","protected":false},"excerpt":{"rendered":"<p>Para o relator, ministro Lu\u00eds Felipe Salom\u00e3o, n\u00e3o cabe honor\u00e1rio [&hellip;]<\/p>\n","protected":false},"author":6,"featured_media":0,"comment_status":"closed","ping_status":"open","sticky":false,"template":"","format":"standard","meta":{"jetpack_post_was_ever_published":false,"_jetpack_newsletter_access":"","_jetpack_dont_email_post_to_subs":false,"_jetpack_newsletter_tier_id":0,"_jetpack_memberships_contains_paywalled_content":false,"footnotes":"","_jetpack_memberships_contains_paid_content":false,"jetpack_publicize_message":"","jetpack_publicize_feature_enabled":true,"jetpack_social_post_already_shared":true,"jetpack_social_options":{"image_generator_settings":{"template":"highway","enabled":false}}},"categories":[2],"tags":[],"jetpack_publicize_connections":[],"jetpack_featured_media_url":"","jetpack_sharing_enabled":true,"jetpack_shortlink":"https:\/\/wp.me\/paFpWR-10Q","_links":{"self":[{"href":"https:\/\/bonettiassociados.com.br\/index.php\/wp-json\/wp\/v2\/posts\/3896"}],"collection":[{"href":"https:\/\/bonettiassociados.com.br\/index.php\/wp-json\/wp\/v2\/posts"}],"about":[{"href":"https:\/\/bonettiassociados.com.br\/index.php\/wp-json\/wp\/v2\/types\/post"}],"author":[{"embeddable":true,"href":"https:\/\/bonettiassociados.com.br\/index.php\/wp-json\/wp\/v2\/users\/6"}],"replies":[{"embeddable":true,"href":"https:\/\/bonettiassociados.com.br\/index.php\/wp-json\/wp\/v2\/comments?post=3896"}],"version-history":[{"count":1,"href":"https:\/\/bonettiassociados.com.br\/index.php\/wp-json\/wp\/v2\/posts\/3896\/revisions"}],"predecessor-version":[{"id":3897,"href":"https:\/\/bonettiassociados.com.br\/index.php\/wp-json\/wp\/v2\/posts\/3896\/revisions\/3897"}],"wp:attachment":[{"href":"https:\/\/bonettiassociados.com.br\/index.php\/wp-json\/wp\/v2\/media?parent=3896"}],"wp:term":[{"taxonomy":"category","embeddable":true,"href":"https:\/\/bonettiassociados.com.br\/index.php\/wp-json\/wp\/v2\/categories?post=3896"},{"taxonomy":"post_tag","embeddable":true,"href":"https:\/\/bonettiassociados.com.br\/index.php\/wp-json\/wp\/v2\/tags?post=3896"}],"curies":[{"name":"wp","href":"https:\/\/api.w.org\/{rel}","templated":true}]}}