{"id":3889,"date":"2019-08-12T11:53:14","date_gmt":"2019-08-12T14:53:14","guid":{"rendered":"http:\/\/bonettiassociados.com.br\/?p=3889"},"modified":"2019-08-12T11:53:14","modified_gmt":"2019-08-12T14:53:14","slug":"controversias-na-incidencia-do-iof-no-ingresso-de-receitas-de-exportacao-2","status":"publish","type":"post","link":"https:\/\/bonettiassociados.com.br\/index.php\/2019\/08\/12\/controversias-na-incidencia-do-iof-no-ingresso-de-receitas-de-exportacao-2\/","title":{"rendered":"CONTROV\u00c9RSIAS NA INCID\u00caNCIA DO IOF NO INGRESSO DE RECEITAS DE EXPORTA\u00c7\u00c3O"},"content":{"rendered":"<p style=\"text-align: justify;\"><span style=\"font-family: arial, helvetica, sans-serif;\">O Decreto 6.306\/2007 prev\u00ea al\u00edquota zero para o IOF incidente nas opera\u00e7\u00f5es de c\u00e2mbio de exporta\u00e7\u00e3o, sem prever qualquer limite para que a receita decorrente de exporta\u00e7\u00e3o ingresse no Brasil.<\/span><!--more--><\/p>\n<p style=\"text-align: justify;\"><span style=\"font-family: arial, helvetica, sans-serif;\">No entanto, a Receita Federal, por meio da Solu\u00e7\u00e3o de Consulta Cosit 246, de 11 de dezembro de 2018, firmou entendimento no sentido de que a n\u00e3o incid\u00eancia do IOF, quando da manuten\u00e7\u00e3o de recursos em moeda estrangeira em institui\u00e7\u00e3o financeira fora do pa\u00eds, relativos aos recebimentos de exporta\u00e7\u00f5es brasileiras de mercadorias e servi\u00e7os para o exterior, limita-se aos casos em que os recursos sejam remetidos ao Brasil na mesma data da exporta\u00e7\u00e3o. J\u00e1 para os casos de remessa em data posterior \u00e0 conclus\u00e3o do processo de exporta\u00e7\u00e3o, haveria incid\u00eancia \u00e0 al\u00edquota de 0,38%.<\/span><\/p>\n<p style=\"text-align: justify;\"><span style=\"font-family: arial, helvetica, sans-serif;\">O posicionamento da Receita Federal, de forma totalmente contr\u00e1ria ao que determina o decreto, iniciou verdadeira disputa no Judici\u00e1rio. Foram diversas as a\u00e7\u00f5es judiciais movidas pelas empresas do setor de exporta\u00e7\u00e3o questionando referida solu\u00e7\u00e3o de consulta. E o Judici\u00e1rio vinha se posicionando, majoritariamente, de forma favor\u00e1vel aos contribuintes, sob o fundamento de que a solu\u00e7\u00e3o de consulta n\u00e3o \u00e9 instrumento normativo v\u00e1lido para extrair da norma reguladora \u2014 no caso, o Decreto 6.306\/2007 \u2014 restri\u00e7\u00e3o que ela n\u00e3o contempla.<\/span><\/p>\n<p style=\"text-align: justify;\"><span style=\"font-family: arial, helvetica, sans-serif;\">A repercuss\u00e3o da quest\u00e3o foi tamanha que levou a Receita Federal a rever seu posicionamento, o que fez por meio da Solu\u00e7\u00e3o de Consulta Cosit 231, de 15 de julho de 2019. Essa norma, no entanto, n\u00e3o excluiu a restri\u00e7\u00e3o temporal, mas aumentou o prazo para ingresso no pa\u00eds das receitas de exporta\u00e7\u00e3o para 750 dias.<\/span><\/p>\n<p style=\"text-align: justify;\"><span style=\"font-family: arial, helvetica, sans-serif;\">O prazo, apesar de parecer bastante razo\u00e1vel e, aparentemente, solucionar o problema, na realidade traz uma preocupa\u00e7\u00e3o adicional ao setor exportador. O estabelecimento desse prazo traz a obrigatoriedade de comprova\u00e7\u00e3o, aos bancos, da data de realiza\u00e7\u00e3o da opera\u00e7\u00e3o, para que o mesmo avalie se est\u00e1 adequado ao posicionamento da Receita Federal. Caso contr\u00e1rio, o imposto passa a ser retido pela institui\u00e7\u00e3o financeira. Essa comprova\u00e7\u00e3o, no entanto, \u00e9 de dif\u00edcil operacionaliza\u00e7\u00e3o, principalmente quando se trata de grandes exportadores, com diversos ingressos de receitas no pa\u00eds.<\/span><\/p>\n<p style=\"text-align: justify;\"><span style=\"font-family: arial, helvetica, sans-serif;\">Desta forma, entende-se que ainda \u00e9 poss\u00edvel, e recomend\u00e1vel, recorrer ao Judici\u00e1rio a fim de afastar a restri\u00e7\u00e3o temporal imposta pela Receita Federal, uma vez que ela jamais constou do texto legal que regula o IOF, evitando-se a burocracia que certamente o setor exportador ter\u00e1 que enfrentar, daqui para frente, a fim de comprovar ser detentor do direito de tributar \u00e0 al\u00edquota zero suas receitas de exporta\u00e7\u00e3o.<\/span><\/p>\n<p style=\"text-align: justify;\"><span style=\"font-family: arial, helvetica, sans-serif;\"><strong>FONTE: Conjur &#8211; Por Cinthia Benvenuto de Carvalho Ferreira<\/strong><\/span><\/p>\n","protected":false},"excerpt":{"rendered":"<p>O Decreto 6.306\/2007 prev\u00ea al\u00edquota zero para o IOF incidente [&hellip;]<\/p>\n","protected":false},"author":6,"featured_media":0,"comment_status":"closed","ping_status":"open","sticky":false,"template":"","format":"standard","meta":{"jetpack_post_was_ever_published":false,"_jetpack_newsletter_access":"","_jetpack_dont_email_post_to_subs":false,"_jetpack_newsletter_tier_id":0,"_jetpack_memberships_contains_paywalled_content":false,"footnotes":"","_jetpack_memberships_contains_paid_content":false,"jetpack_publicize_message":"","jetpack_publicize_feature_enabled":true,"jetpack_social_post_already_shared":true,"jetpack_social_options":{"image_generator_settings":{"template":"highway","enabled":false}}},"categories":[2],"tags":[],"jetpack_publicize_connections":[],"jetpack_featured_media_url":"","jetpack_sharing_enabled":true,"jetpack_shortlink":"https:\/\/wp.me\/paFpWR-10J","_links":{"self":[{"href":"https:\/\/bonettiassociados.com.br\/index.php\/wp-json\/wp\/v2\/posts\/3889"}],"collection":[{"href":"https:\/\/bonettiassociados.com.br\/index.php\/wp-json\/wp\/v2\/posts"}],"about":[{"href":"https:\/\/bonettiassociados.com.br\/index.php\/wp-json\/wp\/v2\/types\/post"}],"author":[{"embeddable":true,"href":"https:\/\/bonettiassociados.com.br\/index.php\/wp-json\/wp\/v2\/users\/6"}],"replies":[{"embeddable":true,"href":"https:\/\/bonettiassociados.com.br\/index.php\/wp-json\/wp\/v2\/comments?post=3889"}],"version-history":[{"count":1,"href":"https:\/\/bonettiassociados.com.br\/index.php\/wp-json\/wp\/v2\/posts\/3889\/revisions"}],"predecessor-version":[{"id":3890,"href":"https:\/\/bonettiassociados.com.br\/index.php\/wp-json\/wp\/v2\/posts\/3889\/revisions\/3890"}],"wp:attachment":[{"href":"https:\/\/bonettiassociados.com.br\/index.php\/wp-json\/wp\/v2\/media?parent=3889"}],"wp:term":[{"taxonomy":"category","embeddable":true,"href":"https:\/\/bonettiassociados.com.br\/index.php\/wp-json\/wp\/v2\/categories?post=3889"},{"taxonomy":"post_tag","embeddable":true,"href":"https:\/\/bonettiassociados.com.br\/index.php\/wp-json\/wp\/v2\/tags?post=3889"}],"curies":[{"name":"wp","href":"https:\/\/api.w.org\/{rel}","templated":true}]}}