{"id":3883,"date":"2019-08-12T11:49:52","date_gmt":"2019-08-12T14:49:52","guid":{"rendered":"http:\/\/bonettiassociados.com.br\/?p=3883"},"modified":"2019-08-12T11:49:52","modified_gmt":"2019-08-12T14:49:52","slug":"adicional-vetado-toffoli-afasta-decisao-do-tj-de-goias-que-suspendeu-cobranca-de-icms","status":"publish","type":"post","link":"https:\/\/bonettiassociados.com.br\/index.php\/2019\/08\/12\/adicional-vetado-toffoli-afasta-decisao-do-tj-de-goias-que-suspendeu-cobranca-de-icms\/","title":{"rendered":"ADICIONAL VETADO &#8211; TOFFOLI AFASTA DECIS\u00c3O DO TJ DE GOI\u00c1S QUE SUSPENDEU COBRAN\u00c7A DE ICMS"},"content":{"rendered":"<p style=\"text-align: justify;\"><span style=\"font-family: arial, helvetica, sans-serif;\">Toffoli afastou efeitos de decis\u00e3o do TJ-GO que suspendeu a cobran\u00e7a de ICMS sobre \u00f3leo diesel, gasolina e etanol.<\/span><!--more--><\/p>\n<p style=\"text-align: justify;\"><span style=\"font-family: arial, helvetica, sans-serif;\">O presidente do Supremo Tribunal Federal, ministro Dias Toffoli, afastou os efeitos de decis\u00e3o da Justi\u00e7a de Goi\u00e1s que suspendeu a cobran\u00e7a de adicional de ICMS incidente sobre \u00f3leo diesel, gasolina e etanol e destinado ao Fundo de Prote\u00e7\u00e3o Social do Estado (Protege Goi\u00e1s).<\/span><\/p>\n<p style=\"text-align: justify;\"><span style=\"font-family: arial, helvetica, sans-serif;\">Na primeira inst\u00e2ncia da Justi\u00e7a estadual, o Sindicato Nacional das Empresas Distribuidoras de Combust\u00edveis e Lubrificantes (Sindicom) obteve liminar em mandado de seguran\u00e7a para suspender a exigibilidade do adicional de 2% de ICMS, regulamentada em legisla\u00e7\u00e3o local e destinado ao Protege Goi\u00e1s. A liminar foi mantida por decis\u00e3o do Tribunal de Justi\u00e7a estadual no julgamento de recurso.<\/span><\/p>\n<p style=\"text-align: justify;\"><span style=\"font-family: arial, helvetica, sans-serif;\">No Supremo, o governo goiano sustenta, entre outros pontos, que a decis\u00e3o questionada representa grave les\u00e3o \u00e0 economia estadual, com impacto anual de aproximadamente R$ 406 milh\u00f5es, conforme estimativa da Secretaria da Fazenda. \u201cA dr\u00e1stica redu\u00e7\u00e3o da arrecada\u00e7\u00e3o estadual implicar\u00e1 a diminui\u00e7\u00e3o dos recursos destinado \u00e0 presta\u00e7\u00e3o de servi\u00e7os essenciais, entre os quais a sa\u00fade e a seguran\u00e7a p\u00fablica\u201d, sustentou.<\/span><\/p>\n<p style=\"text-align: justify;\"><span style=\"font-family: arial, helvetica, sans-serif;\">Interven\u00e7\u00e3o excepcional<\/span><\/p>\n<p style=\"text-align: justify;\"><span style=\"font-family: arial, helvetica, sans-serif;\">Em sua decis\u00e3o, o ministro Dias Toffoli assinalou que a quest\u00e3o tratada nos autos \u00e9 semelhante \u00e0 abordada na Suspens\u00e3o de Tutela Provis\u00f3ria 107, na qual proferiu decis\u00e3o em abril. Aquele processo trata de al\u00edquota adicional de ICMS incidente sobre opera\u00e7\u00f5es internas com energia el\u00e9trica em Goi\u00e1s.<\/span><\/p>\n<p style=\"text-align: justify;\"><span style=\"font-family: arial, helvetica, sans-serif;\">Para o presidente do STF, est\u00e3o presentes os requisitos que autorizam a interven\u00e7\u00e3o excepcional do Supremo no caso. Isso porque, segundo constatou, a mat\u00e9ria discutida tem natureza constitucional e, caso mantida a decis\u00e3o questionada, h\u00e1 potencialidade de les\u00e3o a valores p\u00fablicos.<\/span><\/p>\n<p style=\"text-align: justify;\"><span style=\"font-family: arial, helvetica, sans-serif;\">O ministro lembrou ainda que o tema objeto do mandado de seguran\u00e7a no TJ-GO tem semelhan\u00e7a com a mat\u00e9ria que teve repercuss\u00e3o geral reconhecida pelo STF no Recurso Extraordin\u00e1rio 714.139, que trata de legisla\u00e7\u00e3o estadual estabelecendo al\u00edquotas maiores de ICMS para o fornecimento de energia el\u00e9trica e servi\u00e7os de comunica\u00e7\u00e3o. Segundo Toffoli, \u00e9 legitimo que a tese de repercuss\u00e3o geral a ser fixada no julgamento daquele recurso tamb\u00e9m oriente a solu\u00e7\u00e3o da mat\u00e9ria referente ao adicional de al\u00edquota de ICMS sobre combust\u00edveis, \u201cconsiderada a necessidade de estabelecer um s\u00f3 crit\u00e9rio para eliminar a situa\u00e7\u00e3o de permanente incerteza jur\u00eddica a respeito do tema\u201d.<\/span><\/p>\n<p style=\"text-align: justify;\"><span style=\"font-family: arial, helvetica, sans-serif;\">Al\u00e9m disso, ele lembrou que o STF possui precedentes reiterados no sentido da validade de adicionais criados pelos estados-membros e pelo Distrito Federal para financiamento dos Fundos de Combate \u00e0 Pobreza previstos no artigo 82, par\u00e1grafo 1\u00ba, do Ato das Disposi\u00e7\u00f5es Constitucionais Transit\u00f3rias (ADCT).<\/span><\/p>\n<p style=\"text-align: justify;\"><span style=\"font-family: arial, helvetica, sans-serif;\">O presidente da corte ressaltou ainda que a decis\u00e3o da Justi\u00e7a goiana apresenta risco de efeito multiplicador, \u201cque constitui fundamento suficiente a revelar a grave repercuss\u00e3o sobre a ordem e a economia p\u00fablicas\u201d. Com informa\u00e7\u00f5es da Assessoria de Imprensa do STF.<\/span><\/p>\n<p style=\"text-align: justify;\"><span style=\"font-family: arial, helvetica, sans-serif;\">SS 5.305<\/span><\/p>\n<p style=\"text-align: justify;\"><span style=\"font-family: arial, helvetica, sans-serif;\"><strong>FONTE: Conjur<\/strong><\/span><\/p>\n","protected":false},"excerpt":{"rendered":"<p>Toffoli afastou efeitos de decis\u00e3o do TJ-GO que suspendeu a [&hellip;]<\/p>\n","protected":false},"author":6,"featured_media":0,"comment_status":"closed","ping_status":"open","sticky":false,"template":"","format":"standard","meta":{"jetpack_post_was_ever_published":false,"_jetpack_newsletter_access":"","_jetpack_dont_email_post_to_subs":false,"_jetpack_newsletter_tier_id":0,"_jetpack_memberships_contains_paywalled_content":false,"footnotes":"","_jetpack_memberships_contains_paid_content":false,"jetpack_publicize_message":"","jetpack_publicize_feature_enabled":true,"jetpack_social_post_already_shared":true,"jetpack_social_options":{"image_generator_settings":{"template":"highway","enabled":false}}},"categories":[2],"tags":[],"jetpack_publicize_connections":[],"jetpack_featured_media_url":"","jetpack_sharing_enabled":true,"jetpack_shortlink":"https:\/\/wp.me\/paFpWR-10D","_links":{"self":[{"href":"https:\/\/bonettiassociados.com.br\/index.php\/wp-json\/wp\/v2\/posts\/3883"}],"collection":[{"href":"https:\/\/bonettiassociados.com.br\/index.php\/wp-json\/wp\/v2\/posts"}],"about":[{"href":"https:\/\/bonettiassociados.com.br\/index.php\/wp-json\/wp\/v2\/types\/post"}],"author":[{"embeddable":true,"href":"https:\/\/bonettiassociados.com.br\/index.php\/wp-json\/wp\/v2\/users\/6"}],"replies":[{"embeddable":true,"href":"https:\/\/bonettiassociados.com.br\/index.php\/wp-json\/wp\/v2\/comments?post=3883"}],"version-history":[{"count":1,"href":"https:\/\/bonettiassociados.com.br\/index.php\/wp-json\/wp\/v2\/posts\/3883\/revisions"}],"predecessor-version":[{"id":3884,"href":"https:\/\/bonettiassociados.com.br\/index.php\/wp-json\/wp\/v2\/posts\/3883\/revisions\/3884"}],"wp:attachment":[{"href":"https:\/\/bonettiassociados.com.br\/index.php\/wp-json\/wp\/v2\/media?parent=3883"}],"wp:term":[{"taxonomy":"category","embeddable":true,"href":"https:\/\/bonettiassociados.com.br\/index.php\/wp-json\/wp\/v2\/categories?post=3883"},{"taxonomy":"post_tag","embeddable":true,"href":"https:\/\/bonettiassociados.com.br\/index.php\/wp-json\/wp\/v2\/tags?post=3883"}],"curies":[{"name":"wp","href":"https:\/\/api.w.org\/{rel}","templated":true}]}}