{"id":3881,"date":"2019-08-12T11:31:07","date_gmt":"2019-08-12T14:31:07","guid":{"rendered":"http:\/\/bonettiassociados.com.br\/?p=3881"},"modified":"2019-08-12T11:31:07","modified_gmt":"2019-08-12T14:31:07","slug":"esocial-normativo-de-simplificacao-do-esocial-sera-editado-ate-final-de-setembro","status":"publish","type":"post","link":"https:\/\/bonettiassociados.com.br\/index.php\/2019\/08\/12\/esocial-normativo-de-simplificacao-do-esocial-sera-editado-ate-final-de-setembro\/","title":{"rendered":"ESOCIAL &#8211; NORMATIVO DE SIMPLIFICA\u00c7\u00c3O DO ESOCIAL SER\u00c1 EDITADO AT\u00c9 FINAL DE SETEMBRO"},"content":{"rendered":"<p style=\"text-align: justify;\"><span style=\"font-family: arial, helvetica, sans-serif;\">Trabalho de constru\u00e7\u00e3o do ato legal est\u00e1 sendo feito em conjunto por tr\u00eas secretarias especiais do Minist\u00e9rio da Economia<\/span><!--more--><\/p>\n<p style=\"text-align: justify;\"><span style=\"font-family: arial, helvetica, sans-serif;\">MODERNIZA\u00c7\u00c3O<\/span><\/p>\n<p style=\"text-align: justify;\"><span style=\"font-family: arial, helvetica, sans-serif;\">Trabalho de constru\u00e7\u00e3o do ato legal est\u00e1 sendo feito em conjunto por tr\u00eas secretarias especiais do Minist\u00e9rio da Economia<\/span><\/p>\n<p style=\"text-align: justify;\"><span style=\"font-family: arial, helvetica, sans-serif;\">Tr\u00eas secretarias especiais do Minist\u00e9rio da Economia \u2013 Previd\u00eancia e Trabalho, Receita Federal e Desburocratiza\u00e7\u00e3o, Gest\u00e3o e Governo Digital \u2013 editar\u00e3o at\u00e9 30 de setembro de 2019 ato normativo conjunto para modernizar e simplificar o Sistema de Escritura\u00e7\u00e3o Digital das Obriga\u00e7\u00f5es Fiscais, Previdenci\u00e1rias e Trabalhistas (eSocial).<\/span><\/p>\n<p style=\"text-align: justify;\"><span style=\"font-family: arial, helvetica, sans-serif;\">A norma disciplinar\u00e1 a forma de envio das informa\u00e7\u00f5es ao ambiente \u00fanico nacional do sistema. Segundo nota t\u00e9cnica sobre a Simplifica\u00e7\u00e3o do eSocial, assinada nesta quinta-feira (8\/8), pelas tr\u00eas secretarias, tamb\u00e9m ser\u00e1 apresentado o cronograma de substitui\u00e7\u00e3o ou elimina\u00e7\u00e3o de uma s\u00e9rie de obriga\u00e7\u00f5es hoje em vigor.<\/span><\/p>\n<p style=\"text-align: justify;\"><span style=\"font-family: arial, helvetica, sans-serif;\">Nesse sentido, est\u00e3o sendo eliminados ou simplificados diversos campos do leiaute do eSocial relativos \u00e0s informa\u00e7\u00f5es trabalhistas, a fim de tornar menos oneroso o preenchimento pelas empresas, o que n\u00e3o implicar\u00e1 a perda de investimentos feitos pelo setor p\u00fablico nem pelo setor privado.<\/span><\/p>\n<p style=\"text-align: justify;\"><span style=\"font-family: arial, helvetica, sans-serif;\">Menos burocracia<\/span><\/p>\n<p style=\"text-align: justify;\"><span style=\"font-family: arial, helvetica, sans-serif;\">J\u00e1 foram eliminados cerca de mil campos. Ao final, haver\u00e1 plataforma \u00fanica, com vers\u00f5es espec\u00edficas para pequenas, m\u00e9dias ou grandes empresas, evitando a necessidade de informar um mesmo dado diversas vezes. Isso reduz burocracia e custos. Esse procedimento est\u00e1 sob gest\u00e3o da Secretaria Especial de Previd\u00eancia e Trabalho.<\/span><\/p>\n<p style=\"text-align: justify;\"><span style=\"font-family: arial, helvetica, sans-serif;\">As obriga\u00e7\u00f5es comuns decorrentes da folha de pagamento com repercuss\u00f5es trabalhistas, previdenci\u00e1rias e tribut\u00e1rias, inclusive relativas aos \u00f3rg\u00e3os p\u00fablicos, continuar\u00e3o a ser transmitidas para o ambiente \u00fanico nacional, disciplinado em ato conjunto da Secretaria Especial de Previd\u00eancia e Trabalho e da Secretaria Especial da Receita Federal do Brasil.<\/span><\/p>\n<p style=\"text-align: justify;\"><span style=\"font-family: arial, helvetica, sans-serif;\">Ao promover essa s\u00e9rie de mudan\u00e7as, o Minist\u00e9rio da Economia simplifica e facilita o sistema, de forma a tornar a presta\u00e7\u00e3o de informa\u00e7\u00f5es mais intuitiva e amig\u00e1vel nas plataformas web destinadas ao uso pelo empregador dom\u00e9stico e pelas pequenas empresas.<\/span><\/p>\n<p style=\"text-align: justify;\"><span style=\"font-family: arial, helvetica, sans-serif;\">Lista de obriga\u00e7\u00f5es<\/span><\/p>\n<p style=\"text-align: justify;\"><span style=\"font-family: arial, helvetica, sans-serif;\">Em dezembro de 2014, entrou em vigor o Decreto n\u00ba 8.373, que instituiu o eSocial como instrumento de unifica\u00e7\u00e3o da presta\u00e7\u00e3o das informa\u00e7\u00f5es referentes \u00e0 escritura\u00e7\u00e3o das obriga\u00e7\u00f5es fiscais, previdenci\u00e1rias e trabalhistas, assegurando tratamento diferenciado \u00e0s micro e pequenas empresas.<\/span><\/p>\n<p style=\"text-align: justify;\"><span style=\"font-family: arial, helvetica, sans-serif;\">Agora, com o objetivo de aprimorar o sistema e contribuir para a retomada da gera\u00e7\u00e3o de empregos e renda, o Minist\u00e9rio da Economia passa a implementar um amplo processo de moderniza\u00e7\u00e3o.<\/span><\/p>\n<p style=\"text-align: justify;\"><span style=\"font-family: arial, helvetica, sans-serif;\">Abaixo, a lista de obriga\u00e7\u00f5es que ser\u00e3o disciplinadas pelo novo regramento que est\u00e1 sendo elaborado:<\/span><\/p>\n<ul style=\"text-align: justify;\">\n<li><span style=\"font-family: arial, helvetica, sans-serif;\">GFIP &#8211; Guia de Recolhimento do FGTS e de Informa\u00e7\u00f5es \u00e0 Previd\u00eancia Social;<\/span><\/li>\n<li><span style=\"font-family: arial, helvetica, sans-serif;\">Caged &#8211; Cadastro Geral de Empregados e Desempregados para controlar as admiss\u00f5es e demiss\u00f5es de empregados sob o regime da CLT;<\/span><\/li>\n<li><span style=\"font-family: arial, helvetica, sans-serif;\">Rais &#8211; Rela\u00e7\u00e3o Anual de Informa\u00e7\u00f5es Sociais;<\/span><\/li>\n<li><span style=\"font-family: arial, helvetica, sans-serif;\">LRE &#8211; Livro de Registro de Empregados;<\/span><\/li>\n<li><span style=\"font-family: arial, helvetica, sans-serif;\">CAT &#8211; Comunica\u00e7\u00e3o de Acidente de Trabalho;<\/span><\/li>\n<li><span style=\"font-family: arial, helvetica, sans-serif;\">CD &#8211; Comunica\u00e7\u00e3o de Dispensa;<\/span><\/li>\n<li><span style=\"font-family: arial, helvetica, sans-serif;\">CTPS \u2013 Carteira de Trabalho e Previd\u00eancia Social;<\/span><\/li>\n<li><span style=\"font-family: arial, helvetica, sans-serif;\">PPP &#8211; Perfil Profissiogr\u00e1fico Previdenci\u00e1rio;<\/span><\/li>\n<li><span style=\"font-family: arial, helvetica, sans-serif;\">DIRF &#8211; Declara\u00e7\u00e3o do Imposto de Renda Retido na Fonte;<\/span><\/li>\n<li><span style=\"font-family: arial, helvetica, sans-serif;\">DCTF &#8211; Declara\u00e7\u00e3o de D\u00e9bitos e Cr\u00e9ditos Tribut\u00e1rios Federais;<\/span><\/li>\n<li><span style=\"font-family: arial, helvetica, sans-serif;\">QHT \u2013 Quadro de Hor\u00e1rio de Trabalho;<\/span><\/li>\n<li><span style=\"font-family: arial, helvetica, sans-serif;\">Manad \u2013 Manual Normativo de Arquivos Digitais;<\/span><\/li>\n<li><span style=\"font-family: arial, helvetica, sans-serif;\">Folha de pagamento;<\/span><\/li>\n<li><span style=\"font-family: arial, helvetica, sans-serif;\">GRF \u2013 Guia de Recolhimento do FGTS; e<\/span><\/li>\n<li><span style=\"font-family: arial, helvetica, sans-serif;\">GPS \u2013 Guia da Previd\u00eancia Social.<\/span><\/li>\n<\/ul>\n<p style=\"text-align: justify;\"><span style=\"font-family: arial, helvetica, sans-serif;\"><strong>FONTE: Minist\u00e9rio da Economia<\/strong><\/span><\/p>\n","protected":false},"excerpt":{"rendered":"<p>Trabalho de constru\u00e7\u00e3o do ato legal est\u00e1 sendo feito em [&hellip;]<\/p>\n","protected":false},"author":6,"featured_media":0,"comment_status":"closed","ping_status":"open","sticky":false,"template":"","format":"standard","meta":{"jetpack_post_was_ever_published":false,"_jetpack_newsletter_access":"","_jetpack_dont_email_post_to_subs":false,"_jetpack_newsletter_tier_id":0,"_jetpack_memberships_contains_paywalled_content":false,"footnotes":"","_jetpack_memberships_contains_paid_content":false,"jetpack_publicize_message":"","jetpack_publicize_feature_enabled":true,"jetpack_social_post_already_shared":true,"jetpack_social_options":{"image_generator_settings":{"template":"highway","enabled":false}}},"categories":[2],"tags":[],"jetpack_publicize_connections":[],"jetpack_featured_media_url":"","jetpack_sharing_enabled":true,"jetpack_shortlink":"https:\/\/wp.me\/paFpWR-10B","_links":{"self":[{"href":"https:\/\/bonettiassociados.com.br\/index.php\/wp-json\/wp\/v2\/posts\/3881"}],"collection":[{"href":"https:\/\/bonettiassociados.com.br\/index.php\/wp-json\/wp\/v2\/posts"}],"about":[{"href":"https:\/\/bonettiassociados.com.br\/index.php\/wp-json\/wp\/v2\/types\/post"}],"author":[{"embeddable":true,"href":"https:\/\/bonettiassociados.com.br\/index.php\/wp-json\/wp\/v2\/users\/6"}],"replies":[{"embeddable":true,"href":"https:\/\/bonettiassociados.com.br\/index.php\/wp-json\/wp\/v2\/comments?post=3881"}],"version-history":[{"count":1,"href":"https:\/\/bonettiassociados.com.br\/index.php\/wp-json\/wp\/v2\/posts\/3881\/revisions"}],"predecessor-version":[{"id":3882,"href":"https:\/\/bonettiassociados.com.br\/index.php\/wp-json\/wp\/v2\/posts\/3881\/revisions\/3882"}],"wp:attachment":[{"href":"https:\/\/bonettiassociados.com.br\/index.php\/wp-json\/wp\/v2\/media?parent=3881"}],"wp:term":[{"taxonomy":"category","embeddable":true,"href":"https:\/\/bonettiassociados.com.br\/index.php\/wp-json\/wp\/v2\/categories?post=3881"},{"taxonomy":"post_tag","embeddable":true,"href":"https:\/\/bonettiassociados.com.br\/index.php\/wp-json\/wp\/v2\/tags?post=3881"}],"curies":[{"name":"wp","href":"https:\/\/api.w.org\/{rel}","templated":true}]}}