{"id":3877,"date":"2019-08-12T11:29:05","date_gmt":"2019-08-12T14:29:05","guid":{"rendered":"http:\/\/bonettiassociados.com.br\/?p=3877"},"modified":"2019-08-12T11:29:05","modified_gmt":"2019-08-12T14:29:05","slug":"divida-fiscal-plenario-do-stf-ja-pode-analisar-se-cabe-prisao-por-divida-de-icms-declarado","status":"publish","type":"post","link":"https:\/\/bonettiassociados.com.br\/index.php\/2019\/08\/12\/divida-fiscal-plenario-do-stf-ja-pode-analisar-se-cabe-prisao-por-divida-de-icms-declarado\/","title":{"rendered":"D\u00cdVIDA FISCAL &#8211; PLEN\u00c1RIO DO STF J\u00c1 PODE ANALISAR SE CABE PRIS\u00c3O POR D\u00cdVIDA DE ICMS DECLARADO"},"content":{"rendered":"<p style=\"text-align: justify;\"><span style=\"font-family: arial, helvetica, sans-serif;\">Plen\u00e1rio do STF vai analisar se cabe pris\u00e3o por d\u00edvida de ICMS declarado.<\/span><!--more--><\/p>\n<p style=\"text-align: justify;\"><span style=\"font-family: arial, helvetica, sans-serif;\">O ministro Lu\u00eds Roberto Barroso, do Supremo Tribunal Federal, liberou para julgamento o processo que analisa se o n\u00e3o pagamento de ICMS declarado \u00e9 crime. O plen\u00e1rio vai decidir se o Direito Penal pode alcan\u00e7ar a inadimpl\u00eancia e considerar crime de apropria\u00e7\u00e3o ind\u00e9bita a d\u00edvida fiscal de um empres\u00e1rio que reconhece ter um d\u00e9bito, mas n\u00e3o o quitou. Ainda n\u00e3o h\u00e1 data para o julgamento.<\/span><\/p>\n<p style=\"text-align: justify;\"><span style=\"font-family: arial, helvetica, sans-serif;\">No dia 12 de fevereiro, a 1\u00aa Turma decidiu adiar o julgamento ap\u00f3s o relator, ministro Barroso, considerar a discuss\u00e3o \u201ccomplexa\u201d. \u201cExiste uma relev\u00e2ncia pr\u00e1tica da mat\u00e9ria, que afeta dezenas de milhares de contribuintes por todo o pa\u00eds. O tema \u00e9 controverso e deve ser avaliado pelo Plen\u00e1rio\u201d, disse.<\/span><\/p>\n<p style=\"text-align: justify;\"><span style=\"font-family: arial, helvetica, sans-serif;\">A decis\u00e3o \u00e9 aguardada tanto por empres\u00e1rios quanto por juristas. Os primeiros temem passar a responder criminalmente por inadimpl\u00eancia, ainda que declarada ao Fisco. Os segundos criticam o entendimento firmado no Superior Tribunal de Justi\u00e7a por entend\u00ea-lo desproporcional. Especialistas ouvidos pela ConJur apontam que n\u00e3o h\u00e1 como levar a d\u00edvida fiscal ao tratamento do Direito Penal. Uma decis\u00e3o no sentido da criminaliza\u00e7\u00e3o seria uma mudan\u00e7a radical na jurisprud\u00eancia at\u00e9 aqui.<\/span><\/p>\n<p style=\"text-align: justify;\"><span style=\"font-family: arial, helvetica, sans-serif;\">Em artigo publicado na ConJur, os advogados Igor Mauler Santiago e Pierpaolo Cruz Bottini, que atuam no caso, criticam o uso da persecu\u00e7\u00e3o penal nas situa\u00e7\u00f5es em que h\u00e1 apenas uma d\u00edvida fiscal a ser paga. Crime h\u00e1, argumentam, quando o n\u00e3o pagamento vier acompanhado de fraude, sonega\u00e7\u00e3o, dissimula\u00e7\u00e3o ou omiss\u00e3o dolosa de obriga\u00e7\u00f5es acess\u00f3rias.<\/span><\/p>\n<p style=\"text-align: justify;\"><span style=\"font-family: arial, helvetica, sans-serif;\">Crime Reconhecido<\/span><\/p>\n<p style=\"text-align: justify;\"><span style=\"font-family: arial, helvetica, sans-serif;\">No caso, a corte vai analisar um pedido de Habeas Corpus impetrado pelos comerciantes Robson Shumacher e Vanderl\u00e9ia Shumacher, propriet\u00e1rios de uma loja de produtos infantis em Santa Catarina.<\/span><\/p>\n<p style=\"text-align: justify;\"><span style=\"font-family: arial, helvetica, sans-serif;\">Em agosto de 2018, por seis votos a tr\u00eas, os ministros da 3\u00aa Se\u00e7\u00e3o do STJ negaram Habeas Corpus de empres\u00e1rios que n\u00e3o pagaram valores declarados do tributo, depois de repass\u00e1-los aos clientes. Ao seguir o voto do relator, ministro Rogerio Schietti Cruz, a pr\u00e1tica foi considerada apropria\u00e7\u00e3o ind\u00e9bita tribut\u00e1ria, com pena de 6 meses a 2 anos, al\u00e9m de multa.<\/span><\/p>\n<p style=\"text-align: justify;\"><span style=\"font-family: arial, helvetica, sans-serif;\">At\u00e9 aquele momento, havia diverg\u00eancia entre as turmas da corte. Se, por um lado, os ministros da 5\u00aa Turma consideravam o ato crime, por outro, os da 6\u00aa decidiam em sentido oposto. Agora no STF, o caso est\u00e1 sob relatoria de Barroso.<\/span><\/p>\n<p style=\"text-align: justify;\"><span style=\"font-family: arial, helvetica, sans-serif;\">O HC foi proposto ao STJ pela Defensoria P\u00fablica de Santa Catarina depois de o Tribunal de Justi\u00e7a do estado afastar senten\u00e7a com absolvi\u00e7\u00e3o sum\u00e1ria. No caso, o Fisco constatou que os denunciados apresentaram as declara\u00e7\u00f5es fiscais devidas, mas, em alguns meses de 2008, 2009 e 2010, n\u00e3o recolheram os valores apurados aos cofres p\u00fablicos. O montante foi inscrito em d\u00edvida ativa e n\u00e3o foi pago nem parcelado.<\/span><\/p>\n<p style=\"text-align: justify;\"><span style=\"font-family: arial, helvetica, sans-serif;\">O ICMS \u00e9 um tributo de compet\u00eancia estadual. Na pr\u00e1tica, esse imposto \u00e9 cobrado de forma indireta, ou seja, o encargo econ\u00f4mico \u00e9 suportado por pessoa diversa daquela que pratica a conduta t\u00edpica. No caso do ICMS calculado sobre as opera\u00e7\u00f5es pr\u00f3prias da empresa, o valor do imposto \u00e9 adicionado ao pre\u00e7o do produto comercializado ou do servi\u00e7o prestado.<\/span><\/p>\n<p style=\"text-align: justify;\"><span style=\"font-family: arial, helvetica, sans-serif;\">De acordo com o C\u00f3digo Tribut\u00e1rio Nacional, quando o contribuinte deixa de repassar aos cofres p\u00fablicos os valores de ICMS, comete um mero inadimplemento de sua obriga\u00e7\u00e3o tribut\u00e1ria. O pr\u00f3prio STJ j\u00e1 decidiu, em sede de recurso repetitivo, que o mero inadimplemento de tributo n\u00e3o \u00e9 infra\u00e7\u00e3o \u00e0 lei. O entendimento foi fixado no REsp 1.101.728.<\/span><\/p>\n<p style=\"text-align: justify;\"><span style=\"font-family: arial, helvetica, sans-serif;\">RHC 163.334<\/span><\/p>\n<p style=\"text-align: justify;\"><span style=\"font-family: arial, helvetica, sans-serif;\"><strong>FONTE: Conjur &#8211; Por Gabriela Coelho<\/strong><\/span><\/p>\n","protected":false},"excerpt":{"rendered":"<p>Plen\u00e1rio do STF vai analisar se cabe pris\u00e3o por d\u00edvida [&hellip;]<\/p>\n","protected":false},"author":6,"featured_media":0,"comment_status":"closed","ping_status":"open","sticky":false,"template":"","format":"standard","meta":{"jetpack_post_was_ever_published":false,"_jetpack_newsletter_access":"","_jetpack_dont_email_post_to_subs":false,"_jetpack_newsletter_tier_id":0,"_jetpack_memberships_contains_paywalled_content":false,"footnotes":"","_jetpack_memberships_contains_paid_content":false,"jetpack_publicize_message":"","jetpack_publicize_feature_enabled":true,"jetpack_social_post_already_shared":true,"jetpack_social_options":{"image_generator_settings":{"template":"highway","enabled":false}}},"categories":[2],"tags":[],"jetpack_publicize_connections":[],"jetpack_featured_media_url":"","jetpack_sharing_enabled":true,"jetpack_shortlink":"https:\/\/wp.me\/paFpWR-10x","_links":{"self":[{"href":"https:\/\/bonettiassociados.com.br\/index.php\/wp-json\/wp\/v2\/posts\/3877"}],"collection":[{"href":"https:\/\/bonettiassociados.com.br\/index.php\/wp-json\/wp\/v2\/posts"}],"about":[{"href":"https:\/\/bonettiassociados.com.br\/index.php\/wp-json\/wp\/v2\/types\/post"}],"author":[{"embeddable":true,"href":"https:\/\/bonettiassociados.com.br\/index.php\/wp-json\/wp\/v2\/users\/6"}],"replies":[{"embeddable":true,"href":"https:\/\/bonettiassociados.com.br\/index.php\/wp-json\/wp\/v2\/comments?post=3877"}],"version-history":[{"count":1,"href":"https:\/\/bonettiassociados.com.br\/index.php\/wp-json\/wp\/v2\/posts\/3877\/revisions"}],"predecessor-version":[{"id":3878,"href":"https:\/\/bonettiassociados.com.br\/index.php\/wp-json\/wp\/v2\/posts\/3877\/revisions\/3878"}],"wp:attachment":[{"href":"https:\/\/bonettiassociados.com.br\/index.php\/wp-json\/wp\/v2\/media?parent=3877"}],"wp:term":[{"taxonomy":"category","embeddable":true,"href":"https:\/\/bonettiassociados.com.br\/index.php\/wp-json\/wp\/v2\/categories?post=3877"},{"taxonomy":"post_tag","embeddable":true,"href":"https:\/\/bonettiassociados.com.br\/index.php\/wp-json\/wp\/v2\/tags?post=3877"}],"curies":[{"name":"wp","href":"https:\/\/api.w.org\/{rel}","templated":true}]}}