{"id":3873,"date":"2019-08-09T10:58:25","date_gmt":"2019-08-09T13:58:25","guid":{"rendered":"http:\/\/bonettiassociados.com.br\/?p=3873"},"modified":"2019-08-09T10:58:25","modified_gmt":"2019-08-09T13:58:25","slug":"prazo-prescricional-para-desapropriacao-indireta-e-tema-de-repetitivo","status":"publish","type":"post","link":"https:\/\/bonettiassociados.com.br\/index.php\/2019\/08\/09\/prazo-prescricional-para-desapropriacao-indireta-e-tema-de-repetitivo\/","title":{"rendered":"PRAZO PRESCRICIONAL PARA DESAPROPRIA\u00c7\u00c3O INDIRETA \u00c9 TEMA DE REPETITIVO"},"content":{"rendered":"<p style=\"text-align: justify;\"><span style=\"font-family: arial, helvetica, sans-serif;\">A controv\u00e9rsia, que corresponde ao Tema 1019 na p\u00e1gina de repetitivos do tribunal&#8230;<\/span><!--more--><\/p>\n<p style=\"text-align: justify;\"><span style=\"font-family: arial, helvetica, sans-serif;\">A Primeira Se\u00e7\u00e3o do Superior Tribunal de Justi\u00e7a (STJ) decidiu afetar os Recursos Especiais 1.757.352 e 1.757.385 \u2013 ambos de relatoria do ministro Herman Benjamin \u2013 para julgamento sob o rito dos repetitivos. A controv\u00e9rsia, que corresponde ao Tema 1019 na p\u00e1gina de repetitivos do tribunal, est\u00e1 assim delimitada:<\/span><\/p>\n<p style=\"text-align: justify;\"><span style=\"font-family: arial, helvetica, sans-serif;\">&#8220;Defini\u00e7\u00e3o do prazo prescricional aplic\u00e1vel \u00e0 desapropria\u00e7\u00e3o indireta na hip\u00f3tese em que o Poder P\u00fablico tenha realizado obras no local ou atribu\u00eddo natureza de utilidade p\u00fablica ou de interesse social ao im\u00f3vel, se de 15 anos, previsto no caput do artigo 1.238 do C\u00f3digo Civil, ou de 10 anos, nos termos do par\u00e1grafo \u00fanico.&#8221;<\/span><\/p>\n<p style=\"text-align: justify;\"><span style=\"font-family: arial, helvetica, sans-serif;\">A proposta foi apreciada na sess\u00e3o eletr\u00f4nica iniciada em 19 de junho e finalizada no dia 25 do mesmo m\u00eas. Os processos foram selecionados pelo Tribunal de Justi\u00e7a do Estado de Santa Catarina (TJSC) como representativos de controv\u00e9rsia, de acordo com o disposto no artigo 1.036 do C\u00f3digo de Processo Civil.<\/span><\/p>\n<p style=\"text-align: justify;\"><span style=\"font-family: arial, helvetica, sans-serif;\">O colegiado determinou ainda a suspens\u00e3o da tramita\u00e7\u00e3o de todos os processos pendentes, individuais ou coletivos, que versem sobre a quest\u00e3o delimitada. A suspens\u00e3o tem efeito em todo o territ\u00f3rio nacional.<\/span><\/p>\n<p style=\"text-align: justify;\"><span style=\"font-family: arial, helvetica, sans-serif;\">A controv\u00e9rsia<\/span><\/p>\n<p style=\"text-align: justify;\"><span style=\"font-family: arial, helvetica, sans-serif;\">Na proposta de afeta\u00e7\u00e3o, o relator ressaltou que a mat\u00e9ria destacada \u00e9 de fato controvertida no tribunal, visto que a Segunda Turma se posiciona pela prescri\u00e7\u00e3o decenal \u2013 hip\u00f3tese redutora prevista no artigo 1.238, par\u00e1grafo \u00fanico, do C\u00f3digo Civil nos casos de desapropria\u00e7\u00e3o indireta.<\/span><\/p>\n<p style=\"text-align: justify;\"><span style=\"font-family: arial, helvetica, sans-serif;\">J\u00e1 a Primeira Turma, por maioria de votos, reafirmou seu posicionamento no sentido de que, nas desapropria\u00e7\u00f5es indiretas, o prazo de prescri\u00e7\u00e3o \u00e9 de quinze anos, por n\u00e3o se aplicar ao Poder P\u00fablico a hip\u00f3tese redutora prevista no artigo 1.238, par\u00e1grafo \u00fanico, do C\u00f3digo Civil.<\/span><\/p>\n<p style=\"text-align: justify;\"><span style=\"font-family: arial, helvetica, sans-serif;\">Destacou, ainda, que, apesar de os casos que deram origem \u00e0 controv\u00e9rsia terem ocorrido em Santa Catarina, &#8220;a quest\u00e3o pode surgir em qualquer unidade federativa, j\u00e1 que a desapropria\u00e7\u00e3o de im\u00f3veis para a implanta\u00e7\u00e3o de vias p\u00fablicas constitui pr\u00e1tica corriqueira do Poder P\u00fablico nas tr\u00eas esferas (municipal, estadual e federal) por todo o territ\u00f3rio nacional, o que demonstra a extens\u00e3o em potencial do debate&#8221;.<\/span><\/p>\n<p style=\"text-align: justify;\"><span style=\"font-family: arial, helvetica, sans-serif;\">REsp1757352<\/span><\/p>\n<p style=\"text-align: justify;\"><span style=\"font-family: arial, helvetica, sans-serif;\">REsp1757385<\/span><\/p>\n<p style=\"text-align: justify;\"><span style=\"font-family: arial, helvetica, sans-serif;\"><strong>FONTE: STJ<\/strong><\/span><\/p>\n","protected":false},"excerpt":{"rendered":"<p>A controv\u00e9rsia, que corresponde ao Tema 1019 na p\u00e1gina de [&hellip;]<\/p>\n","protected":false},"author":6,"featured_media":0,"comment_status":"closed","ping_status":"open","sticky":false,"template":"","format":"standard","meta":{"jetpack_post_was_ever_published":false,"_jetpack_newsletter_access":"","_jetpack_dont_email_post_to_subs":false,"_jetpack_newsletter_tier_id":0,"_jetpack_memberships_contains_paywalled_content":false,"footnotes":"","_jetpack_memberships_contains_paid_content":false,"jetpack_publicize_message":"","jetpack_publicize_feature_enabled":true,"jetpack_social_post_already_shared":true,"jetpack_social_options":{"image_generator_settings":{"template":"highway","enabled":false}}},"categories":[2],"tags":[],"jetpack_publicize_connections":[],"jetpack_featured_media_url":"","jetpack_sharing_enabled":true,"jetpack_shortlink":"https:\/\/wp.me\/paFpWR-10t","_links":{"self":[{"href":"https:\/\/bonettiassociados.com.br\/index.php\/wp-json\/wp\/v2\/posts\/3873"}],"collection":[{"href":"https:\/\/bonettiassociados.com.br\/index.php\/wp-json\/wp\/v2\/posts"}],"about":[{"href":"https:\/\/bonettiassociados.com.br\/index.php\/wp-json\/wp\/v2\/types\/post"}],"author":[{"embeddable":true,"href":"https:\/\/bonettiassociados.com.br\/index.php\/wp-json\/wp\/v2\/users\/6"}],"replies":[{"embeddable":true,"href":"https:\/\/bonettiassociados.com.br\/index.php\/wp-json\/wp\/v2\/comments?post=3873"}],"version-history":[{"count":1,"href":"https:\/\/bonettiassociados.com.br\/index.php\/wp-json\/wp\/v2\/posts\/3873\/revisions"}],"predecessor-version":[{"id":3874,"href":"https:\/\/bonettiassociados.com.br\/index.php\/wp-json\/wp\/v2\/posts\/3873\/revisions\/3874"}],"wp:attachment":[{"href":"https:\/\/bonettiassociados.com.br\/index.php\/wp-json\/wp\/v2\/media?parent=3873"}],"wp:term":[{"taxonomy":"category","embeddable":true,"href":"https:\/\/bonettiassociados.com.br\/index.php\/wp-json\/wp\/v2\/categories?post=3873"},{"taxonomy":"post_tag","embeddable":true,"href":"https:\/\/bonettiassociados.com.br\/index.php\/wp-json\/wp\/v2\/tags?post=3873"}],"curies":[{"name":"wp","href":"https:\/\/api.w.org\/{rel}","templated":true}]}}