{"id":3871,"date":"2019-08-09T10:57:29","date_gmt":"2019-08-09T13:57:29","guid":{"rendered":"http:\/\/bonettiassociados.com.br\/?p=3871"},"modified":"2019-08-09T10:57:29","modified_gmt":"2019-08-09T13:57:29","slug":"tecnologia-e-direito-o-futuro-da-profissao","status":"publish","type":"post","link":"https:\/\/bonettiassociados.com.br\/index.php\/2019\/08\/09\/tecnologia-e-direito-o-futuro-da-profissao\/","title":{"rendered":"TECNOLOGIA E DIREITO: O FUTURO DA PROFISS\u00c3O"},"content":{"rendered":"<p style=\"text-align: justify;\"><span style=\"font-family: arial, helvetica, sans-serif;\">Se h\u00e1 um tema que faz parte da atual agenda &#8211; e das preocupa\u00e7\u00f5es &#8211; de qualquer profissional do direito em todo o mundo \u00e9 a tecnologia.<\/span><!--more--><\/p>\n<p style=\"text-align: justify;\"><span style=\"font-family: arial, helvetica, sans-serif;\">De um lado, ela confunde as premissas sociais e cria novas rela\u00e7\u00f5es entre humanos e humanos, humanos e m\u00e1quinas e, por\u00a0 que n\u00e3o dizer, entre m\u00e1quinas e m\u00e1quinas. De Blockchain no setor imobili\u00e1rio a edi\u00e7\u00e3o gen\u00e9tica na sa\u00fade, entender as novas tecnologias j\u00e1 n\u00e3o \u00e9 necess\u00e1rio apenas aos profissionais jur\u00eddicos especialistas da \u00e1rea.<\/span><\/p>\n<p style=\"text-align: justify;\"><span style=\"font-family: arial, helvetica, sans-serif;\">De outro, h\u00e1 uma explos\u00e3o de novas ferramentas tecnol\u00f3gicas aplic\u00e1veis \u00e0 pr\u00e1tica do Direito. Na onda das startups, percebeu-se que esse mercado tamb\u00e9m tem &#8220;dores&#8221; que podem ser resolvidas com sistemas eficientes. Surgem ent\u00e3o as legaltechs, que, de automa\u00e7\u00e3o ao uso de intelig\u00eancia artificial para gera\u00e7\u00e3o de documentos, hoje oferecem as mais variadas solu\u00e7\u00f5es aos profissionais. S\u00f3 no Brasil, a associa\u00e7\u00e3o de empresas do setor j\u00e1 possui centenas de associadas.<\/span><\/p>\n<p style=\"text-align: justify;\"><span style=\"font-family: arial, helvetica, sans-serif;\">\u00c9 necess\u00e1rio perceber a tecnologia como apenas uma de uma s\u00e9rie de outras transforma\u00e7\u00f5es que sofre o mercado.<\/span><\/p>\n<p style=\"text-align: justify;\"><span style=\"font-family: arial, helvetica, sans-serif;\">Nesse cen\u00e1rio, \u00e9 claro que surgiria uma sensa\u00e7\u00e3o geral de apreens\u00e3o. Somada a complexidade das transforma\u00e7\u00f5es com a percep\u00e7\u00e3o dos paralelos ocorridos em outras ind\u00fastrias, o profissional que at\u00e9 ontem conduzia sua pr\u00e1tica tradicionalmente agora teme pelo seu futuro &#8211; desnecessariamente.<\/span><\/p>\n<p style=\"text-align: justify;\"><span style=\"font-family: arial, helvetica, sans-serif;\">Para entender as raz\u00f5es que fazem desses temores sentimentos infundados, \u00e9 preciso empregar uma maior profundidade nos debates que envolvem as intera\u00e7\u00f5es entre Direito e tecnologia. Pela an\u00e1lise mais ampla e sensata do assunto, \u00e9 poss\u00edvel suavizar a transi\u00e7\u00e3o aos novos tempos.<\/span><\/p>\n<p style=\"text-align: justify;\"><span style=\"font-family: arial, helvetica, sans-serif;\">Primeiro, e mais importante: n\u00e3o \u00e9 a primeira vez que a tecnologia afeta a pr\u00e1tica jur\u00eddica. Podemos imaginar os desafios que enfrentaram advogados no s\u00e9culo XIX com o surgimento das m\u00e1quinas de escrever e do telefone, por exemplo. E como o Direito um dia lidou com as novas tecnologias da mesma \u00e9poca, como carros e elevadores? Fato \u00e9 que operadores do Direito s\u00e3o treinados para prever e encarar adversidades, e a hist\u00f3ria nos prova que tamb\u00e9m houve receios tecnol\u00f3gicos no passado &#8211; e sobrevivemos.<\/span><\/p>\n<p style=\"text-align: justify;\"><span style=\"font-family: arial, helvetica, sans-serif;\">H\u00e1, no entanto, uma diferen\u00e7a em rela\u00e7\u00e3o \u00e0 atualidade. A\u00ed entra o termo mais quente &#8211; e mal utilizado &#8211; do momento: exponencialidade. Atualmente, a tecnologia avan\u00e7a muito mais rapidamente que outrora. Argumenta-se ent\u00e3o pela necessidade de adequa\u00e7\u00f5es mais \u00e1geis o que n\u00e3o deixa de ser verdade, mas \u00e9 insuficiente para fundamentar previs\u00f5es sobre o fim dos advogados.<\/span><\/p>\n<p style=\"text-align: justify;\"><span style=\"font-family: arial, helvetica, sans-serif;\">Segundo, \u00e9 necess\u00e1rio perceber a tecnologia como apenas uma de uma s\u00e9rie de outras transforma\u00e7\u00f5es que sofre o mercado jur\u00eddico. Richard Susskind, professor de Oxford pioneiro em pesquisas sobre Direito e tecnologia, afirma em seu livro &#8220;Tomorrow&#8217;s Lawyers&#8221; (que deveria ser de cabeceira de qualquer profissional) que, ao lado da tecnologia, temos outros dois desafios t\u00e3o importantes quanto ela: clientes demandando cada vez &#8220;mais por menos&#8221; e um n\u00famero crescente de jurisdi\u00e7\u00f5es ampliando a competitividade no mercado jur\u00eddico, permitindo que, de certa forma, n\u00e3o advogados atuem na \u00e1rea (Reino Unido e Austr\u00e1lia s\u00e3o exemplos).<\/span><\/p>\n<p style=\"text-align: justify;\"><span style=\"font-family: arial, helvetica, sans-serif;\">A vis\u00e3o de Susskind \u00e9 fundamental para entender e planejar o futuro com maior precis\u00e3o. As adequa\u00e7\u00f5es do &#8220;advogado do amanh\u00e3&#8221; n\u00e3o passam apenas por tecnologia, mas sim por uma intera\u00e7\u00e3o maior com outras disciplinas e a implementa\u00e7\u00e3o de processos mais eficientes. A recomenda\u00e7\u00e3o de &#8220;aprender a programar&#8221; \u00e9 t\u00e3o importante quanto gest\u00e3o de projetos ou desenvolvimento de neg\u00f3cios, por exemplo. No fim do dia, \u00e9 preciso alinhar demanda e resposta, em vez de empenhar tempo em tarefas talvez desnecess\u00e1rias. A profiss\u00e3o n\u00e3o desaparece, mas se desdobra.<\/span><\/p>\n<p style=\"text-align: justify;\"><span style=\"font-family: arial, helvetica, sans-serif;\">Por fim, a educa\u00e7\u00e3o. Fala-se muito da inclus\u00e3o de novas disciplinas em cursos de Direito, mas a mudan\u00e7a n\u00e3o deve se resumir a essa estrat\u00e9gia. Para come\u00e7ar, \u00e9 preciso um diagn\u00f3stico de cada institui\u00e7\u00e3o, para que a mudan\u00e7a seja transversal: incluir novas disciplinas, mas tamb\u00e9m atualizar as tradicionais. Al\u00e9m disso, trazer tecnologias de aprendizado e implantar m\u00e9todos participativos \u00e9 essencial para motivar o novo perfil de alunos que tem ocupado grande parte das cadeiras acad\u00eamicas. Novos conhecimentos, novas habilidades e novas subjetividades comp\u00f5em a tr\u00edade de caracter\u00edsticas do profissional &#8220;do futuro&#8221; e podem ser trabalhadas no ensino jur\u00eddico.<\/span><\/p>\n<p style=\"text-align: justify;\"><span style=\"font-family: arial, helvetica, sans-serif;\">Isso posto, nota-se que o atual cen\u00e1rio \u00e9 mais complexo do que parece e precisa ser estudado com cautela. Propagam-se discursos r\u00e1pidos, no anseio de chegar primeiro ao tema &#8211; o que s\u00f3 afasta c\u00e9ticos e vangloria pioneiros. Como rea\u00e7\u00f5es, h\u00e1 inclusive quem argumente que a tecnologia significa o abandono total das ci\u00eancias jur\u00eddicas como n\u00facleo da pr\u00e1tica profissional &#8211; o que \u00e9 errado. A premissa da tecnologia jur\u00eddica se baseia justamente no mote &#8220;lawyers should do more lawyering&#8221;, ou seja, que se libere tempo para que juristas pensem e pratiquem o Direito e deleguem tarefas a profissionais ou sistemas especializados.<\/span><\/p>\n<p style=\"text-align: justify;\"><span style=\"font-family: arial, helvetica, sans-serif;\">Apesar de equivocada, essa vis\u00e3o \u00e9 compreens\u00edvel quando olhamos para a mir\u00edade de realidades que existe dentro de nossa profiss\u00e3o. Grande parte dos profissionais n\u00e3o est\u00e1 acostumada com tecnologia, n\u00e3o compreende seus efeitos e, voltando ao in\u00edcio do artigo, teme pelo seu futuro. \u00c9 preciso traz\u00ea-la para perto, n\u00e3o assust\u00e1-la.<\/span><\/p>\n<p style=\"text-align: justify;\"><span style=\"font-family: arial, helvetica, sans-serif;\">Se h\u00e1 uma coisa da qual n\u00e3o precisamos hoje \u00e9 de previs\u00f5es apocal\u00edpticas sobre o futuro (ou a falta de futuro) para a profiss\u00e3o jur\u00eddica. O primeiro passo para a constru\u00e7\u00e3o coletiva e produtiva dos pr\u00f3ximos anos \u00e9 enxergar esta \u00e9poca em que vivemos n\u00e3o como um &#8220;viva ou deixe morrer&#8221;, mas como um mundo de oportunidades.<\/span><\/p>\n<p style=\"text-align: justify;\"><span style=\"font-family: arial, helvetica, sans-serif;\"><strong>FONTE: Valor Econ\u00f4mico &#8211; Por Victor Cabral Fonseca<\/strong><\/span><\/p>\n","protected":false},"excerpt":{"rendered":"<p>Se h\u00e1 um tema que faz parte da atual agenda [&hellip;]<\/p>\n","protected":false},"author":6,"featured_media":0,"comment_status":"closed","ping_status":"open","sticky":false,"template":"","format":"standard","meta":{"jetpack_post_was_ever_published":false,"_jetpack_newsletter_access":"","_jetpack_dont_email_post_to_subs":false,"_jetpack_newsletter_tier_id":0,"_jetpack_memberships_contains_paywalled_content":false,"footnotes":"","_jetpack_memberships_contains_paid_content":false,"jetpack_publicize_message":"","jetpack_publicize_feature_enabled":true,"jetpack_social_post_already_shared":true,"jetpack_social_options":{"image_generator_settings":{"template":"highway","enabled":false}}},"categories":[2],"tags":[],"jetpack_publicize_connections":[],"jetpack_featured_media_url":"","jetpack_sharing_enabled":true,"jetpack_shortlink":"https:\/\/wp.me\/paFpWR-10r","_links":{"self":[{"href":"https:\/\/bonettiassociados.com.br\/index.php\/wp-json\/wp\/v2\/posts\/3871"}],"collection":[{"href":"https:\/\/bonettiassociados.com.br\/index.php\/wp-json\/wp\/v2\/posts"}],"about":[{"href":"https:\/\/bonettiassociados.com.br\/index.php\/wp-json\/wp\/v2\/types\/post"}],"author":[{"embeddable":true,"href":"https:\/\/bonettiassociados.com.br\/index.php\/wp-json\/wp\/v2\/users\/6"}],"replies":[{"embeddable":true,"href":"https:\/\/bonettiassociados.com.br\/index.php\/wp-json\/wp\/v2\/comments?post=3871"}],"version-history":[{"count":1,"href":"https:\/\/bonettiassociados.com.br\/index.php\/wp-json\/wp\/v2\/posts\/3871\/revisions"}],"predecessor-version":[{"id":3872,"href":"https:\/\/bonettiassociados.com.br\/index.php\/wp-json\/wp\/v2\/posts\/3871\/revisions\/3872"}],"wp:attachment":[{"href":"https:\/\/bonettiassociados.com.br\/index.php\/wp-json\/wp\/v2\/media?parent=3871"}],"wp:term":[{"taxonomy":"category","embeddable":true,"href":"https:\/\/bonettiassociados.com.br\/index.php\/wp-json\/wp\/v2\/categories?post=3871"},{"taxonomy":"post_tag","embeddable":true,"href":"https:\/\/bonettiassociados.com.br\/index.php\/wp-json\/wp\/v2\/tags?post=3871"}],"curies":[{"name":"wp","href":"https:\/\/api.w.org\/{rel}","templated":true}]}}