{"id":3865,"date":"2019-08-09T10:54:07","date_gmt":"2019-08-09T13:54:07","guid":{"rendered":"http:\/\/bonettiassociados.com.br\/?p=3865"},"modified":"2019-08-09T10:54:07","modified_gmt":"2019-08-09T13:54:07","slug":"esocial-divulgada-nota-conjunta-no-01-2019-seprt-rfb-sed-sobre-a-simplificacao-do-esocial","status":"publish","type":"post","link":"https:\/\/bonettiassociados.com.br\/index.php\/2019\/08\/09\/esocial-divulgada-nota-conjunta-no-01-2019-seprt-rfb-sed-sobre-a-simplificacao-do-esocial\/","title":{"rendered":"ESOCIAL &#8211; DIVULGADA NOTA CONJUNTA N\u00ba 01\/2019 SEPRT\/RFB\/SED SOBRE A SIMPLIFICA\u00c7\u00c3O DO ESOCIAL"},"content":{"rendered":"<p style=\"text-align: justify;\"><span style=\"font-family: arial, helvetica, sans-serif;\">Secretarias Especiais do Minist\u00e9rio da Economia esclarecem pontos sobre a forma de envio das informa\u00e7\u00f5es.<\/span><!--more--><\/p>\n<p style=\"text-align: justify;\"><span style=\"font-family: arial, helvetica, sans-serif;\">A Secretaria Especial de Previd\u00eancia e Trabalho, a Secretaria Especial da Receita Federal e a Secretaria Especial de Desburocratiza\u00e7\u00e3o, Gest\u00e3o e Governo Digital divulgaram nesta quinta-feira (8) Nota Conjunta esclarecendo pontos sobre a simplifica\u00e7\u00e3o do eSocial e a forma de envio das informa\u00e7\u00f5es.<\/span><\/p>\n<p style=\"text-align: justify;\"><span style=\"font-family: arial, helvetica, sans-serif;\">\u201cMINIST\u00c9RIO DA ECONOMIA<\/span><\/p>\n<p style=\"text-align: justify;\"><span style=\"font-family: arial, helvetica, sans-serif;\">Nota Conjunta SEPRT\/RFB\/SED n\u00ba 1\/2019<\/span><\/p>\n<p style=\"text-align: justify;\"><span style=\"font-family: arial, helvetica, sans-serif;\">Bras\u00edlia, 8 de agosto de 2019.<\/span><\/p>\n<p style=\"text-align: justify;\"><span style=\"font-family: arial, helvetica, sans-serif;\">Assunto: Simplifica\u00e7\u00e3o do eSocial<\/span><\/p>\n<p style=\"text-align: justify;\"><span style=\"font-family: arial, helvetica, sans-serif;\">A presente Nota trata da Simplifica\u00e7\u00e3o da Escritura\u00e7\u00e3o Digital das Obriga\u00e7\u00f5es Fiscais, Previdenci\u00e1rias e Trabalhistas \u2013 eSocial.<\/span><\/p>\n<ol style=\"text-align: justify;\" start=\"2\">\n<li><span style=\"font-family: arial, helvetica, sans-serif;\">O Decreto n\u00ba 8.373 de 11 de dezembro de 2014 instituiu eSocial como instrumento de unifica\u00e7\u00e3o da presta\u00e7\u00e3o das informa\u00e7\u00f5es referentes \u00e0 escritura\u00e7\u00e3o das obriga\u00e7\u00f5es fiscais, previdenci\u00e1rias e trabalhistas, assegurando tratamento diferenciado \u00e0s micro e pequenas empresas.<\/span><\/li>\n<li><span style=\"font-family: arial, helvetica, sans-serif;\">O eSocial j\u00e1 \u00e9 uma realidade, no entanto, est\u00e1 passando por um processo de simplifica\u00e7\u00e3o a fim de tornar a sua utiliza\u00e7\u00e3o mais intuitiva e amig\u00e1vel nas plataformas web destinadas ao uso pelo empregador dom\u00e9stico e pelas pequenas empresas.<\/span><\/li>\n<li><span style=\"font-family: arial, helvetica, sans-serif;\">No mesmo sentido, est\u00e3o sendo eliminados ou simplificados diversos campos do leiaute relativos \u00e0s informa\u00e7\u00f5es trabalhistas a fim de tornar menos oneroso o preenchimento pelas empresas, o que n\u00e3o implicar\u00e1 a perda de investimentos aplicados pelo setor p\u00fablico nem tampouco pelo setor privado. Esse processo est\u00e1 sob gest\u00e3o da Secretaria Especial da Previd\u00eancia e Trabalho.<\/span><\/li>\n<li><span style=\"font-family: arial, helvetica, sans-serif;\">As obriga\u00e7\u00f5es comuns decorrentes da folha de pagamento com repercuss\u00f5es trabalhistas, previdenci\u00e1rias e tribut\u00e1rias, inclusive relativas aos \u00f3rg\u00e3os p\u00fablicos, continuar\u00e3o a ser transmitidas para o ambiente \u00fanico nacional, disciplinado em ato conjunto da Secretaria Especial da Previd\u00eancia e Trabalho e da Secretaria Especial da Receita Federal do Brasil.<\/span><\/li>\n<li><span style=\"font-family: arial, helvetica, sans-serif;\">As informa\u00e7\u00f5es de natureza tribut\u00e1ria, inclusive para o financiamento da previd\u00eancia social, ser\u00e3o tratadas na Escritura\u00e7\u00e3o Fiscal Digital de Reten\u00e7\u00f5es e Outras Informa\u00e7\u00f5es Fiscais, m\u00f3dulo do Sistema P\u00fablico de Escritura\u00e7\u00e3o Digital, institu\u00eddo pelo Decreto n\u00ba 6.022, de 22 de janeiro de 2007.<\/span><\/li>\n<li><span style=\"font-family: arial, helvetica, sans-serif;\">Com o intuito de garantir a seguran\u00e7a jur\u00eddica e a previsibilidade no ambiente de neg\u00f3cios das empresas, a Secretaria Especial da Previd\u00eancia e Trabalho e a Secretaria Especial da Receita Federal editar\u00e3o no prazo de at\u00e9 30 de setembro de 2019, ato normativo conjunto que disciplinar\u00e1 a forma de envio das informa\u00e7\u00f5es ao ambiente \u00fanico nacional, bem como o cronograma de substitui\u00e7\u00e3o ou elimina\u00e7\u00e3o das seguintes obriga\u00e7\u00f5es:<\/span><\/li>\n<li><span style=\"font-family: arial, helvetica, sans-serif;\">a) GFIP &#8211; Guia de Recolhimento do FGTS e de Informa\u00e7\u00f5es \u00e0 Previd\u00eancia Social;<\/span><\/li>\n<li><span style=\"font-family: arial, helvetica, sans-serif;\">b) CAGED &#8211; Cadastro Geral de Empregados e Desempregados para controlar as admiss\u00f5es e demiss\u00f5es de empregados sob o regime da CLT;<\/span><\/li>\n<li><span style=\"font-family: arial, helvetica, sans-serif;\">c) RAIS &#8211; Rela\u00e7\u00e3o Anual de Informa\u00e7\u00f5es Sociais;<\/span><\/li>\n<li><span style=\"font-family: arial, helvetica, sans-serif;\">d) LRE &#8211; Livro de Registro de Empregados;<\/span><\/li>\n<li><span style=\"font-family: arial, helvetica, sans-serif;\">e) CAT &#8211; Comunica\u00e7\u00e3o de Acidente de Trabalho;<\/span><\/li>\n<li><span style=\"font-family: arial, helvetica, sans-serif;\">f) CD &#8211; Comunica\u00e7\u00e3o de Dispensa;<\/span><\/li>\n<li><span style=\"font-family: arial, helvetica, sans-serif;\">g) CTPS \u2013 Carteira de Trabalho e Previd\u00eancia Social;<\/span><\/li>\n<li><span style=\"font-family: arial, helvetica, sans-serif;\">h) PPP &#8211; Perfil Profissiogr\u00e1fico Previdenci\u00e1rio;<\/span><\/li>\n<li><span style=\"font-family: arial, helvetica, sans-serif;\">i) DIRF &#8211; Declara\u00e7\u00e3o do Imposto de Renda Retido na Fonte;<\/span><\/li>\n<li><span style=\"font-family: arial, helvetica, sans-serif;\">j) DCTF &#8211; Declara\u00e7\u00e3o de D\u00e9bitos e Cr\u00e9ditos Tribut\u00e1rios Federais;<\/span><\/li>\n<li><span style=\"font-family: arial, helvetica, sans-serif;\">k) QHT \u2013 Quadro de Hor\u00e1rio de Trabalho;<\/span><\/li>\n<li><span style=\"font-family: arial, helvetica, sans-serif;\">l) MANAD \u2013 Manual Normativo de Arquivos Digitais;<\/span><\/li>\n<li><span style=\"font-family: arial, helvetica, sans-serif;\">m) Folha de pagamento;<\/span><\/li>\n<li><span style=\"font-family: arial, helvetica, sans-serif;\">n) GRF \u2013 Guia de Recolhimento do FGTS; e<\/span><\/li>\n<li><span style=\"font-family: arial, helvetica, sans-serif;\">o) GPS \u2013 Guia da Previd\u00eancia Social<\/span><\/li>\n<\/ol>\n<p style=\"text-align: justify;\"><span style=\"font-family: arial, helvetica, sans-serif;\">Rog\u00e9rio Simonetti Marinho<\/span><\/p>\n<p style=\"text-align: justify;\"><span style=\"font-family: arial, helvetica, sans-serif;\">Secret\u00e1rio Especial de Previd\u00eancia e Trabalho<\/span><\/p>\n<p style=\"text-align: justify;\"><span style=\"font-family: arial, helvetica, sans-serif;\">Marcos Cintra Cavalcanti de Albuquerque<\/span><\/p>\n<p style=\"text-align: justify;\"><span style=\"font-family: arial, helvetica, sans-serif;\">Secret\u00e1rio Especial da Receita Federal do Brasil<\/span><\/p>\n<p style=\"text-align: justify;\"><span style=\"font-family: arial, helvetica, sans-serif;\">Paulo Antonio Spencer Uebel<\/span><\/p>\n<p style=\"text-align: justify;\"><span style=\"font-family: arial, helvetica, sans-serif;\">Secret\u00e1rio Especial de Desburocratiza\u00e7\u00e3o, Gest\u00e3o e Governo Digital\u201d<\/span><\/p>\n<p style=\"text-align: justify;\"><span style=\"font-family: arial, helvetica, sans-serif;\"><strong>FONTE: Portal eSocial<\/strong><\/span><\/p>\n","protected":false},"excerpt":{"rendered":"<p>Secretarias Especiais do Minist\u00e9rio da Economia esclarecem pontos sobre a [&hellip;]<\/p>\n","protected":false},"author":6,"featured_media":0,"comment_status":"closed","ping_status":"open","sticky":false,"template":"","format":"standard","meta":{"jetpack_post_was_ever_published":false,"_jetpack_newsletter_access":"","_jetpack_dont_email_post_to_subs":false,"_jetpack_newsletter_tier_id":0,"_jetpack_memberships_contains_paywalled_content":false,"footnotes":"","_jetpack_memberships_contains_paid_content":false,"jetpack_publicize_message":"","jetpack_publicize_feature_enabled":true,"jetpack_social_post_already_shared":true,"jetpack_social_options":{"image_generator_settings":{"template":"highway","enabled":false}}},"categories":[2],"tags":[],"jetpack_publicize_connections":[],"jetpack_featured_media_url":"","jetpack_sharing_enabled":true,"jetpack_shortlink":"https:\/\/wp.me\/paFpWR-10l","_links":{"self":[{"href":"https:\/\/bonettiassociados.com.br\/index.php\/wp-json\/wp\/v2\/posts\/3865"}],"collection":[{"href":"https:\/\/bonettiassociados.com.br\/index.php\/wp-json\/wp\/v2\/posts"}],"about":[{"href":"https:\/\/bonettiassociados.com.br\/index.php\/wp-json\/wp\/v2\/types\/post"}],"author":[{"embeddable":true,"href":"https:\/\/bonettiassociados.com.br\/index.php\/wp-json\/wp\/v2\/users\/6"}],"replies":[{"embeddable":true,"href":"https:\/\/bonettiassociados.com.br\/index.php\/wp-json\/wp\/v2\/comments?post=3865"}],"version-history":[{"count":1,"href":"https:\/\/bonettiassociados.com.br\/index.php\/wp-json\/wp\/v2\/posts\/3865\/revisions"}],"predecessor-version":[{"id":3866,"href":"https:\/\/bonettiassociados.com.br\/index.php\/wp-json\/wp\/v2\/posts\/3865\/revisions\/3866"}],"wp:attachment":[{"href":"https:\/\/bonettiassociados.com.br\/index.php\/wp-json\/wp\/v2\/media?parent=3865"}],"wp:term":[{"taxonomy":"category","embeddable":true,"href":"https:\/\/bonettiassociados.com.br\/index.php\/wp-json\/wp\/v2\/categories?post=3865"},{"taxonomy":"post_tag","embeddable":true,"href":"https:\/\/bonettiassociados.com.br\/index.php\/wp-json\/wp\/v2\/tags?post=3865"}],"curies":[{"name":"wp","href":"https:\/\/api.w.org\/{rel}","templated":true}]}}