{"id":3859,"date":"2019-08-09T10:47:53","date_gmt":"2019-08-09T13:47:53","guid":{"rendered":"http:\/\/bonettiassociados.com.br\/?p=3859"},"modified":"2019-08-09T10:47:53","modified_gmt":"2019-08-09T13:47:53","slug":"carf-mantem-autuacao-por-venda-de-concessionaria-via-socio-estrangeiro","status":"publish","type":"post","link":"https:\/\/bonettiassociados.com.br\/index.php\/2019\/08\/09\/carf-mantem-autuacao-por-venda-de-concessionaria-via-socio-estrangeiro\/","title":{"rendered":"CARF MANT\u00c9M AUTUA\u00c7\u00c3O POR VENDA DE CONCESSION\u00c1RIA VIA S\u00d3CIO ESTRANGEIRO"},"content":{"rendered":"<p style=\"text-align: justify;\"><span style=\"font-family: arial, helvetica, sans-serif;\">Mois\u00e9s Carvalho: &#8220;Tem que diferenciar o que \u00e9 op\u00e7\u00e3o legal e o que \u00e9 mat\u00e9ria jur\u00eddica constru\u00edda em cima do texto legal&#8221;.<\/span><!--more--><\/p>\n<p style=\"text-align: justify;\"><span style=\"font-family: arial, helvetica, sans-serif;\">O Conselho Administrativo de Recursos Fiscais (Carf) vetou a estrat\u00e9gia adotada pela Vialco Constru\u00e7\u00f5es para a venda da SPVias, concession\u00e1ria de rodovias em S\u00e3o Paulo. A opera\u00e7\u00e3o foi feita por meio de uma companhia estrangeira, o que reduziu a tributa\u00e7\u00e3o sobre o ganho de capital decorrente do neg\u00f3cio de 34% para 15%.<\/span><\/p>\n<p style=\"text-align: justify;\"><span style=\"font-family: arial, helvetica, sans-serif;\">O caso foi julgado esta semana pela 1\u00aa Turma da C\u00e2mara Superior, a \u00faltima inst\u00e2ncia do Carf, que negou recurso da Vialco Constru\u00e7\u00f5es e manteve a autua\u00e7\u00e3o fiscal aplicada pela Receita Federal. Prevaleceu, entre os conselheiros, o entendimento de que n\u00e3o houve um &#8220;prop\u00f3sito negocial&#8221; para a opera\u00e7\u00e3o. Teria havido, segundo eles, um &#8220;planejamento tribut\u00e1rio abusivo&#8221; visando exclusivamente reduzir o pagamento de impostos.<\/span><\/p>\n<p style=\"text-align: justify;\"><span style=\"font-family: arial, helvetica, sans-serif;\">Foi a primeira vez que a C\u00e2mara Superior do Carf julgou o tema. H\u00e1 uma s\u00e9rie de processos nas turmas ordin\u00e1rias que tem como alvo opera\u00e7\u00f5es de venda de empresas em que houve devolu\u00e7\u00e3o de capital para acionistas. Al\u00e9m desse caso envolvendo companhia estrangeira, h\u00e1 outros, como o uso de Fundo de Investimentos e Participa\u00e7\u00f5es (FIP) e o que envolve a venda de ativos por meio do s\u00f3cio pessoa f\u00edsica.<\/span><\/p>\n<p style=\"text-align: justify;\"><span style=\"font-family: arial, helvetica, sans-serif;\">No caso da Vialco Constru\u00e7\u00f5es, que era a dona da SPVias, consta no processo (n\u00ba 16561.720127\/20 15-18) que, em meio \u00e0s negocia\u00e7\u00f5es com a CCR &#8211; que adquiriu a concession\u00e1ria em 2010 -, ela repassou todas as suas cotas para uma uruguaia, a Interban Sociedad An\u00f3nima, que detinha participa\u00e7\u00e3o minorit\u00e1ria na concession\u00e1ria. Essa transfer\u00eancia de a\u00e7\u00f5es, feita a t\u00edtulo de devolu\u00e7\u00e3o do capital investido (redu\u00e7\u00e3o de capital), ocorreu dois meses antes da assinatura do contrato de venda, segundo a fiscaliza\u00e7\u00e3o.<\/span><\/p>\n<p style=\"text-align: justify;\"><span style=\"font-family: arial, helvetica, sans-serif;\">&#8220;Com tal estrat\u00e9gia, ao rev\u00e9s de ter sido recolhida uma tributa\u00e7\u00e3o de 34% (25% de IRPJ e 9% da CSLL) pela pessoa jur\u00eddica domiciliada no pa\u00eds, foi apurada uma tributa\u00e7\u00e3o significativamente menor de 15% a t\u00edtulo de IRF [Imposto de Renda Retido na Fonte]. A evas\u00e3o tribut\u00e1ria foi, portanto, de aproximadamente 19% sobre o ganho&#8221;, consta no auto que foi aplicado pela Receita \u00e0 Vialco Constru\u00e7\u00f5es.<\/span><\/p>\n<p style=\"text-align: justify;\"><span style=\"font-family: arial, helvetica, sans-serif;\">A discuss\u00e3o na C\u00e2mara Superior do Carf se deu em torno do artigo 22 da Lei n\u00ba 9.249, que permite a devolu\u00e7\u00e3o de capital da empresa aos seus s\u00f3cios pelo valor cont\u00e1bil. A empresa informou aos conselheiros que agiu dentro da lei e que a turma ordin\u00e1ria j\u00e1 havia reconhecido que n\u00e3o houve tentativa fraude ou simula\u00e7\u00e3o, tanto que retirou a multa qualificada de 150% &#8211; reduzindo a penalidade para 75%.<\/span><\/p>\n<p style=\"text-align: justify;\"><span style=\"font-family: arial, helvetica, sans-serif;\">&#8220;O fato de os acionistas planejarem redu\u00e7\u00e3o de capital visando a subsequente aliena\u00e7\u00e3o est\u00e1 previsto em lei&#8221;, afirmou o representante da Vialco perante os conselheiros da 1\u00aa Turma da C\u00e2mara Superior. &#8220;O Fisco n\u00e3o pode impor ao contribuinte uma op\u00e7\u00e3o mais onerosa enquanto a pr\u00f3pria lei prev\u00ea uma op\u00e7\u00e3o menos onerosa&#8221;, complementou.<\/span><\/p>\n<p style=\"text-align: justify;\"><span style=\"font-family: arial, helvetica, sans-serif;\">J\u00e1 a Procuradoria-Geral da Fazenda Nacional (PGFN) enfatizou que, apesar de a lei permitir a devolu\u00e7\u00e3o de capital da empresa ao s\u00f3cio, n\u00e3o faz nenhuma men\u00e7\u00e3o sobre o ganho de capital obtido na venda. &#8220;Tem que diferenciar o que \u00e9 op\u00e7\u00e3o legal e o que \u00e9 mat\u00e9ria jur\u00eddica constru\u00edda em cima do texto legal&#8221;, afirmou o procurador Mois\u00e9s de Sousa Carvalho, que coordena a atua\u00e7\u00e3o da PGFN no Carf.<\/span><\/p>\n<p style=\"text-align: justify;\"><span style=\"font-family: arial, helvetica, sans-serif;\">Ele reconheceu que a venda dos bens pelo s\u00f3cio n\u00e3o \u00e9 vedada, mas sustentou aos conselheiros que a aliena\u00e7\u00e3o, nesses moldes, deveria &#8220;manter congru\u00eancia com o contexto da opera\u00e7\u00e3o&#8221;. &#8220;A op\u00e7\u00e3o legal n\u00e3o autoriza atos artificiais, n\u00e3o autoriza abuso e n\u00e3o autoriza simula\u00e7\u00e3o&#8221;, disse. &#8220;Porque poucos meses ap\u00f3s a venda, o capital social da Vialco foi restabelecido, voltou para o Brasil. A redu\u00e7\u00e3o foi um instrumento utilizado para transferir as cotas e o ganho de capital para a empresa no exterior&#8221;, completou.<\/span><\/p>\n<p style=\"text-align: justify;\"><span style=\"font-family: arial, helvetica, sans-serif;\">A decis\u00e3o se deu pelo voto de qualidade (desempate) da presidente da 1\u00aa Turma da C\u00e2mara Superior, Adriana Gomes R\u00eago. Os quatro conselheiros representantes dos contribuintes se posicionaram de forma favor\u00e1vel \u00e0 opera\u00e7\u00e3o e os outros quatro que comp\u00f5e a turma, representantes fazend\u00e1rios, votaram contra.<\/span><\/p>\n<p style=\"text-align: justify;\"><span style=\"font-family: arial, helvetica, sans-serif;\">Relator do caso, o conselheiro Demetrius Nichele Macei, representante dos contribuintes, entendeu que n\u00e3o houve simula\u00e7\u00e3o nem planejamento abusivo na opera\u00e7\u00e3o de venda da SPVias. Para ele, n\u00e3o h\u00e1 veda\u00e7\u00e3o legal para que a venda tivesse ocorrido por meio da empresa estrangeira. &#8220;N\u00e3o se discute que poderia ter sido realizada diretamente pela Vialco, mas havia uma alternativa e a recorrente [empresa] fez a op\u00e7\u00e3o menos onerosa&#8221;, afirmou.<\/span><\/p>\n<p style=\"text-align: justify;\"><span style=\"font-family: arial, helvetica, sans-serif;\">Ele ficou vencido pela diverg\u00eancia, no entanto, que foi aberta pelo conselheiro Andr\u00e9 Mendes Moura, representante da Fazenda. &#8220;Ficou muito n\u00edtida a inten\u00e7\u00e3o de repassar os ativos para uma pessoa que goza de tributa\u00e7\u00e3o mais favor\u00e1vel&#8221;, frisou.<\/span><\/p>\n<p style=\"text-align: justify;\"><span style=\"font-family: arial, helvetica, sans-serif;\">Para o conselheiro, o artigo 22 da Lei n\u00ba 9.249 n\u00e3o pode servir como um &#8220;cheque em branco&#8221; para a transfer\u00eancia do ganho de capital. Ele foi seguido por todos os demais conselheiros fazend\u00e1rios &#8211; que culminou com o voto duplo da presidente e a derrota, ent\u00e3o, do contribuinte.<\/span><\/p>\n<p style=\"text-align: justify;\"><span style=\"font-family: arial, helvetica, sans-serif;\">Especialista na \u00e1rea, o advogado Tiago Conde, s\u00f3cio do escrit\u00f3rio Sacha Calmon, acredita que essa decis\u00e3o do Carf n\u00e3o significa, no entanto, o &#8220;sepultamento da tese&#8221;. &#8220;Vai depender do caso concreto&#8221;, diz. &#8220;Se o contribuinte conseguir que o Carf visualize o prop\u00f3sito negocial da opera\u00e7\u00e3o, a decis\u00e3o poder\u00e1 ser favor\u00e1vel&#8221;, acrescenta.<\/span><\/p>\n<p style=\"text-align: justify;\"><span style=\"font-family: arial, helvetica, sans-serif;\"><strong>FONTE: Valor Econ\u00f4mico &#8211; Por Joice Bacelo<\/strong><\/span><\/p>\n","protected":false},"excerpt":{"rendered":"<p>Mois\u00e9s Carvalho: &#8220;Tem que diferenciar o que \u00e9 op\u00e7\u00e3o legal [&hellip;]<\/p>\n","protected":false},"author":6,"featured_media":0,"comment_status":"closed","ping_status":"open","sticky":false,"template":"","format":"standard","meta":{"jetpack_post_was_ever_published":false,"_jetpack_newsletter_access":"","_jetpack_dont_email_post_to_subs":false,"_jetpack_newsletter_tier_id":0,"_jetpack_memberships_contains_paywalled_content":false,"footnotes":"","_jetpack_memberships_contains_paid_content":false,"jetpack_publicize_message":"","jetpack_publicize_feature_enabled":true,"jetpack_social_post_already_shared":true,"jetpack_social_options":{"image_generator_settings":{"template":"highway","enabled":false}}},"categories":[2],"tags":[],"jetpack_publicize_connections":[],"jetpack_featured_media_url":"","jetpack_sharing_enabled":true,"jetpack_shortlink":"https:\/\/wp.me\/paFpWR-10f","_links":{"self":[{"href":"https:\/\/bonettiassociados.com.br\/index.php\/wp-json\/wp\/v2\/posts\/3859"}],"collection":[{"href":"https:\/\/bonettiassociados.com.br\/index.php\/wp-json\/wp\/v2\/posts"}],"about":[{"href":"https:\/\/bonettiassociados.com.br\/index.php\/wp-json\/wp\/v2\/types\/post"}],"author":[{"embeddable":true,"href":"https:\/\/bonettiassociados.com.br\/index.php\/wp-json\/wp\/v2\/users\/6"}],"replies":[{"embeddable":true,"href":"https:\/\/bonettiassociados.com.br\/index.php\/wp-json\/wp\/v2\/comments?post=3859"}],"version-history":[{"count":1,"href":"https:\/\/bonettiassociados.com.br\/index.php\/wp-json\/wp\/v2\/posts\/3859\/revisions"}],"predecessor-version":[{"id":3860,"href":"https:\/\/bonettiassociados.com.br\/index.php\/wp-json\/wp\/v2\/posts\/3859\/revisions\/3860"}],"wp:attachment":[{"href":"https:\/\/bonettiassociados.com.br\/index.php\/wp-json\/wp\/v2\/media?parent=3859"}],"wp:term":[{"taxonomy":"category","embeddable":true,"href":"https:\/\/bonettiassociados.com.br\/index.php\/wp-json\/wp\/v2\/categories?post=3859"},{"taxonomy":"post_tag","embeddable":true,"href":"https:\/\/bonettiassociados.com.br\/index.php\/wp-json\/wp\/v2\/tags?post=3859"}],"curies":[{"name":"wp","href":"https:\/\/api.w.org\/{rel}","templated":true}]}}