{"id":3857,"date":"2019-08-09T10:46:18","date_gmt":"2019-08-09T13:46:18","guid":{"rendered":"http:\/\/bonettiassociados.com.br\/?p=3857"},"modified":"2019-08-09T10:46:18","modified_gmt":"2019-08-09T13:46:18","slug":"novos-entendimentos-carf-vai-analisar-e-aprovar-ate-50-novas-sumulas-em-setembro","status":"publish","type":"post","link":"https:\/\/bonettiassociados.com.br\/index.php\/2019\/08\/09\/novos-entendimentos-carf-vai-analisar-e-aprovar-ate-50-novas-sumulas-em-setembro\/","title":{"rendered":"NOVOS ENTENDIMENTOS &#8211; CARF VAI ANALISAR E APROVAR AT\u00c9 50 NOVAS S\u00daMULAS EM SETEMBRO"},"content":{"rendered":"<p><span style=\"font-family: arial, helvetica, sans-serif;\">O Conselho Administrativo de Recursos Fiscais (Carf) vai analisar, no dia 3\/9, 50 novas s\u00famulas para o tribunal administrativo tribut\u00e1rio. Os verbetes est\u00e3o no Di\u00e1rio Oficial da Uni\u00e3o publicado na ter\u00e7a-feira (6\/8).<\/span><!--more--><\/p>\n<p><span style=\"font-family: arial, helvetica, sans-serif;\">Os enunciados ser\u00e3o votados por 26 conselheiros que fazem parte das tr\u00eas c\u00e2maras superiores do Carf. Segundo o regimento interno do \u00f3rg\u00e3o, a s\u00famula ser\u00e1 aprovada se obtiver maioria qualificada para sua aprova\u00e7\u00e3o \u2013 tr\u00eas quintos dos votantes ou 16 conselheiros do Pleno. S\u00famulas sobre temas que dizem respeito a apenas uma c\u00e2mara superior precisam de seis votos.<\/span><\/p>\n<p><span style=\"font-family: arial, helvetica, sans-serif;\">As s\u00famulas dizem respeito a cr\u00e9dito tribut\u00e1rio depositado judicialmente, responsabiliza\u00e7\u00e3o do polo passivo da obriga\u00e7\u00e3o tribut\u00e1ria, enquadramento de infra\u00e7\u00e3o, multas de of\u00edcio, liquida\u00e7\u00e3o extrajudicial e den\u00fancia espont\u00e2nea.<\/span><\/p>\n<p><span style=\"font-family: arial, helvetica, sans-serif;\">LINK <a href=\"https:\/\/www.conjur.com.br\/dl\/carf-analisar-aprovar-50-novas-sumulas.pdf\">https:\/\/www.conjur.com.br\/dl\/carf-analisar-aprovar-50-novas-sumulas.pdf<\/a><\/span><\/p>\n<p><span style=\"font-family: arial, helvetica, sans-serif;\"><strong>FONTE: Conjur &#8211; Por Gabriela Coelho<\/strong><\/span><\/p>\n","protected":false},"excerpt":{"rendered":"<p>O Conselho Administrativo de Recursos Fiscais (Carf) vai analisar, no [&hellip;]<\/p>\n","protected":false},"author":6,"featured_media":0,"comment_status":"closed","ping_status":"open","sticky":false,"template":"","format":"standard","meta":{"jetpack_post_was_ever_published":false,"_jetpack_newsletter_access":"","_jetpack_dont_email_post_to_subs":false,"_jetpack_newsletter_tier_id":0,"_jetpack_memberships_contains_paywalled_content":false,"footnotes":"","_jetpack_memberships_contains_paid_content":false,"jetpack_publicize_message":"","jetpack_publicize_feature_enabled":true,"jetpack_social_post_already_shared":true,"jetpack_social_options":{"image_generator_settings":{"template":"highway","enabled":false}}},"categories":[2],"tags":[],"jetpack_publicize_connections":[],"jetpack_featured_media_url":"","jetpack_sharing_enabled":true,"jetpack_shortlink":"https:\/\/wp.me\/paFpWR-10d","_links":{"self":[{"href":"https:\/\/bonettiassociados.com.br\/index.php\/wp-json\/wp\/v2\/posts\/3857"}],"collection":[{"href":"https:\/\/bonettiassociados.com.br\/index.php\/wp-json\/wp\/v2\/posts"}],"about":[{"href":"https:\/\/bonettiassociados.com.br\/index.php\/wp-json\/wp\/v2\/types\/post"}],"author":[{"embeddable":true,"href":"https:\/\/bonettiassociados.com.br\/index.php\/wp-json\/wp\/v2\/users\/6"}],"replies":[{"embeddable":true,"href":"https:\/\/bonettiassociados.com.br\/index.php\/wp-json\/wp\/v2\/comments?post=3857"}],"version-history":[{"count":1,"href":"https:\/\/bonettiassociados.com.br\/index.php\/wp-json\/wp\/v2\/posts\/3857\/revisions"}],"predecessor-version":[{"id":3858,"href":"https:\/\/bonettiassociados.com.br\/index.php\/wp-json\/wp\/v2\/posts\/3857\/revisions\/3858"}],"wp:attachment":[{"href":"https:\/\/bonettiassociados.com.br\/index.php\/wp-json\/wp\/v2\/media?parent=3857"}],"wp:term":[{"taxonomy":"category","embeddable":true,"href":"https:\/\/bonettiassociados.com.br\/index.php\/wp-json\/wp\/v2\/categories?post=3857"},{"taxonomy":"post_tag","embeddable":true,"href":"https:\/\/bonettiassociados.com.br\/index.php\/wp-json\/wp\/v2\/tags?post=3857"}],"curies":[{"name":"wp","href":"https:\/\/api.w.org\/{rel}","templated":true}]}}