{"id":3855,"date":"2019-08-09T10:45:21","date_gmt":"2019-08-09T13:45:21","guid":{"rendered":"http:\/\/bonettiassociados.com.br\/?p=3855"},"modified":"2019-08-09T10:45:21","modified_gmt":"2019-08-09T13:45:21","slug":"supremo-julgara-acoes-contra-taxas-de-fiscalizacao","status":"publish","type":"post","link":"https:\/\/bonettiassociados.com.br\/index.php\/2019\/08\/09\/supremo-julgara-acoes-contra-taxas-de-fiscalizacao\/","title":{"rendered":"SUPREMO JULGAR\u00c1 A\u00c7\u00d5ES CONTRA TAXAS DE FISCALIZA\u00c7\u00c3O"},"content":{"rendered":"<p style=\"text-align: justify;\"><span style=\"font-family: arial, helvetica, sans-serif;\">O STF adiou o julgamento das a\u00e7\u00f5es diretas de inconstitucionalidade da Abep e da CNI que contestam a cria\u00e7\u00e3o da TFPG pelo governo do Rio de Janeiro.<\/span><!--more--><\/p>\n<p style=\"text-align: justify;\"><span style=\"font-family: arial, helvetica, sans-serif;\">O Supremo Tribunal Federal (STF) adiou o julgamento das a\u00e7\u00f5es diretas de inconstitucionalidade da Associa\u00e7\u00e3o Brasileira de Explora\u00e7\u00e3o e Produ\u00e7\u00e3o de Petr\u00f3leo (Abep) e da Confedera\u00e7\u00e3o Nacional da Ind\u00fastria (CNI) que contestam a cria\u00e7\u00e3o da Taxa de Fiscaliza\u00e7\u00e3o da Explora\u00e7\u00e3o e Produ\u00e7\u00e3o de Petr\u00f3leo e G\u00e1s (TFPG) pelo governo do Rio de Janeiro. Mas est\u00e3o na pauta dos ministros, do dia 11 de setembro, outras duas a\u00e7\u00f5es contra outras taxas semelhantes.<\/span><\/p>\n<p style=\"text-align: justify;\"><span style=\"font-family: arial, helvetica, sans-serif;\">Na sess\u00e3o de ontem, o ministro Dias Toffoli se desculpou com os advogados, presentes para fazer sustenta\u00e7\u00e3o oral, e disse que tentar\u00e1 realocar os processos (ADI 5480 e ADI 5512) para data futura. Durante a tarde, o Supremo terminou de analisar a\u00e7\u00e3o sobre o Estatuto da Crian\u00e7a e do Adolescente (ECA) e n\u00e3o restou tempo para o julgamento.<\/span><\/p>\n<p style=\"text-align: justify;\"><span style=\"font-family: arial, helvetica, sans-serif;\">A TFPG foi criada no fim de dezembro de 2015, pela Lei n\u00ba 7.182, no auge da crise econ\u00f4mica no Rio. Por enquanto, ela n\u00e3o \u00e9 paga porque as empresas do setor conseguiram liminares na Justi\u00e7a para suspender a cobran\u00e7a. Mas se considerada constitucional, vai impactar o setor.<\/span><\/p>\n<p style=\"text-align: justify;\"><span style=\"font-family: arial, helvetica, sans-serif;\">Est\u00e3o na pauta de setembro duas a\u00e7\u00f5es diretas de inconstitucionalidade (ADI 5489 e ADI 5374) da Confedera\u00e7\u00e3o Nacional da Ind\u00fastria (CNI). Uma delas contesta a cobran\u00e7a da Taxa de Fiscaliza\u00e7\u00e3o de Gera\u00e7\u00e3o e Distribui\u00e7\u00e3o de Energia El\u00e9trica (TFGE), tamb\u00e9m do Rio, e a outra questiona a Taxa de Fiscaliza\u00e7\u00e3o de Explora\u00e7\u00e3o de Recursos H\u00eddricos (TFRH), do Par\u00e1.<\/span><\/p>\n<p style=\"text-align: justify;\"><span style=\"font-family: arial, helvetica, sans-serif;\">Ambas est\u00e3o sob relatoria do ministro Lu\u00eds Roberto Barroso e esta \u00faltima j\u00e1 tem liminar favor\u00e1vel. As quatro a\u00e7\u00f5es baseiam-se no mesmo argumento principal de que o valor da taxa deve ser proporcional ao custo estatal para a fiscaliza\u00e7\u00e3o. &#8220;Por isso, a decis\u00e3o de qualquer uma das a\u00e7\u00f5es servir\u00e1 de precedente para a discuss\u00f5es sobre as demais taxas&#8221;, diz o advogado Eduardo Maneira, s\u00f3cio do escrit\u00f3rio Maneira Advogados e representante jur\u00eddico da Abep.<\/span><\/p>\n<p style=\"text-align: justify;\"><span style=\"font-family: arial, helvetica, sans-serif;\">Al\u00e9m disso, a Sinochem Brasil Petr\u00f3leo, dever\u00e1 pedir ao \u00d3rg\u00e3o Especial do Tribunal de Justi\u00e7a do Rio de Janeiro (TJ-RJ) que julgue a constitucionalidade da cobran\u00e7a da TFPG (processo n\u00ba 0140783-78.2016.8.19.0001). Uma a\u00e7\u00e3o da companhia foi retirada da pauta do \u00d3rg\u00e3o Especial por causa do julgamento dos processos da Abep e CNI pelo Supremo.<\/span><\/p>\n<p style=\"text-align: justify;\"><span style=\"font-family: arial, helvetica, sans-serif;\">&#8220;A expectativa \u00e9 que o processo seja reinclu\u00eddo na pauta do \u00d3rg\u00e3o Especial. Pediremos para a sess\u00e3o do dia 19 ou 26&#8221;, afirma o advogado Rodrigo Pinheiro, do escrit\u00f3rio Schmidt Valois Advogados, representante jur\u00eddico da Sinochem. O Instituto Brasileiro de Petr\u00f3leo, G\u00e1s e Biocombust\u00edveis (IBP) \u00e9 &#8220;amicus curiae&#8221; (parte interessada) no processo da empresa. (Colaborou Joice Bacelo, de Bras\u00edlia)<\/span><\/p>\n<p style=\"text-align: justify;\"><span style=\"font-family: arial, helvetica, sans-serif;\"><strong>FONTE: Valor Econ\u00f4mico &#8211; Por Laura Ign\u00e1cio<\/strong><\/span><\/p>\n","protected":false},"excerpt":{"rendered":"<p>O STF adiou o julgamento das a\u00e7\u00f5es diretas de inconstitucionalidade [&hellip;]<\/p>\n","protected":false},"author":6,"featured_media":0,"comment_status":"closed","ping_status":"open","sticky":false,"template":"","format":"standard","meta":{"jetpack_post_was_ever_published":false,"_jetpack_newsletter_access":"","_jetpack_dont_email_post_to_subs":false,"_jetpack_newsletter_tier_id":0,"_jetpack_memberships_contains_paywalled_content":false,"footnotes":"","_jetpack_memberships_contains_paid_content":false,"jetpack_publicize_message":"","jetpack_publicize_feature_enabled":true,"jetpack_social_post_already_shared":true,"jetpack_social_options":{"image_generator_settings":{"template":"highway","enabled":false}}},"categories":[2],"tags":[],"jetpack_publicize_connections":[],"jetpack_featured_media_url":"","jetpack_sharing_enabled":true,"jetpack_shortlink":"https:\/\/wp.me\/paFpWR-10b","_links":{"self":[{"href":"https:\/\/bonettiassociados.com.br\/index.php\/wp-json\/wp\/v2\/posts\/3855"}],"collection":[{"href":"https:\/\/bonettiassociados.com.br\/index.php\/wp-json\/wp\/v2\/posts"}],"about":[{"href":"https:\/\/bonettiassociados.com.br\/index.php\/wp-json\/wp\/v2\/types\/post"}],"author":[{"embeddable":true,"href":"https:\/\/bonettiassociados.com.br\/index.php\/wp-json\/wp\/v2\/users\/6"}],"replies":[{"embeddable":true,"href":"https:\/\/bonettiassociados.com.br\/index.php\/wp-json\/wp\/v2\/comments?post=3855"}],"version-history":[{"count":1,"href":"https:\/\/bonettiassociados.com.br\/index.php\/wp-json\/wp\/v2\/posts\/3855\/revisions"}],"predecessor-version":[{"id":3856,"href":"https:\/\/bonettiassociados.com.br\/index.php\/wp-json\/wp\/v2\/posts\/3855\/revisions\/3856"}],"wp:attachment":[{"href":"https:\/\/bonettiassociados.com.br\/index.php\/wp-json\/wp\/v2\/media?parent=3855"}],"wp:term":[{"taxonomy":"category","embeddable":true,"href":"https:\/\/bonettiassociados.com.br\/index.php\/wp-json\/wp\/v2\/categories?post=3855"},{"taxonomy":"post_tag","embeddable":true,"href":"https:\/\/bonettiassociados.com.br\/index.php\/wp-json\/wp\/v2\/tags?post=3855"}],"curies":[{"name":"wp","href":"https:\/\/api.w.org\/{rel}","templated":true}]}}