{"id":38118,"date":"2024-04-25T09:51:26","date_gmt":"2024-04-25T12:51:26","guid":{"rendered":"https:\/\/bonettiassociados.com.br\/?p=38118"},"modified":"2024-04-25T09:51:26","modified_gmt":"2024-04-25T12:51:26","slug":"reforma-preve-que-o-imposto-seletivo-incidira-sobre-bebidas-barcos-veja-relacao","status":"publish","type":"post","link":"https:\/\/bonettiassociados.com.br\/index.php\/2024\/04\/25\/reforma-preve-que-o-imposto-seletivo-incidira-sobre-bebidas-barcos-veja-relacao\/","title":{"rendered":"REFORMA PREV\u00ca QUE O IMPOSTO SELETIVO INCIDIR\u00c1 SOBRE BEBIDAS, BARCOS; VEJA RELA\u00c7\u00c3O"},"content":{"rendered":"<p style=\"text-align: justify;\"><span style=\"font-family: arial, helvetica, sans-serif;\">O projeto de lei tamb\u00e9m diz que compete \u00e0 Receita Federal a administra\u00e7\u00e3o e a fiscaliza\u00e7\u00e3o do Imposto Seletivo.<\/span><\/p>\n<p style=\"text-align: justify;\"><!--more--><\/p>\n<p style=\"text-align: justify;\"><span style=\"font-family: arial, helvetica, sans-serif;\">O projeto de lei complementar que regulamenta a reforma tribut\u00e1ria prev\u00ea que o Imposto Seletivo (IS) incidir\u00e1 sobre seis categorias de bens: ve\u00edculos; embarca\u00e7\u00f5es e aeronaves; produtos fum\u00edgenos (como cigarros e charutos); bebidas alco\u00f3licas; bebidas a\u00e7ucaradas; e bens minerais extra\u00eddos (ferro, petr\u00f3leo e g\u00e1s natural). O Valor teve acesso \u00e0 integra do projeto, que foi entregue hoje ao Congresso Nacional.<\/span><\/p>\n<p style=\"text-align: justify;\"><span style=\"font-family: arial, helvetica, sans-serif;\">De acordo com o texto, o IS incidir\u00e1 uma \u00fanica vez sobre o bem, sendo vedado qualquer tipo de aproveitamento de cr\u00e9dito do imposto com opera\u00e7\u00f5es anteriores ou gera\u00e7\u00e3o de cr\u00e9ditos para opera\u00e7\u00f5es posteriores.<\/span><\/p>\n<p style=\"text-align: justify;\"><span style=\"font-family: arial, helvetica, sans-serif;\">O projeto de lei tamb\u00e9m diz que compete \u00e0 Receita Federal a administra\u00e7\u00e3o e a fiscaliza\u00e7\u00e3o do Imposto Seletivo. J\u00e1 o contencioso administrativo atender\u00e1 ao disposto no Decreto n\u00ba 70.235, de 6 de mar\u00e7o de 1972.<\/span><\/p>\n<p style=\"text-align: justify;\"><span style=\"font-family: arial, helvetica, sans-serif;\">O texto tamb\u00e9m prev\u00ea a imunidade do Seletivo sobre exporta\u00e7\u00f5es, ressalvada a hip\u00f3tese de bens minerais extra\u00eddos; opera\u00e7\u00f5es com energia el\u00e9trica e com telecomunica\u00e7\u00f5es.<\/span><\/p>\n<p style=\"text-align: justify;\"><span style=\"font-family: arial, helvetica, sans-serif;\">Tamb\u00e9m est\u00e3o previstas as hip\u00f3teses de n\u00e3o incid\u00eancia sobre os bens e servi\u00e7os com redu\u00e7\u00e3o em 60% da al\u00edquota padr\u00e3o, nos regimes diferenciados, transporte p\u00fablico coletivo de passageiros rodovi\u00e1rio e metrovi\u00e1rio de car\u00e1ter urbano, semiurbano e metropolitano.<\/span><\/p>\n<p style=\"text-align: justify;\"><span style=\"font-family: arial, helvetica, sans-serif;\">O texto tamb\u00e9m esclarece que o IS n\u00e3o integra a sua pr\u00f3pria base de c\u00e1lculo e integra a base de c\u00e1lculo do IBS e da CBS.<\/span><\/p>\n<p style=\"text-align: justify;\"><span style=\"font-family: arial, helvetica, sans-serif;\">Na mensagem encaminhada ao Congresso Nacional, o governo justifica a incid\u00eancia do IS sobre a aquisi\u00e7\u00e3o de ve\u00edculos, aeronaves e embarca\u00e7\u00f5es por serem emissores de poluentes que causam danos ao meio ambiente e ao homem.<\/span><\/p>\n<p style=\"text-align: justify;\"><span style=\"font-family: arial, helvetica, sans-serif;\">Em rela\u00e7\u00e3o aos ve\u00edculos, a proposta \u00e9 que as al\u00edquotas do Imposto Seletivo incidam sobre ve\u00edculos automotores classificados como autom\u00f3veis e ve\u00edculos comerciais leves e variem a partir de uma al\u00edquota base, de acordo com os atributos de cada ve\u00edculo. Ser\u00e3o considerados itens como a pot\u00eancia do ve\u00edculo; efici\u00eancia energ\u00e9tica; pegada de carbono; e densidade tecnol\u00f3gica. A al\u00edquota base de cada ve\u00edculo poder\u00e1 ser majorada ou decrescida de acordo com esses crit\u00e9rios elencados acima.<\/span><\/p>\n<p style=\"text-align: justify;\"><span style=\"font-family: arial, helvetica, sans-serif;\">Os autom\u00f3veis e comerciais leves considerados como sustent\u00e1veis ter\u00e3o al\u00edquota zero. Para ser caracterizado como sustent\u00e1vel, tamb\u00e9m ser\u00e3o verificados alguns crit\u00e9rios como emiss\u00e3o de di\u00f3xido de carbono e reciclabilidade veicular.<\/span><\/p>\n<p style=\"text-align: justify;\"><span style=\"font-family: arial, helvetica, sans-serif;\">Em rela\u00e7\u00e3o aos \u201cprodutos fum\u00edgenos\u201d, o texto indica que o Brasil j\u00e1 adota, h\u00e1 anos, a combina\u00e7\u00e3o de al\u00edquotas ad valorem e espec\u00edficas incidentes sobre a produ\u00e7\u00e3o de cigarros, estrat\u00e9gia que tem produzido resultados positivos. N\u00e3o s\u00e3o apenas cigarros, mas tamb\u00e9m charutos, cigarrilhas, cigarros artesanais, fumo para cachimbos, tabaco para narguil\u00e9, entre outros.<\/span><\/p>\n<p style=\"text-align: justify;\"><span style=\"font-family: arial, helvetica, sans-serif;\">No caso de bebidas alco\u00f3licas, a proposta prev\u00ea a incid\u00eancia do Seletivo na primeira comercializa\u00e7\u00e3o das bebidas pelo fabricante, salvo em situa\u00e7\u00f5es espec\u00edficas, como &#8220;importa\u00e7\u00e3o, arremata\u00e7\u00e3o em hasta p\u00fablica e transfer\u00eancia n\u00e3o onerosa&#8221;.<\/span><\/p>\n<p style=\"text-align: justify;\"><span style=\"font-family: arial, helvetica, sans-serif;\">&#8220;Essa abordagem facilita a administra\u00e7\u00e3o do tributo, j\u00e1 que a cadeia econ\u00f4mica do setor \u00e9 conhecida por possuir uma estrutura concentrada nos fabricantes, mas muito fragmentada nas fases de distribui\u00e7\u00e3o e varejo&#8221;, diz o governo na exposi\u00e7\u00e3o de motivos.<\/span><\/p>\n<p style=\"text-align: justify;\"><span style=\"font-family: arial, helvetica, sans-serif;\">Em rela\u00e7\u00e3o \u00e0s bebidas a\u00e7ucaradas, o governo afirma que o imposto incidir\u00e1 sobre o fabricante na primeira venda, o importador na importa\u00e7\u00e3o e o arrematante na hip\u00f3tese de arremata\u00e7\u00e3o em hasta p\u00fablica.<\/span><\/p>\n<p style=\"text-align: justify;\"><span style=\"font-family: arial, helvetica, sans-serif;\">No caso de bens minerais extra\u00eddos, o projeto prop\u00f5e a incid\u00eancia do IS sobre a extra\u00e7\u00e3o de min\u00e9rio de ferro, de petr\u00f3leo e de g\u00e1s natural. A proposta prev\u00ea a incid\u00eancia do IS na primeira comercializa\u00e7\u00e3o pela empresa extrativista, ainda que o min\u00e9rio tenha como finalidade a exporta\u00e7\u00e3o. H\u00e1 tamb\u00e9m hip\u00f3tese de incid\u00eancia na transfer\u00eancia n\u00e3o onerosa de bem mineral extra\u00eddo ou produzido.<\/span><\/p>\n<p style=\"text-align: justify;\"><span style=\"font-family: arial, helvetica, sans-serif;\">Nas situa\u00e7\u00f5es em que as empresas utilizem o min\u00e9rio extra\u00eddo em sua pr\u00f3pria cadeia produtiva, o fato gerador foi definido como o consumo do bem mineral, cuja base de c\u00e1lculo ser\u00e1 definida por um pre\u00e7o de refer\u00eancia. Est\u00e1 prevista tamb\u00e9m a redu\u00e7\u00e3o da al\u00edquota a zero para o g\u00e1s natural que seja destinado \u00e0 utiliza\u00e7\u00e3o como insumo em processo ind\u00fastria.<\/span><\/p>\n<p style=\"text-align: justify;\"><span style=\"font-family: arial, helvetica, sans-serif;\">Al\u00edquotas ser\u00e3o estabelecidas por lei.<\/span><\/p>\n<p style=\"text-align: justify;\"><span style=\"font-family: arial, helvetica, sans-serif;\">As al\u00edquotas do Imposto Seletivo ser\u00e3o estabelecidas em lei ordin\u00e1ria posteriormente. Elas podem ser espec\u00edficas, por unidade de medida adotada ou ad valorem, a depender do tipo de bem tributado.<\/span><\/p>\n<p style=\"text-align: justify;\"><span style=\"font-family: arial, helvetica, sans-serif;\">A exce\u00e7\u00e3o \u00e9 a al\u00edquota estabelecida nas opera\u00e7\u00f5es com bens minerais extra\u00eddos (ferro, petr\u00f3leo e g\u00e1s natural), que respeitar\u00e3o o percentual m\u00e1ximo de 1% estabelecido na emenda constitucional.<\/span><\/p>\n<p style=\"text-align: justify;\"><span style=\"font-family: arial, helvetica, sans-serif;\"><strong>FONTE: VALOR ECON\u00d4MICO &#8211; POR J\u00c9SSICA SANT&#8217;ANA, ESTEV\u00c3O TAIAR, BEATRIZ OLIVON E GUILHERME PIMENTA, VALOR \u2014 BRAS\u00cdLIA<\/strong><\/span><\/p>\n<p>&nbsp;<\/p>\n<p>&nbsp;<\/p>\n<p>&nbsp;<\/p>\n","protected":false},"excerpt":{"rendered":"<p>O projeto de lei tamb\u00e9m diz que compete \u00e0 Receita [&hellip;]<\/p>\n","protected":false},"author":6,"featured_media":0,"comment_status":"closed","ping_status":"open","sticky":false,"template":"","format":"standard","meta":{"jetpack_post_was_ever_published":false,"_jetpack_newsletter_access":"","_jetpack_dont_email_post_to_subs":false,"_jetpack_newsletter_tier_id":0,"_jetpack_memberships_contains_paywalled_content":false,"footnotes":"","_jetpack_memberships_contains_paid_content":false,"jetpack_publicize_message":"","jetpack_publicize_feature_enabled":true,"jetpack_social_post_already_shared":true,"jetpack_social_options":{"image_generator_settings":{"template":"highway","enabled":false}}},"categories":[8],"tags":[],"jetpack_publicize_connections":[],"jetpack_featured_media_url":"","jetpack_sharing_enabled":true,"jetpack_shortlink":"https:\/\/wp.me\/paFpWR-9UO","_links":{"self":[{"href":"https:\/\/bonettiassociados.com.br\/index.php\/wp-json\/wp\/v2\/posts\/38118"}],"collection":[{"href":"https:\/\/bonettiassociados.com.br\/index.php\/wp-json\/wp\/v2\/posts"}],"about":[{"href":"https:\/\/bonettiassociados.com.br\/index.php\/wp-json\/wp\/v2\/types\/post"}],"author":[{"embeddable":true,"href":"https:\/\/bonettiassociados.com.br\/index.php\/wp-json\/wp\/v2\/users\/6"}],"replies":[{"embeddable":true,"href":"https:\/\/bonettiassociados.com.br\/index.php\/wp-json\/wp\/v2\/comments?post=38118"}],"version-history":[{"count":2,"href":"https:\/\/bonettiassociados.com.br\/index.php\/wp-json\/wp\/v2\/posts\/38118\/revisions"}],"predecessor-version":[{"id":38120,"href":"https:\/\/bonettiassociados.com.br\/index.php\/wp-json\/wp\/v2\/posts\/38118\/revisions\/38120"}],"wp:attachment":[{"href":"https:\/\/bonettiassociados.com.br\/index.php\/wp-json\/wp\/v2\/media?parent=38118"}],"wp:term":[{"taxonomy":"category","embeddable":true,"href":"https:\/\/bonettiassociados.com.br\/index.php\/wp-json\/wp\/v2\/categories?post=38118"},{"taxonomy":"post_tag","embeddable":true,"href":"https:\/\/bonettiassociados.com.br\/index.php\/wp-json\/wp\/v2\/tags?post=38118"}],"curies":[{"name":"wp","href":"https:\/\/api.w.org\/{rel}","templated":true}]}}