{"id":38116,"date":"2024-04-25T09:50:43","date_gmt":"2024-04-25T12:50:43","guid":{"rendered":"https:\/\/bonettiassociados.com.br\/?p=38116"},"modified":"2024-04-25T09:50:43","modified_gmt":"2024-04-25T12:50:43","slug":"reforma-preve-regime-totalmente-cumulativo-para-bares-e-restaurantes","status":"publish","type":"post","link":"https:\/\/bonettiassociados.com.br\/index.php\/2024\/04\/25\/reforma-preve-regime-totalmente-cumulativo-para-bares-e-restaurantes\/","title":{"rendered":"REFORMA PREV\u00ca REGIME \u2018TOTALMENTE CUMULATIVO\u2019 PARA BARES E RESTAURANTES"},"content":{"rendered":"<p style=\"text-align: justify;\"><span style=\"font-family: arial, helvetica, sans-serif;\">O texto foi enviado nesta quarta-feira (24) pelo governo federal ao Congresso Nacional e o &#8220;Valor&#8221; teve acesso ao conte\u00fado do material, que ainda n\u00e3o foi divulgado oficialmente.<\/span><\/p>\n<p style=\"text-align: justify;\"><!--more--><\/p>\n<p style=\"text-align: justify;\"><span style=\"font-family: arial, helvetica, sans-serif;\">A reforma tribut\u00e1ria sobre consumo prev\u00ea regime \u201ctotalmente cumulativo\u201d para \u201cbares e restaurantes, inclusive lanchonetes\u201d. Nesse caso, ser\u00e1 \u201cvedada a apropria\u00e7\u00e3o de cr\u00e9ditos nas aquisi\u00e7\u00f5es, bem como a transfer\u00eancia dos cr\u00e9ditos aos adquirentes\u201d. A informa\u00e7\u00e3o faz parte do projeto de lei complementar que regulamenta a reforma.<\/span><\/p>\n<p style=\"text-align: justify;\"><span style=\"font-family: arial, helvetica, sans-serif;\">O texto foi enviado nesta quarta-feira pelo governo federal ao Congresso Nacional. O Valor teve acesso ao conte\u00fado do material, que ainda n\u00e3o foi divulgado oficialmente O texto afirma que, para o setor, a base de c\u00e1lculo do Imposto sobre Bens e Servi\u00e7os (IBS) e da Contribui\u00e7\u00e3o sobre Bens e Servi\u00e7os (CBS) ser\u00e1 \u201co valor da opera\u00e7\u00e3o de fornecimento de alimenta\u00e7\u00e3o e bebidas, exclu\u00eddas a gorjeta, desde que integralmente repassada ao empregado\u201d.<\/span><\/p>\n<p style=\"text-align: justify;\"><span style=\"font-family: arial, helvetica, sans-serif;\">\u201cAs al\u00edquotas ser\u00e3o definidas como percentual das al\u00edquotas do IBS e da CBS de cada ente federativo, de forma a manter a carga tribut\u00e1ria atual do setor\u201d, diz.<\/span><\/p>\n<p style=\"text-align: justify;\"><span style=\"font-family: arial, helvetica, sans-serif;\"><strong>FONTE: VALOR ECON\u00d4MICO &#8211; POR ESTEV\u00c3O TAIAR, GUILHERME PIMENTA, BEATRIZ OLIVON E GABRIEL SHINOHARA, VALOR \u2014 BRAS\u00cdLIA<\/strong><\/span><\/p>\n<p style=\"text-align: justify;\">\n<p>&nbsp;<\/p>\n<p>&nbsp;<\/p>\n<p>&nbsp;<\/p>\n<p>&nbsp;<\/p>\n","protected":false},"excerpt":{"rendered":"<p>O texto foi enviado nesta quarta-feira (24) pelo governo federal [&hellip;]<\/p>\n","protected":false},"author":6,"featured_media":0,"comment_status":"closed","ping_status":"open","sticky":false,"template":"","format":"standard","meta":{"jetpack_post_was_ever_published":false,"_jetpack_newsletter_access":"","_jetpack_dont_email_post_to_subs":false,"_jetpack_newsletter_tier_id":0,"_jetpack_memberships_contains_paywalled_content":false,"footnotes":"","_jetpack_memberships_contains_paid_content":false,"jetpack_publicize_message":"","jetpack_publicize_feature_enabled":true,"jetpack_social_post_already_shared":true,"jetpack_social_options":{"image_generator_settings":{"template":"highway","enabled":false}}},"categories":[8],"tags":[],"jetpack_publicize_connections":[],"jetpack_featured_media_url":"","jetpack_sharing_enabled":true,"jetpack_shortlink":"https:\/\/wp.me\/paFpWR-9UM","_links":{"self":[{"href":"https:\/\/bonettiassociados.com.br\/index.php\/wp-json\/wp\/v2\/posts\/38116"}],"collection":[{"href":"https:\/\/bonettiassociados.com.br\/index.php\/wp-json\/wp\/v2\/posts"}],"about":[{"href":"https:\/\/bonettiassociados.com.br\/index.php\/wp-json\/wp\/v2\/types\/post"}],"author":[{"embeddable":true,"href":"https:\/\/bonettiassociados.com.br\/index.php\/wp-json\/wp\/v2\/users\/6"}],"replies":[{"embeddable":true,"href":"https:\/\/bonettiassociados.com.br\/index.php\/wp-json\/wp\/v2\/comments?post=38116"}],"version-history":[{"count":1,"href":"https:\/\/bonettiassociados.com.br\/index.php\/wp-json\/wp\/v2\/posts\/38116\/revisions"}],"predecessor-version":[{"id":38117,"href":"https:\/\/bonettiassociados.com.br\/index.php\/wp-json\/wp\/v2\/posts\/38116\/revisions\/38117"}],"wp:attachment":[{"href":"https:\/\/bonettiassociados.com.br\/index.php\/wp-json\/wp\/v2\/media?parent=38116"}],"wp:term":[{"taxonomy":"category","embeddable":true,"href":"https:\/\/bonettiassociados.com.br\/index.php\/wp-json\/wp\/v2\/categories?post=38116"},{"taxonomy":"post_tag","embeddable":true,"href":"https:\/\/bonettiassociados.com.br\/index.php\/wp-json\/wp\/v2\/tags?post=38116"}],"curies":[{"name":"wp","href":"https:\/\/api.w.org\/{rel}","templated":true}]}}