{"id":38114,"date":"2024-04-25T09:50:16","date_gmt":"2024-04-25T12:50:16","guid":{"rendered":"https:\/\/bonettiassociados.com.br\/?p=38114"},"modified":"2024-04-25T09:50:16","modified_gmt":"2024-04-25T12:50:16","slug":"reforma-tributaria-estabelece-oito-operacoes-com-bens-e-servicos-que-terao-aliquota-zero","status":"publish","type":"post","link":"https:\/\/bonettiassociados.com.br\/index.php\/2024\/04\/25\/reforma-tributaria-estabelece-oito-operacoes-com-bens-e-servicos-que-terao-aliquota-zero\/","title":{"rendered":"REFORMA TRIBUT\u00c1RIA ESTABELECE OITO OPERA\u00c7\u00d5ES COM BENS E SERVI\u00c7OS QUE TER\u00c3O AL\u00cdQUOTA ZERO"},"content":{"rendered":"<p style=\"text-align: justify;\"><span style=\"font-family: arial, helvetica, sans-serif;\">Entre as opera\u00e7\u00f5es que ter\u00e3o al\u00edquota zero est\u00e3o dispositivos m\u00e9dicos, dispositivos de acessibilidade para pessoas com defici\u00eancia, medicamentos, frutas e ovos.<\/span><\/p>\n<p style=\"text-align: justify;\"><!--more--><\/p>\n<p style=\"text-align: justify;\"><span style=\"font-family: arial, helvetica, sans-serif;\">A regulamenta\u00e7\u00e3o da reforma tribut\u00e1ria elencou oito opera\u00e7\u00f5es com bens e servi\u00e7os que ter\u00e3o as al\u00edquotas reduzidas a zero. Para isso, elas dever\u00e3o seguir as defini\u00e7\u00f5es previstas na regulamenta\u00e7\u00e3o, de acordo com texto obtido pelo Valor, que ainda n\u00e3o foi divulgado oficialmente.<\/span><\/p>\n<p style=\"text-align: justify;\"><span style=\"font-family: arial, helvetica, sans-serif;\">As opera\u00e7\u00f5es incluem os seguintes itens: dispositivos m\u00e9dicos, dispositivos de acessibilidade para pessoas com defici\u00eancia, medicamentos, produtos de cuidado b\u00e1sicos \u00e0 sa\u00fade menstrual, produtos hort\u00edcolas, frutas e ovos, autom\u00f3veis de passageiros adquiridos por pessoas com defici\u00eancia ou com transtorno do espectro autista, autom\u00f3veis de passageiros adquiridos por motoristas profissionais que destinem o autom\u00f3vel e \u00e0 utiliza\u00e7\u00e3o na categoria de aluguel (t\u00e1xi) e servi\u00e7os prestados por Institui\u00e7\u00e3o Cient\u00edfica, Tecnol\u00f3gica e de Inova\u00e7\u00e3o \u2013 ICT sem fins lucrativos.<\/span><\/p>\n<p style=\"text-align: justify;\"><span style=\"font-family: arial, helvetica, sans-serif;\">No caso dos dispositivos m\u00e9dicos, a regulamenta\u00e7\u00e3o traz uma lista com 20 produtos, entre eles aparelhos ortop\u00e9dicos, eletrocardi\u00f3grafos e respiradores. J\u00e1 quando o produto for adquirido pela administra\u00e7\u00e3o p\u00fablica direta, autarquias e funda\u00e7\u00f5es p\u00fablicos, a lista \u00e9 mais extensa, com 92 produtos.<\/span><\/p>\n<p style=\"text-align: justify;\"><span style=\"font-family: arial, helvetica, sans-serif;\">O texto ainda prev\u00ea que o presidente e o comit\u00ea gestor do IBS poder\u00e3o editar anualmente ato conjunto para revisar a lista de 20 produtos \u201ct\u00e3o somente para inclus\u00e3o de dispositivos m\u00e9dicos inexistentes na data de publica\u00e7\u00e3o da revis\u00e3o anterior e cujos aprimoramento terap\u00eautico e rela\u00e7\u00e3o custo-efetividade positiva tenham sidos constatados pela Conitec\/MS\u201d.<\/span><\/p>\n<p style=\"text-align: justify;\"><span style=\"font-family: arial, helvetica, sans-serif;\">Al\u00e9m disso, em caso de emerg\u00eancia de sa\u00fade p\u00fablica reconhecida por poder legislativo competente, federal, estadual, distrital ou municipal, a lista poder\u00e1 ser editada a qualquer momento limitado a vig\u00eancia ao per\u00edodo de emerg\u00eancia.<\/span><\/p>\n<p style=\"text-align: justify;\"><span style=\"font-family: arial, helvetica, sans-serif;\">No caso dos dispositivos de acessibilidade pr\u00f3prios para pessoas com defici\u00eancia, h\u00e1 tamb\u00e9m uma lista mais ampla para quando os produtos forem adquiridos pela administra\u00e7\u00e3o p\u00fablica. Existe tamb\u00e9m a previs\u00e3o de que a inclus\u00e3o anual de novos dispositivos s\u00f3 poder\u00e1 acontecer para adicionar dispositivos inexistentes na revis\u00e3o anterior e que \u201csirvam \u00e0s mesmas finalidades daqueles j\u00e1 contemplados na lista\u201d.<\/span><\/p>\n<p style=\"text-align: justify;\"><span style=\"font-family: arial, helvetica, sans-serif;\">Para os medicamentos, h\u00e1 uma lista de 383 produtos, incluindo vacinas e soros, e outra de 850 quando adquiridos pelo poder p\u00fablico. Os medicamentos devem ser registrados pela Anvisa ou produzidos por farm\u00e1cias de manipula\u00e7\u00e3o.<\/span><\/p>\n<p style=\"text-align: justify;\"><span style=\"font-family: arial, helvetica, sans-serif;\">Assim como nos anteriores, a lista poder\u00e1 ser editada anual em ato conjunto do presidente e do comit\u00ea gestor do IBS somente para inclus\u00e3o de medicamentos inexistentes na revis\u00e3o anterior e \u201ccujos aprimoramento terap\u00eautico e rela\u00e7\u00e3o custo-efetividade positiva tenham sidos constatados pela Conitec\/MS\u201d. Em caso de emerg\u00eancia de sa\u00fade p\u00fablica, a lista poder\u00e1 ser editada a qualquer momento.<\/span><\/p>\n<p style=\"text-align: justify;\"><span style=\"font-family: arial, helvetica, sans-serif;\">J\u00e1 os produtos de cuidados b\u00e1sicos \u00e0 sa\u00fade menstrual ter\u00e3o al\u00edquota zero do IBS e CBS apenas quando a venda for para administra\u00e7\u00e3o p\u00fablica direta, autarquias e funda\u00e7\u00f5es p\u00fablicas. Esses produtos envolvem tamp\u00f5es higi\u00eanicos, absorventes internos ou externos, descart\u00e1veis ou reutiliz\u00e1veis, calcinhas absorventes e coletores menstruais.<\/span><\/p>\n<p style=\"text-align: justify;\"><span style=\"font-family: arial, helvetica, sans-serif;\">Al\u00e9m dos ovos, os produtos hort\u00edcolas com al\u00edquota zero s\u00e3o couves, alfaces, cenouras, pepinos entre outros. J\u00e1 as frutas podem ser frescas ou refrigeradas e congeladas sem adi\u00e7\u00e3o de a\u00e7\u00facar ou de outros edulcorantes, incluem, entre outras, bananas, abacaxis, abacates e laranjas.<\/span><\/p>\n<p style=\"text-align: justify;\"><span style=\"font-family: arial, helvetica, sans-serif;\">No caso dos autom\u00f3veis destinados a taxi, o autom\u00f3vel deve ser de propriedade do condutor, que deve ser titular da autoriza\u00e7\u00e3o, permiss\u00e3o ou concess\u00e3o do poder p\u00fablico. A al\u00edquota zero s\u00f3 caber\u00e1 para autom\u00f3vel el\u00e9trico ou equipado com motor de cilindrada abaixo de 2 mil cm\u00b3 e movido a combust\u00edvel de origem renov\u00e1vel, sistema revers\u00edvel de combust\u00e3o ou h\u00edbrido.<\/span><\/p>\n<p style=\"text-align: justify;\"><span style=\"font-family: arial, helvetica, sans-serif;\">J\u00e1 nos casos de pessoa com defici\u00eancia f\u00edsica, visual, auditiva ou mental, o autom\u00f3vel dever\u00e1 ter pre\u00e7os de venda ao consumidor inferior a R$ 120 mil, \u201climitado o benef\u00edcio ao valor da opera\u00e7\u00e3o at\u00e9 R$ 70 mil\u201d. Os limites ser\u00e3o atualizados anualmente com base na varia\u00e7\u00e3o da tabela Fipe. O texto tamb\u00e9m traz uma lista de defici\u00eancias que dar\u00e3o direito \u00e0 redu\u00e7\u00e3o da al\u00edquota.<\/span><\/p>\n<p style=\"text-align: justify;\"><span style=\"font-family: arial, helvetica, sans-serif;\">Para os servi\u00e7os prestados por institui\u00e7\u00e3o cient\u00edfica, tecnol\u00f3gica ou de inova\u00e7\u00e3o sem fins lucrativos, a institui\u00e7\u00e3o dever\u00e1 ter em seu objetivo social ou estatut\u00e1rio a pesquisa b\u00e1sica ou aplicada de car\u00e1ter cient\u00edfico ou tecnol\u00f3gico ou o desenvolvimento de novos produtos, servi\u00e7os ou processos e cumprir as condi\u00e7\u00f5es de imunidade previstas para institui\u00e7\u00f5es de educa\u00e7\u00e3o e de assist\u00eancia social sem fins lucrativos.<\/span><\/p>\n<p style=\"text-align: justify;\"><span style=\"font-family: arial, helvetica, sans-serif;\"><strong>FONTE: VALOR ECON\u00d4MICO &#8211; POR GABRIEL SHINOHARA, ESTEV\u00c3O TAIAR, GUILHERME PIMENTA E BEATRIZ OLIVON, VALOR \u2014 BRAS\u00cdLIA<\/strong><\/span><\/p>\n<p style=\"text-align: justify;\">\n<p>&nbsp;<\/p>\n<p>&nbsp;<\/p>\n","protected":false},"excerpt":{"rendered":"<p>Entre as opera\u00e7\u00f5es que ter\u00e3o al\u00edquota zero est\u00e3o dispositivos m\u00e9dicos, [&hellip;]<\/p>\n","protected":false},"author":6,"featured_media":0,"comment_status":"closed","ping_status":"open","sticky":false,"template":"","format":"standard","meta":{"jetpack_post_was_ever_published":false,"_jetpack_newsletter_access":"","_jetpack_dont_email_post_to_subs":false,"_jetpack_newsletter_tier_id":0,"_jetpack_memberships_contains_paywalled_content":false,"footnotes":"","_jetpack_memberships_contains_paid_content":false,"jetpack_publicize_message":"","jetpack_publicize_feature_enabled":true,"jetpack_social_post_already_shared":true,"jetpack_social_options":{"image_generator_settings":{"template":"highway","enabled":false}}},"categories":[8],"tags":[],"jetpack_publicize_connections":[],"jetpack_featured_media_url":"","jetpack_sharing_enabled":true,"jetpack_shortlink":"https:\/\/wp.me\/paFpWR-9UK","_links":{"self":[{"href":"https:\/\/bonettiassociados.com.br\/index.php\/wp-json\/wp\/v2\/posts\/38114"}],"collection":[{"href":"https:\/\/bonettiassociados.com.br\/index.php\/wp-json\/wp\/v2\/posts"}],"about":[{"href":"https:\/\/bonettiassociados.com.br\/index.php\/wp-json\/wp\/v2\/types\/post"}],"author":[{"embeddable":true,"href":"https:\/\/bonettiassociados.com.br\/index.php\/wp-json\/wp\/v2\/users\/6"}],"replies":[{"embeddable":true,"href":"https:\/\/bonettiassociados.com.br\/index.php\/wp-json\/wp\/v2\/comments?post=38114"}],"version-history":[{"count":1,"href":"https:\/\/bonettiassociados.com.br\/index.php\/wp-json\/wp\/v2\/posts\/38114\/revisions"}],"predecessor-version":[{"id":38115,"href":"https:\/\/bonettiassociados.com.br\/index.php\/wp-json\/wp\/v2\/posts\/38114\/revisions\/38115"}],"wp:attachment":[{"href":"https:\/\/bonettiassociados.com.br\/index.php\/wp-json\/wp\/v2\/media?parent=38114"}],"wp:term":[{"taxonomy":"category","embeddable":true,"href":"https:\/\/bonettiassociados.com.br\/index.php\/wp-json\/wp\/v2\/categories?post=38114"},{"taxonomy":"post_tag","embeddable":true,"href":"https:\/\/bonettiassociados.com.br\/index.php\/wp-json\/wp\/v2\/tags?post=38114"}],"curies":[{"name":"wp","href":"https:\/\/api.w.org\/{rel}","templated":true}]}}