{"id":38108,"date":"2024-04-25T09:48:51","date_gmt":"2024-04-25T12:48:51","guid":{"rendered":"https:\/\/bonettiassociados.com.br\/?p=38108"},"modified":"2024-04-25T09:48:51","modified_gmt":"2024-04-25T12:48:51","slug":"regulamentacao-da-reforma-tributaria-mantem-incentivos-a-zona-franca-de-manaus","status":"publish","type":"post","link":"https:\/\/bonettiassociados.com.br\/index.php\/2024\/04\/25\/regulamentacao-da-reforma-tributaria-mantem-incentivos-a-zona-franca-de-manaus\/","title":{"rendered":"REGULAMENTA\u00c7\u00c3O DA REFORMA TRIBUT\u00c1RIA MANT\u00c9M INCENTIVOS \u00c0 ZONA FRANCA DE MANAUS"},"content":{"rendered":"<p style=\"text-align: justify;\"><span style=\"font-family: arial, helvetica, sans-serif;\">Entre os incentivos previstos para a Zona Franca de Manaus constam a suspens\u00e3o da incid\u00eancia do IBS e da CBS nas importa\u00e7\u00f5es de bens materiais realizadas por ind\u00fastrias incentivadas estabelecidas \u00e1rea.<\/span><\/p>\n<p style=\"text-align: justify;\"><!--more--><\/p>\n<p style=\"text-align: justify;\"><span style=\"font-family: arial, helvetica, sans-serif;\">O projeto de lei complementar que regulamenta a reforma tribut\u00e1ria indica, na sua exposi\u00e7\u00e3o de motivos, que mant\u00e9m mecanismos que hoje garantem diferencial competitivo \u00e0 Zona Franca de Manaus e para as \u00c1reas de Livre Com\u00e9rcio. O Valor teve acesso \u00e0 \u00edntegra do texto, entregue nesta quarta-feira (24) ao Congresso Nacional e que ainda n\u00e3o foi divulgado oficialmente.<\/span><\/p>\n<p style=\"text-align: justify;\"><span style=\"font-family: arial, helvetica, sans-serif;\">Entre os incentivos previstos para a Zona Franca de Manaus constam a suspens\u00e3o da incid\u00eancia do Imposto sobre Bens e Servi\u00e7os (IBS) e da Contribui\u00e7\u00e3o Social Sobre Bens e Servi\u00e7os (CBS) nas importa\u00e7\u00f5es de bens materiais realizadas por ind\u00fastrias incentivadas estabelecidas \u00e1rea, com convers\u00e3o em isen\u00e7\u00e3o ap\u00f3s o cumprimento dos requisitos e a redu\u00e7\u00e3o a zero das al\u00edquotas dos incidentes nas opera\u00e7\u00f5es originadas fora da Zona Franca que destinem para ela bens industrializados de origem nacional.<\/span><\/p>\n<p style=\"text-align: justify;\"><span style=\"font-family: arial, helvetica, sans-serif;\">Consta tamb\u00e9m previs\u00e3o de cr\u00e9dito presumido de IBS para o contribuinte estabelecido na \u00e1rea em rela\u00e7\u00e3o \u00e0 aquisi\u00e7\u00e3o de bens contemplados pela redu\u00e7\u00e3o de al\u00edquota para opera\u00e7\u00f5es de fora da Zona Franca mas que destinem para ela bens industrializados de origem nacional.<\/span><\/p>\n<p style=\"text-align: justify;\"><span style=\"font-family: arial, helvetica, sans-serif;\">O texto ainda prev\u00ea redu\u00e7\u00e3o a zero das al\u00edquotas do IBS e da CBS incidentes nas opera\u00e7\u00f5es em que uma ind\u00fastria incentivada na ZFM fornece bens intermedi\u00e1rios para outra ind\u00fastria incentivada na mesma \u00e1rea; cr\u00e9dito presumido de IBS para a ind\u00fastria de bens finais estabelecida na ZFM que adquire bens intermedi\u00e1rios com essa redu\u00e7\u00e3o de al\u00edquotas e cr\u00e9dito presumido do IBS e da CBS nas vendas de bens finais produzidos na ZFM por ind\u00fastrias incentivadas.<\/span><\/p>\n<p style=\"text-align: justify;\"><span style=\"font-family: arial, helvetica, sans-serif;\">Para as \u00c1reas de Livre Com\u00e9rcio, os principais incentivos s\u00e3o suspens\u00e3o da incid\u00eancia do IBS e da CBS nas importa\u00e7\u00f5es de insumos realizadas por ind\u00fastrias incentivadas estabelecidas nas \u00e1reas, com convers\u00e3o em isen\u00e7\u00e3o ap\u00f3s o cumprimento dos requisitos e a redu\u00e7\u00e3o a zero das al\u00edquotas do IBS e da CBS incidentes nas opera\u00e7\u00f5es originadas fora das \u00e1reas de livre com\u00e9rcio que destinem para elas bens industrializados de origem nacional, entre outros.<\/span><\/p>\n<p style=\"text-align: justify;\"><span style=\"font-family: arial, helvetica, sans-serif;\">Tanto para a Zona Franca de Manaus quanto para as \u00c1reas de Livre Com\u00e9rcio, o benefici\u00e1rio dos incentivos precisar\u00e1 estar habilitado perante os \u00f3rg\u00e3os de controle e, no caso de ind\u00fastrias, ter projeto econ\u00f4mico aprovado pelos mesmos \u00f3rg\u00e3os.<\/span><\/p>\n<p style=\"text-align: justify;\"><span style=\"font-family: arial, helvetica, sans-serif;\">Uma lista de bens que n\u00e3o s\u00e3o contemplados pela Zona Franca de Manaus: armas e muni\u00e7\u00f5es, fumo e seus derivados, bebidas alco\u00f3licas, autom\u00f3veis de passageiros, petr\u00f3leo, lubrificantes e combust\u00edveis l\u00edquidos e gasosos derivados de petr\u00f3leo e produtos de perfumaria ou de toucador, preparados e prepara\u00e7\u00f5es cosm\u00e9ticas, salvo se produzidos com utiliza\u00e7\u00e3o de mat\u00e9rias-primas da fauna e da flora regionais.<\/span><\/p>\n<p style=\"text-align: justify;\"><span style=\"font-family: arial, helvetica, sans-serif;\"><strong>FONTE: VALOR ECON\u00d4MICO &#8211; POR BEATRIZ OLIVON, J\u00c9SSICA SANT&#8217;ANA, GUILHERME PIMENTA, GABRIEL SHINOHARA E RAPHAEL DI CUNTO, VALOR \u2014 BRAS\u00cdLIA<\/strong><\/span><\/p>\n<p style=\"text-align: justify;\">\n<p>&nbsp;<\/p>\n","protected":false},"excerpt":{"rendered":"<p>Entre os incentivos previstos para a Zona Franca de Manaus [&hellip;]<\/p>\n","protected":false},"author":6,"featured_media":0,"comment_status":"closed","ping_status":"open","sticky":false,"template":"","format":"standard","meta":{"jetpack_post_was_ever_published":false,"_jetpack_newsletter_access":"","_jetpack_dont_email_post_to_subs":false,"_jetpack_newsletter_tier_id":0,"_jetpack_memberships_contains_paywalled_content":false,"footnotes":"","_jetpack_memberships_contains_paid_content":false,"jetpack_publicize_message":"","jetpack_publicize_feature_enabled":true,"jetpack_social_post_already_shared":true,"jetpack_social_options":{"image_generator_settings":{"template":"highway","enabled":false}}},"categories":[8],"tags":[],"jetpack_publicize_connections":[],"jetpack_featured_media_url":"","jetpack_sharing_enabled":true,"jetpack_shortlink":"https:\/\/wp.me\/paFpWR-9UE","_links":{"self":[{"href":"https:\/\/bonettiassociados.com.br\/index.php\/wp-json\/wp\/v2\/posts\/38108"}],"collection":[{"href":"https:\/\/bonettiassociados.com.br\/index.php\/wp-json\/wp\/v2\/posts"}],"about":[{"href":"https:\/\/bonettiassociados.com.br\/index.php\/wp-json\/wp\/v2\/types\/post"}],"author":[{"embeddable":true,"href":"https:\/\/bonettiassociados.com.br\/index.php\/wp-json\/wp\/v2\/users\/6"}],"replies":[{"embeddable":true,"href":"https:\/\/bonettiassociados.com.br\/index.php\/wp-json\/wp\/v2\/comments?post=38108"}],"version-history":[{"count":1,"href":"https:\/\/bonettiassociados.com.br\/index.php\/wp-json\/wp\/v2\/posts\/38108\/revisions"}],"predecessor-version":[{"id":38109,"href":"https:\/\/bonettiassociados.com.br\/index.php\/wp-json\/wp\/v2\/posts\/38108\/revisions\/38109"}],"wp:attachment":[{"href":"https:\/\/bonettiassociados.com.br\/index.php\/wp-json\/wp\/v2\/media?parent=38108"}],"wp:term":[{"taxonomy":"category","embeddable":true,"href":"https:\/\/bonettiassociados.com.br\/index.php\/wp-json\/wp\/v2\/categories?post=38108"},{"taxonomy":"post_tag","embeddable":true,"href":"https:\/\/bonettiassociados.com.br\/index.php\/wp-json\/wp\/v2\/tags?post=38108"}],"curies":[{"name":"wp","href":"https:\/\/api.w.org\/{rel}","templated":true}]}}