{"id":38100,"date":"2024-04-25T09:46:44","date_gmt":"2024-04-25T12:46:44","guid":{"rendered":"https:\/\/bonettiassociados.com.br\/?p=38100"},"modified":"2024-04-25T09:47:12","modified_gmt":"2024-04-25T12:47:12","slug":"projeto-sobre-regras-da-reforma-tributaria-define-15-alimentos-da-cesta-basica-com-aliquota-zero-veja-lista","status":"publish","type":"post","link":"https:\/\/bonettiassociados.com.br\/index.php\/2024\/04\/25\/projeto-sobre-regras-da-reforma-tributaria-define-15-alimentos-da-cesta-basica-com-aliquota-zero-veja-lista\/","title":{"rendered":"PROJETO SOBRE REGRAS DA REFORMA TRIBUT\u00c1RIA DEFINE 15 ALIMENTOS DA CESTA B\u00c1SICA COM AL\u00cdQUOTA ZERO; VEJA LISTA"},"content":{"rendered":"<p style=\"text-align: justify;\"><span style=\"font-family: arial, helvetica, sans-serif;\">O texto ainda definiu outros 14 alimentos que ter\u00e3o as al\u00edquotas reduzidas em 60%.<\/span><\/p>\n<p style=\"text-align: justify;\"><!--more--><\/p>\n<p style=\"text-align: justify;\"><span style=\"font-family: arial, helvetica, sans-serif;\">O texto da regulamenta\u00e7\u00e3o da reforma tribut\u00e1ria enviado pelo governo ao Congresso Nacional incluiu na cesta b\u00e1sica 15 itens que ter\u00e3o al\u00edquota zero do Imposto sobre Bens e Servi\u00e7os (IBS), a Contribui\u00e7\u00e3o Social sobre Bens e Servi\u00e7os (CBS). O valor teve acesso \u00e0 \u00edntegra do texto.<\/span><\/p>\n<p style=\"text-align: justify;\"><span style=\"font-family: arial, helvetica, sans-serif;\">Do ponto de vista constitucional, t\u00e9cnicos da Fazenda explicaram que somente esses 15 itens s\u00e3o considerados fazer parte da &#8220;cesta b\u00e1sica&#8221;. Mas outros tr\u00eas tamb\u00e9m t\u00eam al\u00edquota zerada, mas est\u00e3o localizados em outro anexo no texto enviado ao Congresso: produtos hort\u00edcolas, frutas e ovos &#8211; assim, os alimentos destinados \u00e0 alimenta\u00e7\u00e3o humana submetidos \u00e0 al\u00edquota zero seriam 18.<\/span><\/p>\n<p style=\"text-align: justify;\"><span style=\"font-family: arial, helvetica, sans-serif;\">Segundo a exposi\u00e7\u00e3o de motivos do texto, um dos princ\u00edpios norteadores para a sele\u00e7\u00e3o dos alimentos a serem beneficiados por al\u00edquotas favorecidas &#8220;foi a prioriza\u00e7\u00e3o dos alimentos in natura ou minimamente processados e dos ingredientes culin\u00e1rios, seguindo-se as recomenda\u00e7\u00f5es de alimenta\u00e7\u00e3o saud\u00e1vel e nutricionalmente adequada do Guia Alimentar para a Popula\u00e7\u00e3o Brasileira, do Minist\u00e9rio da Sa\u00fade&#8221;.<\/span><\/p>\n<p style=\"text-align: justify;\"><span style=\"font-family: arial, helvetica, sans-serif;\">Outro princ\u00edpio norteador, aponta o texto, &#8220;foi a prioriza\u00e7\u00e3o de alimentos majoritariamente consumidos pelos mais pobres, com o prop\u00f3sito de assegurar que o m\u00e1ximo poss\u00edvel do benef\u00edcio tribut\u00e1rio seja apropriado pelas fam\u00edlias de baixa renda&#8221;.<\/span><\/p>\n<p style=\"text-align: justify;\"><span style=\"font-family: arial, helvetica, sans-serif;\">&#8220;Espera-se, assim, distribuir o peso da carga tribut\u00e1ria de maneira mais justa e, ao mesmo tempo, induzir boas pr\u00e1ticas de alimenta\u00e7\u00e3o saud\u00e1vel&#8221;, afirma o documento.<\/span><\/p>\n<p style=\"text-align: justify;\"><span style=\"font-family: arial, helvetica, sans-serif;\">Veja os itens abaixo com base na Nomenclatura Comum do Mercosul \u2013 Sistema Harmonizado (NCM\/SH).<\/span><\/p>\n<ol style=\"text-align: justify;\">\n<li><span style=\"font-family: arial, helvetica, sans-serif;\">Arroz das subposi\u00e7\u00f5es 1006.2 e 1006.3 da NCM\/SH; \u00b7<\/span><\/li>\n<li><span style=\"font-family: arial, helvetica, sans-serif;\">Leite fluido pasteurizado ou industrializado, na forma de ultrapasteurizado, leite em <\/span>p\u00f3, integral, semidesnatado ou desnatado; e f\u00f3rmulas infantis definidas por previs\u00e3o legal espec\u00edfica;<\/li>\n<li><span style=\"font-family: arial, helvetica, sans-serif;\">Manteiga do c\u00f3digo 0405.10.00 da NCM\/SH; \u00b7<\/span><\/li>\n<li><span style=\"font-family: arial, helvetica, sans-serif;\">Margarina do c\u00f3digo 1517.10.00 da NCM\/SH; \u00b7<\/span><\/li>\n<li><span style=\"font-family: arial, helvetica, sans-serif;\">Feij\u00f5es dos c\u00f3digos 0713.33.19, 0713.33.29, 0713.33.99 e 0713.35.90 da NCM\/SH; \u00b7<\/span><\/li>\n<li><span style=\"font-family: arial, helvetica, sans-serif;\">Ra\u00edzes e tub\u00e9rculos da posi\u00e7\u00e3o 07.14 da NCM\/SH; \u00b7<\/span><\/li>\n<li><span style=\"font-family: arial, helvetica, sans-serif;\">Cocos da subposi\u00e7\u00e3o 0801.1 da NCM\/SH; \u00b7<\/span><\/li>\n<li><span style=\"font-family: arial, helvetica, sans-serif;\">Caf\u00e9 da posi\u00e7\u00e3o 09.01 e da subposi\u00e7\u00e3o 2101.1, ambos da NCM\/SH \u00b7<\/span><\/li>\n<li><span style=\"font-family: arial, helvetica, sans-serif;\">\u00d3leo de soja da posi\u00e7\u00e3o 15.07 da NCM\/SH; \u00b7<\/span><\/li>\n<li><span style=\"font-family: arial, helvetica, sans-serif;\">Farinha de mandioca classificada no c\u00f3digo 1106.20.00 da NCM\/SH; \u00b7<\/span><\/li>\n<li><span style=\"font-family: arial, helvetica, sans-serif;\">Farinha, grumos e s\u00eamolas, de milho, dos c\u00f3digos 1102.20.00 e 1103.13.00 da NCM; <\/span>e gr\u00e3os esmagados ou em flocos, de milho, classificados no c\u00f3digo 1104.19.00 da\u00a0<span style=\"font-family: arial, helvetica, sans-serif;\">NCM\/SH;<\/span><\/li>\n<li><span style=\"font-family: arial, helvetica, sans-serif;\">Farinha de trigo do c\u00f3digo 1101.00.10 da NCM\/SH; \u00b7<\/span><\/li>\n<li><span style=\"font-family: arial, helvetica, sans-serif;\">A\u00e7\u00facar classificado nos c\u00f3digos 1701.14.00 e 1701.99.00 da NCM\/SH;<\/span><\/li>\n<li><span style=\"font-family: arial, helvetica, sans-serif;\">Massas aliment\u00edcias da subposi\u00e7\u00e3o 1902.1 da NCM\/SH;<\/span><\/li>\n<li><span style=\"font-family: arial, helvetica, sans-serif;\">P\u00e3o do tipo comum (contendo apenas farinha de cereais, fermento biol\u00f3gico, \u00e1gua e <\/span>sal) classificado no c\u00f3digo 1905.90.90 da NCM\/SH.<\/li>\n<\/ol>\n<p style=\"text-align: justify;\"><span style=\"font-family: arial, helvetica, sans-serif;\">O texto ainda definiu 14 alimentos que ter\u00e3o as al\u00edquotas reduzidas em 60%.<\/span><\/p>\n<p style=\"text-align: justify;\"><span style=\"font-family: arial, helvetica, sans-serif;\">Veja a lista abaixo:<\/span><\/p>\n<ol style=\"text-align: justify;\">\n<li><span style=\"font-family: arial, helvetica, sans-serif;\">Carnes bovina, su\u00edna, ovina, caprina e de aves e produtos de origem animal (exceto <\/span>Foiesgras), carne caprina e miudezas comest\u00edveis de ovinos e caprinos;<\/li>\n<li><span style=\"font-family: arial, helvetica, sans-serif;\">Peixes e carnes de peixes (exceto salmon\u00eddeos, atuns; bacalhaus, hadoque, saithe e <\/span>ovas e outros subprodutos);<\/li>\n<li><span style=\"font-family: arial, helvetica, sans-serif;\">Crust\u00e1ceos (exceto lagostas e lagostim) e moluscos \u00b7\u00a0<\/span><\/li>\n<li><span style=\"font-family: arial, helvetica, sans-serif;\">L<\/span><span style=\"font-family: arial, helvetica, sans-serif;\">eite fermentado, bebidas e compostos l\u00e1cteos; \u00b7\u00a0<\/span><\/li>\n<li><span style=\"font-family: arial, helvetica, sans-serif;\">Queijos tipo mozarela, minas, prato, queijo de coalho, ricota, requeij\u00e3o, queijo <\/span>provolone, queijo parmes\u00e3o, queijo fresco n\u00e3o maturado e queijo do reino;<\/li>\n<li><span style=\"font-family: arial, helvetica, sans-serif;\">Mel natural; \u00b7\u00a0\u00a0<\/span><\/li>\n<li><span style=\"font-family: arial, helvetica, sans-serif;\">Mate; \u00b7\u00a0<\/span><\/li>\n<li><span style=\"font-family: arial, helvetica, sans-serif;\">Farinha, grumos e s\u00eamolas, de cerais gr\u00e3os esmagados ou em flocos, de cereais, e <\/span>amido de milho do c\u00f3digo;<\/li>\n<li><span style=\"font-family: arial, helvetica, sans-serif;\">Tapioca e seus suced\u00e2neos;\u00a0\u00a0<\/span><\/li>\n<li><span style=\"font-family: arial, helvetica, sans-serif;\">\u00d3leos vegetais e \u00f3leo de canola;\u00a0\u00a0<\/span><\/li>\n<li><span style=\"font-family: arial, helvetica, sans-serif;\">M<\/span><span style=\"font-family: arial, helvetica, sans-serif;\">assas aliment\u00edcias; \u00b7\u00a0<\/span><\/li>\n<li><span style=\"font-family: arial, helvetica, sans-serif;\">Sal de mesa iodado; \u00b7\u00a0<\/span><\/li>\n<li><span style=\"font-family: arial, helvetica, sans-serif;\">Sucos naturais de fruta ou de produtos hort\u00edcolas sem adi\u00e7\u00e3o de a\u00e7\u00facar ou de outros <\/span>edulcorantes e sem conservantes;<\/li>\n<li><span style=\"font-family: arial, helvetica, sans-serif;\">Polpas de frutas sem adi\u00e7\u00e3o de a\u00e7\u00facar ou de outros edulcorantes e sem <\/span>Conservantes.<\/li>\n<\/ol>\n<p style=\"text-align: justify;\"><span style=\"font-family: arial, helvetica, sans-serif;\"><strong>FONTE: VALOR ECON\u00d4MICO &#8211; POR GUILHERME PIMENTA, J\u00c9SSICA SANT&#8217;ANA, ESTEV\u00c3O TAIAR E RAPHAEL DI CUNTO, VALOR \u2014 BRAS\u00cdLIA<\/strong><\/span><\/p>\n<p>&nbsp;<\/p>\n<p>&nbsp;<\/p>\n<p>&nbsp;<\/p>\n","protected":false},"excerpt":{"rendered":"<p>O texto ainda definiu outros 14 alimentos que ter\u00e3o as [&hellip;]<\/p>\n","protected":false},"author":6,"featured_media":0,"comment_status":"closed","ping_status":"open","sticky":false,"template":"","format":"standard","meta":{"jetpack_post_was_ever_published":false,"_jetpack_newsletter_access":"","_jetpack_dont_email_post_to_subs":false,"_jetpack_newsletter_tier_id":0,"_jetpack_memberships_contains_paywalled_content":false,"footnotes":"","_jetpack_memberships_contains_paid_content":false,"jetpack_publicize_message":"","jetpack_publicize_feature_enabled":true,"jetpack_social_post_already_shared":true,"jetpack_social_options":{"image_generator_settings":{"template":"highway","enabled":false}}},"categories":[8],"tags":[],"jetpack_publicize_connections":[],"jetpack_featured_media_url":"","jetpack_sharing_enabled":true,"jetpack_shortlink":"https:\/\/wp.me\/paFpWR-9Uw","_links":{"self":[{"href":"https:\/\/bonettiassociados.com.br\/index.php\/wp-json\/wp\/v2\/posts\/38100"}],"collection":[{"href":"https:\/\/bonettiassociados.com.br\/index.php\/wp-json\/wp\/v2\/posts"}],"about":[{"href":"https:\/\/bonettiassociados.com.br\/index.php\/wp-json\/wp\/v2\/types\/post"}],"author":[{"embeddable":true,"href":"https:\/\/bonettiassociados.com.br\/index.php\/wp-json\/wp\/v2\/users\/6"}],"replies":[{"embeddable":true,"href":"https:\/\/bonettiassociados.com.br\/index.php\/wp-json\/wp\/v2\/comments?post=38100"}],"version-history":[{"count":3,"href":"https:\/\/bonettiassociados.com.br\/index.php\/wp-json\/wp\/v2\/posts\/38100\/revisions"}],"predecessor-version":[{"id":38103,"href":"https:\/\/bonettiassociados.com.br\/index.php\/wp-json\/wp\/v2\/posts\/38100\/revisions\/38103"}],"wp:attachment":[{"href":"https:\/\/bonettiassociados.com.br\/index.php\/wp-json\/wp\/v2\/media?parent=38100"}],"wp:term":[{"taxonomy":"category","embeddable":true,"href":"https:\/\/bonettiassociados.com.br\/index.php\/wp-json\/wp\/v2\/categories?post=38100"},{"taxonomy":"post_tag","embeddable":true,"href":"https:\/\/bonettiassociados.com.br\/index.php\/wp-json\/wp\/v2\/tags?post=38100"}],"curies":[{"name":"wp","href":"https:\/\/api.w.org\/{rel}","templated":true}]}}