{"id":38097,"date":"2024-04-25T09:34:59","date_gmt":"2024-04-25T12:34:59","guid":{"rendered":"https:\/\/bonettiassociados.com.br\/?p=38097"},"modified":"2024-04-25T09:38:06","modified_gmt":"2024-04-25T12:38:06","slug":"haddad-entrega-a-lira-projeto-de-regulamentacao-da-reforma-tributaria","status":"publish","type":"post","link":"https:\/\/bonettiassociados.com.br\/index.php\/2024\/04\/25\/haddad-entrega-a-lira-projeto-de-regulamentacao-da-reforma-tributaria\/","title":{"rendered":"HADDAD ENTREGA A LIRA PROJETO DE REGULAMENTA\u00c7\u00c3O DA REFORMA TRIBUT\u00c1RIA"},"content":{"rendered":"<p style=\"text-align: justify;\"><span style=\"font-family: arial, helvetica, sans-serif;\">Foi entregue projeto que institui a Lei Geral do IBS, da CBS e do Imposto Seletivo; outra proposta ficou para o m\u00eas que vem.<\/span><\/p>\n<p style=\"text-align: justify;\"><!--more--><\/p>\n<p style=\"text-align: justify;\"><span style=\"font-family: arial, helvetica, sans-serif;\">O ministro da Fazenda, Fernando Haddad, entregou ao presidente da C\u00e2mara dos Deputados, Arthur Lira (PP-AL), o principal projeto de regulamenta\u00e7\u00e3o da reforma tribut\u00e1ria. O texto institui a Lei Geral do Imposto sobre Bens e Servi\u00e7os (IBS), da Contribui\u00e7\u00e3o Social sobre Bens e Servi\u00e7os (CBS) e do Imposto Seletivo (IS) e cont\u00e9m a maior parte das regras que regulamentam a reforma.<\/span><\/p>\n<p style=\"text-align: justify;\"><span style=\"font-family: arial, helvetica, sans-serif;\">O segundo projeto sobre o tema ser\u00e1 enviado ao Congresso na primeira quinzena de maio. A proposta vai tratar da atua\u00e7\u00e3o do Comit\u00ea Gestor do IBS e da distribui\u00e7\u00e3o das receitas do IBS entre os entes federativos. Na avalia\u00e7\u00e3o do ministro Fernando Haddad, o conjunto de benef\u00edcios da reforma para a economia brasileira \u00e9 inestim\u00e1vel.<\/span><\/p>\n<p style=\"text-align: justify;\"><span style=\"font-family: arial, helvetica, sans-serif;\">\u201cOs investimentos ser\u00e3o desonerados, as exporta\u00e7\u00f5es ser\u00e3o desoneradas, os produtos de consumo popular (alimentos, produtos industrializados) v\u00e3o ter um pre\u00e7o melhor. N\u00e3o haver\u00e1 cumulatividade nos impostos e n\u00e3o vamos exportar impostos\u201d, afirmou Haddad, em entrevista coletiva ap\u00f3s o encontro com Lira.<\/span><\/p>\n<p style=\"text-align: justify;\"><span style=\"font-family: arial, helvetica, sans-serif;\">Fernando Haddad disse que o novo sistema tribut\u00e1rio brasileiro ser\u00e1 totalmente digital. Segundo ele, com o aumento da base de contribuintes, o Pa\u00eds poder\u00e1 ter uma al\u00edquota mais razo\u00e1vel de imposto a ser paga. Atualmente, a m\u00e9dia dos tributos brasileiros \u00e9 de 34%. \u201cO impacto \u00e9 como se nosso PIB crescesse 20% dilu\u00eddo no tempo, em fun\u00e7\u00e3o do ganho de efici\u00eancia que nossa economia ter\u00e1. N\u00e3o se trata de pouca coisa\u201d, disse.<\/span><\/p>\n<p style=\"text-align: justify;\"><span style=\"font-family: arial, helvetica, sans-serif;\">Haddad destacou ainda que o projeto trazido \u00e0 C\u00e2mara nesta quarta-feira foi acompanhado por representantes de estados e munic\u00edpios, o que vai facilitar a negocia\u00e7\u00e3o no Legislativo.<\/span><\/p>\n<p style=\"text-align: justify;\"><span style=\"font-family: arial, helvetica, sans-serif;\">\u201cAssim, n\u00e3o vai expressar o direito de ningu\u00e9m individualmente, \u00e9 um projeto que j\u00e1 \u00e9 o resultado de uma negocia\u00e7\u00e3o pr\u00e9via que fizemos para facilitar o trabalho do Legislativo\u201d, afirmou.<\/span><\/p>\n<p style=\"text-align: justify;\"><span style=\"font-family: arial, helvetica, sans-serif;\">Os dois projetos s\u00e3o de lei complementar (PLPs), que exigem um qu\u00f3rum maior para aprova\u00e7\u00e3o (em vez da maioria simples, exige-se a maioria absoluta, ou seja, 257 votos favor\u00e1veis).<\/span><\/p>\n<p style=\"text-align: justify;\"><span style=\"font-family: arial, helvetica, sans-serif;\"><strong>Lira diz que ainda n\u00e3o definiu relatores para textos de regulamenta\u00e7\u00e3o da reforma tribut\u00e1ria<\/strong><\/span><\/p>\n<p style=\"text-align: justify;\"><span style=\"font-family: arial, helvetica, sans-serif;\">O presidente da C\u00e2mara dos Deputados, Arthur Lira (PP-AL), afirmou h\u00e1 pouco que ainda n\u00e3o definiu os relatores dos dois projetos que ser\u00e3o encaminhados pelo governo sobre a regulamenta\u00e7\u00e3o da reforma tribut\u00e1ria. Lira afirmou que o deputado Aguinaldo Ribeiro (PP-PB), que foi relator da PEC na C\u00e2mara, prestou um grande servi\u00e7o ao Pa\u00eds, mas h\u00e1 outros deputados interessados em relatar a mat\u00e9ria.<\/span><\/p>\n<p style=\"text-align: justify;\"><span style=\"font-family: arial, helvetica, sans-serif;\">\u201cEle j\u00e1 relatou a PEC da tribut\u00e1ria, essas regulamenta\u00e7\u00f5es n\u00e3o devem ter o mesmo relator, por isso h\u00e1 possiblidade de se formarem dois grupos de trabalho, um para cada projeto\u201d, disse em entrevista coletiva ao chegar \u00e0 C\u00e2mara.<\/span><\/p>\n<p style=\"text-align: justify;\"><span style=\"font-family: arial, helvetica, sans-serif;\">Mais cedo, em evento da Confedera\u00e7\u00e3o das Associa\u00e7\u00f5es Comerciais e Empresariais do Brasil, Lira afirmou que o objetivo \u00e9 votar a regulamenta\u00e7\u00e3o da reforma antes do recesso parlamentar.<\/span><\/p>\n<p style=\"text-align: justify;\"><span style=\"font-family: arial, helvetica, sans-serif;\"><strong>FONTE: FENACON \/ AG\u00caNCIA C\u00c2MARA DE NOT\u00cdCIAS<\/strong><\/span><\/p>\n<p>&nbsp;<\/p>\n<p>&nbsp;<\/p>\n<p>&nbsp;<\/p>\n<p>&nbsp;<\/p>\n","protected":false},"excerpt":{"rendered":"<p>Foi entregue projeto que institui a Lei Geral do IBS, [&hellip;]<\/p>\n","protected":false},"author":6,"featured_media":0,"comment_status":"closed","ping_status":"open","sticky":false,"template":"","format":"standard","meta":{"jetpack_post_was_ever_published":false,"_jetpack_newsletter_access":"","_jetpack_dont_email_post_to_subs":false,"_jetpack_newsletter_tier_id":0,"_jetpack_memberships_contains_paywalled_content":false,"footnotes":"","_jetpack_memberships_contains_paid_content":false,"jetpack_publicize_message":"","jetpack_publicize_feature_enabled":true,"jetpack_social_post_already_shared":true,"jetpack_social_options":{"image_generator_settings":{"template":"highway","enabled":false}}},"categories":[8],"tags":[],"jetpack_publicize_connections":[],"jetpack_featured_media_url":"","jetpack_sharing_enabled":true,"jetpack_shortlink":"https:\/\/wp.me\/paFpWR-9Ut","_links":{"self":[{"href":"https:\/\/bonettiassociados.com.br\/index.php\/wp-json\/wp\/v2\/posts\/38097"}],"collection":[{"href":"https:\/\/bonettiassociados.com.br\/index.php\/wp-json\/wp\/v2\/posts"}],"about":[{"href":"https:\/\/bonettiassociados.com.br\/index.php\/wp-json\/wp\/v2\/types\/post"}],"author":[{"embeddable":true,"href":"https:\/\/bonettiassociados.com.br\/index.php\/wp-json\/wp\/v2\/users\/6"}],"replies":[{"embeddable":true,"href":"https:\/\/bonettiassociados.com.br\/index.php\/wp-json\/wp\/v2\/comments?post=38097"}],"version-history":[{"count":1,"href":"https:\/\/bonettiassociados.com.br\/index.php\/wp-json\/wp\/v2\/posts\/38097\/revisions"}],"predecessor-version":[{"id":38098,"href":"https:\/\/bonettiassociados.com.br\/index.php\/wp-json\/wp\/v2\/posts\/38097\/revisions\/38098"}],"wp:attachment":[{"href":"https:\/\/bonettiassociados.com.br\/index.php\/wp-json\/wp\/v2\/media?parent=38097"}],"wp:term":[{"taxonomy":"category","embeddable":true,"href":"https:\/\/bonettiassociados.com.br\/index.php\/wp-json\/wp\/v2\/categories?post=38097"},{"taxonomy":"post_tag","embeddable":true,"href":"https:\/\/bonettiassociados.com.br\/index.php\/wp-json\/wp\/v2\/tags?post=38097"}],"curies":[{"name":"wp","href":"https:\/\/api.w.org\/{rel}","templated":true}]}}