{"id":3806,"date":"2019-08-07T09:22:45","date_gmt":"2019-08-07T12:22:45","guid":{"rendered":"http:\/\/bonettiassociados.com.br\/?p=3806"},"modified":"2019-08-07T09:22:45","modified_gmt":"2019-08-07T12:22:45","slug":"icms-st-stj-volta-a-analisar-creditos-de-pis-e-cofins-em-caso-de-revenda","status":"publish","type":"post","link":"https:\/\/bonettiassociados.com.br\/index.php\/2019\/08\/07\/icms-st-stj-volta-a-analisar-creditos-de-pis-e-cofins-em-caso-de-revenda\/","title":{"rendered":"ICMS-ST &#8211; STJ VOLTA A ANALISAR CR\u00c9DITOS DE PIS E COFINS EM CASO DE REVENDA"},"content":{"rendered":"<p style=\"text-align: justify;\"><span style=\"font-family: arial, helvetica, sans-serif;\">A 1\u00aa Turma do Superior Tribunal de Justi\u00e7a voltou a julgar nesta ter\u00e7a-feira (6\/8) recurso que questiona o valor-base para o c\u00e1lculo de cr\u00e9ditos de PIS e Cofins n\u00e3o cumulativo na compra de produtos para revenda. O julgamento foi suspenso ap\u00f3s pedido de vista do ministro Benedito Gon\u00e7alves.<\/span><!--more--><\/p>\n<p style=\"text-align: justify;\"><span style=\"font-family: arial, helvetica, sans-serif;\">Em maio, o relator, ministro Gurgel de Faria votou de acordo com entendimento da Receita Federal. Para o ministro, n\u00e3o haveria direito a cr\u00e9dito sobre a parcela referente ao ICMS-ST.<\/span><\/p>\n<p style=\"text-align: justify;\"><span style=\"font-family: arial, helvetica, sans-serif;\">&#8220;Defendo o desconto do ICMS-Substitui\u00e7\u00e3o Tribut\u00e1ria, o que reduziria o montante a que o contribuinte teria direito para quitar d\u00e9bitos fiscais. Para a Receita, se havia R$ 70 de ICMS-ST, por exemplo, o cr\u00e9dito para pagamento de PIS e Cofins passaria a ser de R$ 30&#8221;, disse.<\/span><\/p>\n<p style=\"text-align: justify;\"><span style=\"font-family: arial, helvetica, sans-serif;\">Na sess\u00e3o desta ter\u00e7a-feira, os ministros Regina Helena Costa e Napole\u00e3o Nunes Maia Filho abriram diverg\u00eancia ao entender que h\u00e1 direito a cr\u00e9dito sobre a parcela referente ao ICMS-ST.<\/span><\/p>\n<p style=\"text-align: justify;\"><span style=\"font-family: arial, helvetica, sans-serif;\">Caso Analisado<\/span><\/p>\n<p style=\"text-align: justify;\"><span style=\"font-family: arial, helvetica, sans-serif;\">No caso, o colegiado analisa recurso de um supermercado. A tese da contribuinte \u00e9 no sentido de que o cr\u00e9dito de PIS e Cofins a ser aproveitado pelo varejista deve ser o valor integral da nota fiscal de compra dos produtos que ser\u00e3o revendidos, incluindo o valor do ICMS-Substitui\u00e7\u00e3o Tribut\u00e1ria.<\/span><\/p>\n<p style=\"text-align: justify;\"><span style=\"font-family: arial, helvetica, sans-serif;\">A empresa utiliza apenas o valor que paga pelos produtos para calcular o cr\u00e9dito de PIS e Cofins, acrescido do valor do IPI, mesmo que sobre este imposto n\u00e3o tenha incidido PIS e Cofins, na etapa anterior. Se compra, por exemplo, um item por R$ 100 e vende por R$ 200, entende que a diferen\u00e7a de R$ 100 deve ser considerada cr\u00e9dito.<\/span><\/p>\n<p style=\"text-align: justify;\"><span style=\"font-family: arial, helvetica, sans-serif;\">REsp 1.428.247<\/span><\/p>\n<p style=\"text-align: justify;\"><span style=\"font-family: arial, helvetica, sans-serif;\"><strong>FONTE: Conjur &#8211; Por Gabriela Coelho<\/strong><\/span><\/p>\n","protected":false},"excerpt":{"rendered":"<p>A 1\u00aa Turma do Superior Tribunal de Justi\u00e7a voltou a [&hellip;]<\/p>\n","protected":false},"author":6,"featured_media":0,"comment_status":"closed","ping_status":"open","sticky":false,"template":"","format":"standard","meta":{"jetpack_post_was_ever_published":false,"_jetpack_newsletter_access":"","_jetpack_dont_email_post_to_subs":false,"_jetpack_newsletter_tier_id":0,"_jetpack_memberships_contains_paywalled_content":false,"footnotes":"","_jetpack_memberships_contains_paid_content":false,"jetpack_publicize_message":"","jetpack_publicize_feature_enabled":true,"jetpack_social_post_already_shared":true,"jetpack_social_options":{"image_generator_settings":{"template":"highway","enabled":false}}},"categories":[2],"tags":[],"jetpack_publicize_connections":[],"jetpack_featured_media_url":"","jetpack_sharing_enabled":true,"jetpack_shortlink":"https:\/\/wp.me\/paFpWR-Zo","_links":{"self":[{"href":"https:\/\/bonettiassociados.com.br\/index.php\/wp-json\/wp\/v2\/posts\/3806"}],"collection":[{"href":"https:\/\/bonettiassociados.com.br\/index.php\/wp-json\/wp\/v2\/posts"}],"about":[{"href":"https:\/\/bonettiassociados.com.br\/index.php\/wp-json\/wp\/v2\/types\/post"}],"author":[{"embeddable":true,"href":"https:\/\/bonettiassociados.com.br\/index.php\/wp-json\/wp\/v2\/users\/6"}],"replies":[{"embeddable":true,"href":"https:\/\/bonettiassociados.com.br\/index.php\/wp-json\/wp\/v2\/comments?post=3806"}],"version-history":[{"count":1,"href":"https:\/\/bonettiassociados.com.br\/index.php\/wp-json\/wp\/v2\/posts\/3806\/revisions"}],"predecessor-version":[{"id":3807,"href":"https:\/\/bonettiassociados.com.br\/index.php\/wp-json\/wp\/v2\/posts\/3806\/revisions\/3807"}],"wp:attachment":[{"href":"https:\/\/bonettiassociados.com.br\/index.php\/wp-json\/wp\/v2\/media?parent=3806"}],"wp:term":[{"taxonomy":"category","embeddable":true,"href":"https:\/\/bonettiassociados.com.br\/index.php\/wp-json\/wp\/v2\/categories?post=3806"},{"taxonomy":"post_tag","embeddable":true,"href":"https:\/\/bonettiassociados.com.br\/index.php\/wp-json\/wp\/v2\/tags?post=3806"}],"curies":[{"name":"wp","href":"https:\/\/api.w.org\/{rel}","templated":true}]}}