{"id":3804,"date":"2019-08-07T09:19:45","date_gmt":"2019-08-07T12:19:45","guid":{"rendered":"http:\/\/bonettiassociados.com.br\/?p=3804"},"modified":"2019-08-07T09:19:45","modified_gmt":"2019-08-07T12:19:45","slug":"stj-volta-a-analisar-calculo-de-creditos-de-pis-cofins","status":"publish","type":"post","link":"https:\/\/bonettiassociados.com.br\/index.php\/2019\/08\/07\/stj-volta-a-analisar-calculo-de-creditos-de-pis-cofins\/","title":{"rendered":"STJ VOLTA A ANALISAR C\u00c1LCULO DE CR\u00c9DITOS DE PIS\/COFINS"},"content":{"rendered":"<p style=\"text-align: justify;\"><span style=\"font-family: arial, helvetica, sans-serif;\">Regina Helena Costa: valor do ICMS-ST caracteriza custo de aquisi\u00e7\u00e3o.<\/span><!--more--><\/p>\n<p style=\"text-align: justify;\"><span style=\"font-family: arial, helvetica, sans-serif;\">Os contribuintes est\u00e3o vencendo na 1\u00aa Turma do Superior Tribunal de Justi\u00e7a (STJ) a discuss\u00e3o sobre o valor-base dos cr\u00e9ditos de PIS e Cofins n\u00e3o cumulativo na aquisi\u00e7\u00e3o de produtos para a revenda. Esse caso envolve a inclus\u00e3o ou n\u00e3o do ICMS &#8211; Substitui\u00e7\u00e3o Tribut\u00e1ria (ST) no c\u00e1lculo. Tr\u00eas ministros votaram at\u00e9 agora e dois deles, Regina Helena Costa e Napole\u00e3o Nunes Maia Filho, entenderam que a parcela referente ao imposto estadual pode ser creditada.<\/span><\/p>\n<p style=\"text-align: justify;\"><span style=\"font-family: arial, helvetica, sans-serif;\">Os dois votos s\u00e3o divergentes ao do relator, o ministro Gurgel de Faria, que acatou o entendimento da Fazenda Nacional. Para o ministro, como a parcela do ICMS-ST n\u00e3o \u00e9 calculada para fins de recolhimento das contribui\u00e7\u00f5es, n\u00e3o haveria como, depois, integrar a base do cr\u00e9dito.<\/span><\/p>\n<p style=\"text-align: justify;\"><span style=\"font-family: arial, helvetica, sans-serif;\">Se prevalecer a tese da Fazenda &#8211; e houver o desconto -, como entende o relator do caso na 1\u00aa Turma, o efeito pr\u00e1tico seria a redu\u00e7\u00e3o do montante a que o contribuinte teria direito para quitar d\u00e9bitos fiscais.<\/span><\/p>\n<p style=\"text-align: justify;\"><span style=\"font-family: arial, helvetica, sans-serif;\">Esse tema come\u00e7ou a ser julgado em maio e foi retomado na tarde de ontem. Acabou sendo suspenso, mais uma vez, por novo pedido de vista, do ministro Benedito Gon\u00e7alves. A conclus\u00e3o do julgamento depende ainda do seu voto e tamb\u00e9m do posicionamento do ministro S\u00e9rgio Kukina.<\/span><\/p>\n<p style=\"text-align: justify;\"><span style=\"font-family: arial, helvetica, sans-serif;\">\u00c9 a primeira vez que a turma analisa essa tese. A 2\u00aa Turma, que tamb\u00e9m julga quest\u00f5es de direito p\u00fablico, no entanto, j\u00e1 tem decis\u00e3o contr\u00e1ria ao contribuinte (REsp 1456648), de 2016.<\/span><\/p>\n<p style=\"text-align: justify;\"><span style=\"font-family: arial, helvetica, sans-serif;\">O caso em an\u00e1lise na 1\u00aa Turma \u00e9 da empresa Coqueiros Supermercados (REsp 1428247), do Rio Grande do Sul. A rede usa apenas o valor que paga pelos produtos para calcular o cr\u00e9dito de PIS e Cofins. Se compra, por exemplo, um item por R$ 100 e vende por R$ 200, entende que a diferen\u00e7a de R$ 100 deve ser considerada cr\u00e9dito. Para a Receita Federal, por\u00e9m, se havia R$ 70 de ICMS-ST, o cr\u00e9dito passaria a ser de R$ 30.<\/span><\/p>\n<p style=\"text-align: justify;\"><span style=\"font-family: arial, helvetica, sans-serif;\">O argumento da empresa ao STJ, para que o ICMS-ST integre o c\u00e1lculo para o cr\u00e9dito de PIS e Cofins &#8211; j\u00e1 aceito pelos ministros Regina Helena Costa e Napole\u00e3o Nunes Maia Filho &#8211; \u00e9 o de que essa parcela integra o custo de aquisi\u00e7\u00e3o.<\/span><\/p>\n<p style=\"text-align: justify;\"><span style=\"font-family: arial, helvetica, sans-serif;\">Em sustenta\u00e7\u00e3o oral, no m\u00eas de maio, o advogado Ivan Allegretti, representante da Coqueiros Supermercados no caso, havia afirmado que a interpreta\u00e7\u00e3o do contribuinte &#8220;faz mais sentido na racionalidade do sistema tribut\u00e1rio brasileiro&#8221;. &#8220;Porque \u00e9 quanto a empresa desembolsou para comprar o bem&#8221;, ele disse, na ocasi\u00e3o.<\/span><\/p>\n<p style=\"text-align: justify;\"><span style=\"font-family: arial, helvetica, sans-serif;\">A ministra Regina Helena Costa, que abriu a diverg\u00eancia, entende que a possibilidade de recupera\u00e7\u00e3o de despesas com tributos nas opera\u00e7\u00f5es ou etapas anteriores faz parte da &#8220;pr\u00f3pria natureza do princ\u00edpio da n\u00e3o cumulatividade&#8221;. &#8220;Em obedi\u00eancia \u00e0 previs\u00e3o constitucional da n\u00e3o cumulatividade da contribui\u00e7\u00e3o ao PIS e \u00e0 Cofins&#8221;, afirmou.<\/span><\/p>\n<p style=\"text-align: justify;\"><span style=\"font-family: arial, helvetica, sans-serif;\">Regina Helena Costa acrescentou ainda que o creditamento &#8220;independe da incid\u00eancia do PIS e da Cofins sobre o montante do ICMS-ST recolhido pelo substituto na etapa anterior&#8221; e que &#8220;o valor do imposto estadual antecipado caracteriza custo de aquisi\u00e7\u00e3o&#8221;.<\/span><\/p>\n<p style=\"text-align: justify;\"><span style=\"font-family: arial, helvetica, sans-serif;\"><strong>FONTE: Valor Econ\u00f4mico &#8211; Por Joice Bacelo<\/strong><\/span><\/p>\n","protected":false},"excerpt":{"rendered":"<p>Regina Helena Costa: valor do ICMS-ST caracteriza custo de aquisi\u00e7\u00e3o.<\/p>\n","protected":false},"author":6,"featured_media":0,"comment_status":"closed","ping_status":"open","sticky":false,"template":"","format":"standard","meta":{"jetpack_post_was_ever_published":false,"_jetpack_newsletter_access":"","_jetpack_dont_email_post_to_subs":false,"_jetpack_newsletter_tier_id":0,"_jetpack_memberships_contains_paywalled_content":false,"footnotes":"","_jetpack_memberships_contains_paid_content":false,"jetpack_publicize_message":"","jetpack_publicize_feature_enabled":true,"jetpack_social_post_already_shared":true,"jetpack_social_options":{"image_generator_settings":{"template":"highway","enabled":false}}},"categories":[2],"tags":[],"jetpack_publicize_connections":[],"jetpack_featured_media_url":"","jetpack_sharing_enabled":true,"jetpack_shortlink":"https:\/\/wp.me\/paFpWR-Zm","_links":{"self":[{"href":"https:\/\/bonettiassociados.com.br\/index.php\/wp-json\/wp\/v2\/posts\/3804"}],"collection":[{"href":"https:\/\/bonettiassociados.com.br\/index.php\/wp-json\/wp\/v2\/posts"}],"about":[{"href":"https:\/\/bonettiassociados.com.br\/index.php\/wp-json\/wp\/v2\/types\/post"}],"author":[{"embeddable":true,"href":"https:\/\/bonettiassociados.com.br\/index.php\/wp-json\/wp\/v2\/users\/6"}],"replies":[{"embeddable":true,"href":"https:\/\/bonettiassociados.com.br\/index.php\/wp-json\/wp\/v2\/comments?post=3804"}],"version-history":[{"count":1,"href":"https:\/\/bonettiassociados.com.br\/index.php\/wp-json\/wp\/v2\/posts\/3804\/revisions"}],"predecessor-version":[{"id":3805,"href":"https:\/\/bonettiassociados.com.br\/index.php\/wp-json\/wp\/v2\/posts\/3804\/revisions\/3805"}],"wp:attachment":[{"href":"https:\/\/bonettiassociados.com.br\/index.php\/wp-json\/wp\/v2\/media?parent=3804"}],"wp:term":[{"taxonomy":"category","embeddable":true,"href":"https:\/\/bonettiassociados.com.br\/index.php\/wp-json\/wp\/v2\/categories?post=3804"},{"taxonomy":"post_tag","embeddable":true,"href":"https:\/\/bonettiassociados.com.br\/index.php\/wp-json\/wp\/v2\/tags?post=3804"}],"curies":[{"name":"wp","href":"https:\/\/api.w.org\/{rel}","templated":true}]}}