{"id":3797,"date":"2019-08-06T11:25:04","date_gmt":"2019-08-06T14:25:04","guid":{"rendered":"http:\/\/bonettiassociados.com.br\/?p=3797"},"modified":"2019-08-06T11:25:04","modified_gmt":"2019-08-06T14:25:04","slug":"solucao-de-consulta-8-014-da-receita-colide-com-mp-da-liberdade-economica","status":"publish","type":"post","link":"https:\/\/bonettiassociados.com.br\/index.php\/2019\/08\/06\/solucao-de-consulta-8-014-da-receita-colide-com-mp-da-liberdade-economica\/","title":{"rendered":"SOLU\u00c7\u00c3O DE CONSULTA 8.014 DA RECEITA COLIDE COM &#8220;MP DA LIBERDADE ECON\u00d4MICA&#8221;"},"content":{"rendered":"<p style=\"text-align: justify;\"><span style=\"font-family: arial, helvetica, sans-serif;\">Foi publicado no Di\u00e1rio Oficial da Uni\u00e3o de 16 de julho a Solu\u00e7\u00e3o de Consulta 8.014 da Receita Federal, nos seguintes termos, verbis:<\/span><!--more--><\/p>\n<p style=\"text-align: justify;\"><span style=\"font-family: arial, helvetica, sans-serif;\">\u201cNormas Gerais de Direito Tribut\u00e1rio<\/span><\/p>\n<p style=\"text-align: justify;\"><span style=\"font-family: arial, helvetica, sans-serif;\">CIS\u00c3O PARCIAL. FIM ECON\u00d4MICO E PROP\u00d3SITO NEGOCIAL. TRANSFER\u00caNCIA DE CR\u00c9DITOS DE NATUREZA TRIBUT\u00c1RIA. UTILIZA\u00c7\u00c3O PELA SUCESSORA.<\/span><\/p>\n<p style=\"text-align: justify;\"><span style=\"font-family: arial, helvetica, sans-serif;\">A opera\u00e7\u00e3o societ\u00e1ria de cis\u00e3o parcial sem fim econ\u00f4mico deve ser desconsiderada quando tenha por objetivo o reconhecimento de cr\u00e9dito fiscal de qualquer esp\u00e9cie para fins de desconto, restitui\u00e7\u00e3o, ressarcimento ou compensa\u00e7\u00e3o, motivo pelo qual ser\u00e1 considerado como de terceiro se utilizado pela cindenda ou por quem incorpor\u00e1-la posteriormente.<\/span><\/p>\n<p style=\"text-align: justify;\"><span style=\"font-family: arial, helvetica, sans-serif;\">A cis\u00e3o parcial, desde que possua fim econ\u00f4mico, \u00e9 uma hip\u00f3tese legal de sucess\u00e3o dos direitos previstos nos atos de formaliza\u00e7\u00e3o societ\u00e1ria, entre os quais os cr\u00e9ditos decorrentes de ind\u00e9bitos tribut\u00e1rios, inclusive os judiciais com tr\u00e2nsito em julgado, que passam a ter natureza de cr\u00e9ditos pr\u00f3prios da sucessora, se assim determinarem os atos de cis\u00e3o sendo, desse modo, v\u00e1lidos para a solicita\u00e7\u00e3o de restitui\u00e7\u00e3o e compensa\u00e7\u00e3o com d\u00e9bitos desta para com a Fazenda Nacional\u201d.<\/span><\/p>\n<p style=\"text-align: justify;\"><span style=\"font-family: arial, helvetica, sans-serif;\">Ou seja, mais uma vez, a Receita insiste na tese de que qualquer planejamento tribut\u00e1rio \u2014 na consulta se fala em cis\u00e3o parcial \u2014 depende da exist\u00eancia do \u201cprop\u00f3sito negocial\u201d.<\/span><\/p>\n<p style=\"text-align: justify;\"><span style=\"font-family: arial, helvetica, sans-serif;\">Quanto ao prop\u00f3sito negocial, para fins de validade do planejamento tribut\u00e1rio sob o olhar do Carf, n\u00e3o se faz suficiente a licitude dos atos realizados, tampouco a m\u00e1xima argumentativa da liberdade empresarial de auto\u00ad-organiza\u00e7\u00e3o para legitimar as alternativas escolhidas em uma reestrutura\u00e7\u00e3o societ\u00e1ria, pois estas devem estar providas de causa econ\u00f4mica, de modo que o motivo da reorganiza\u00e7\u00e3o n\u00e3o seja \u00fanico ou predominantemente de economizar tributos.<\/span><\/p>\n<p style=\"text-align: justify;\"><span style=\"font-family: arial, helvetica, sans-serif;\">Todavia, o par\u00e1grafo 2\u00ba do artigo 1\u00ba da MP 881 (&#8220;MP da liberdade econ\u00f4mica&#8221;) excepcionou expressamente a aplica\u00e7\u00e3o das regras advindas dos artigos 1\u00ba a 4\u00ba ao Direito Tribut\u00e1rio e ao Direito Financeiro.<\/span><\/p>\n<p style=\"text-align: justify;\"><span style=\"font-family: arial, helvetica, sans-serif;\">Ocorre que seu artigo 7\u00ba (n\u00e3o excepcionado, portanto, ao Direito Tribut\u00e1rio) a &#8220;MP da liberdade econ\u00f4mica&#8221; alterou, dentre outros pontos, a reda\u00e7\u00e3o do artigo 421 do C\u00f3digo Civil, que passou a prescrever que &#8220;a liberdade de contratar ser\u00e1 exercida em raz\u00e3o e nos limites da fun\u00e7\u00e3o social do contrato, observado o disposto na Declara\u00e7\u00e3o de Direitos de Liberdade Econ\u00f4mica&#8221;, verbis:<\/span><\/p>\n<p style=\"text-align: justify;\"><span style=\"font-family: arial, helvetica, sans-serif;\">&#8220;Art. 7\u00ba A Lei n\u00ba 10.406, de 10 de janeiro de 2002 &#8211; C\u00f3digo Civil, passa a vigorar com as seguintes altera\u00e7\u00f5es: (&#8230;)<\/span><\/p>\n<p style=\"text-align: justify;\"><span style=\"font-family: arial, helvetica, sans-serif;\">Art. 421. A liberdade de contratar ser\u00e1 exercida em raz\u00e3o e nos limites da fun\u00e7\u00e3o social do contrato, observado o disposto na Declara\u00e7\u00e3o de Direitos de Liberdade Econ\u00f4mica.<\/span><\/p>\n<p style=\"text-align: justify;\"><span style=\"font-family: arial, helvetica, sans-serif;\">Par\u00e1grafo \u00fanico. Nas rela\u00e7\u00f5es contratuais privadas, prevalecer\u00e1 o princ\u00edpio da interven\u00e7\u00e3o m\u00ednima do Estado, por qualquer dos seus poderes, e a revis\u00e3o contratual determinada de forma externa \u00e0s partes ser\u00e1 excepcional&#8221;.<\/span><\/p>\n<p style=\"text-align: justify;\"><span style=\"font-family: arial, helvetica, sans-serif;\">Ou seja, a &#8220;MP da liberdade econ\u00f4mica&#8221; \u2014 felizmente na dire\u00e7\u00e3o constitucional \u2014 inverte toda a rela\u00e7\u00e3o e imp\u00f5e \u00f4nus \u00e0 administra\u00e7\u00e3o tribut\u00e1ria, que, agora, vai ter que provar o defeito no neg\u00f3cio jur\u00eddico do particular.<\/span><\/p>\n<p style=\"text-align: justify;\"><span style=\"font-family: arial, helvetica, sans-serif;\">Insistimos mais um pouco: at\u00e9 ent\u00e3o \u2014 sob a perspectiva da jurisprud\u00eancia do Carf \u2014 o contribuinte tinha o dever de provar a exist\u00eancia de prop\u00f3sito negocial, sob pena de ver ruir toda sua reestrutura\u00e7\u00e3o e planejamento fiscal.<\/span><\/p>\n<p style=\"text-align: justify;\"><span style=\"font-family: arial, helvetica, sans-serif;\">E agora vem a colis\u00e3o: prevalece a &#8220;MP da liberdade econ\u00f4mica&#8221; ou a Solu\u00e7\u00e3o de Consulta 8.014?<\/span><\/p>\n<p style=\"text-align: justify;\"><span style=\"font-family: arial, helvetica, sans-serif;\">Loas \u00e0 promo\u00e7\u00e3o de ambiente de neg\u00f3cios e viva a presen\u00e7a do Estado parceiro e que fomenta. Para o Brasil crescer e avan\u00e7ar como pot\u00eancia econ\u00f4mica mundial, basta que o Estado n\u00e3o atrapalhe.<\/span><\/p>\n<p style=\"text-align: justify;\"><span style=\"font-family: arial, helvetica, sans-serif;\">Uma excelente pauta para o Congresso Nacional que volta agora a discutir a reforma tribut\u00e1ria.<\/span><\/p>\n<p style=\"text-align: justify;\"><span style=\"font-family: arial, helvetica, sans-serif;\"><strong>FONTE: Conjur &#8211; Por Breno de Paula<\/strong><\/span><\/p>\n","protected":false},"excerpt":{"rendered":"<p>Foi publicado no Di\u00e1rio Oficial da Uni\u00e3o de 16 de [&hellip;]<\/p>\n","protected":false},"author":6,"featured_media":0,"comment_status":"closed","ping_status":"open","sticky":false,"template":"","format":"standard","meta":{"jetpack_post_was_ever_published":false,"_jetpack_newsletter_access":"","_jetpack_dont_email_post_to_subs":false,"_jetpack_newsletter_tier_id":0,"_jetpack_memberships_contains_paywalled_content":false,"footnotes":"","_jetpack_memberships_contains_paid_content":false,"jetpack_publicize_message":"","jetpack_publicize_feature_enabled":true,"jetpack_social_post_already_shared":true,"jetpack_social_options":{"image_generator_settings":{"template":"highway","enabled":false}}},"categories":[2],"tags":[],"jetpack_publicize_connections":[],"jetpack_featured_media_url":"","jetpack_sharing_enabled":true,"jetpack_shortlink":"https:\/\/wp.me\/paFpWR-Zf","_links":{"self":[{"href":"https:\/\/bonettiassociados.com.br\/index.php\/wp-json\/wp\/v2\/posts\/3797"}],"collection":[{"href":"https:\/\/bonettiassociados.com.br\/index.php\/wp-json\/wp\/v2\/posts"}],"about":[{"href":"https:\/\/bonettiassociados.com.br\/index.php\/wp-json\/wp\/v2\/types\/post"}],"author":[{"embeddable":true,"href":"https:\/\/bonettiassociados.com.br\/index.php\/wp-json\/wp\/v2\/users\/6"}],"replies":[{"embeddable":true,"href":"https:\/\/bonettiassociados.com.br\/index.php\/wp-json\/wp\/v2\/comments?post=3797"}],"version-history":[{"count":1,"href":"https:\/\/bonettiassociados.com.br\/index.php\/wp-json\/wp\/v2\/posts\/3797\/revisions"}],"predecessor-version":[{"id":3798,"href":"https:\/\/bonettiassociados.com.br\/index.php\/wp-json\/wp\/v2\/posts\/3797\/revisions\/3798"}],"wp:attachment":[{"href":"https:\/\/bonettiassociados.com.br\/index.php\/wp-json\/wp\/v2\/media?parent=3797"}],"wp:term":[{"taxonomy":"category","embeddable":true,"href":"https:\/\/bonettiassociados.com.br\/index.php\/wp-json\/wp\/v2\/categories?post=3797"},{"taxonomy":"post_tag","embeddable":true,"href":"https:\/\/bonettiassociados.com.br\/index.php\/wp-json\/wp\/v2\/tags?post=3797"}],"curies":[{"name":"wp","href":"https:\/\/api.w.org\/{rel}","templated":true}]}}