{"id":3795,"date":"2019-08-06T11:21:32","date_gmt":"2019-08-06T14:21:32","guid":{"rendered":"http:\/\/bonettiassociados.com.br\/?p=3795"},"modified":"2019-08-06T11:21:32","modified_gmt":"2019-08-06T14:21:32","slug":"previdenciaria-alterada-a-redacao-da-lei-de-beneficios-para-definir-a-antecipacao-do-abono-anual-devido-aos-segurados-e-dependentes-da-previdencia-social","status":"publish","type":"post","link":"https:\/\/bonettiassociados.com.br\/index.php\/2019\/08\/06\/previdenciaria-alterada-a-redacao-da-lei-de-beneficios-para-definir-a-antecipacao-do-abono-anual-devido-aos-segurados-e-dependentes-da-previdencia-social\/","title":{"rendered":"PREVIDENCI\u00c1RIA &#8211; ALTERADA A REDA\u00c7\u00c3O DA LEI DE BENEF\u00cdCIOS PARA DEFINIR A ANTECIPA\u00c7\u00c3O DO ABONO ANUAL DEVIDO AOS SEGURADOS E DEPENDENTES DA PREVID\u00caNCIA SOCIAL"},"content":{"rendered":"<p style=\"text-align: justify;\"><span style=\"font-family: arial, helvetica, sans-serif;\">Medida Provis\u00f3ria n\u00ba 891\/2019 &#8211; DOU 1 de 06.08.2019.<\/span><!--more--><\/p>\n<p style=\"text-align: justify;\"><span style=\"font-family: arial, helvetica, sans-serif;\">O Presidente da Rep\u00fablica, por meio de Medida Provis\u00f3ria, alterou a reda\u00e7\u00e3o do par\u00e1grafo \u00fanico do art. 40 da Lei n\u00ba 8.213\/1991, que disp\u00f5e sobre os planos de benef\u00edcios da Previd\u00eancia Social, para determinar que o pagamento do abono anual devido ao segurado e ao dependente da Previd\u00eancia Social que, durante o ano, recebeu aux\u00edlio-doen\u00e7a, aux\u00edlio-acidente ou aposentadoria e pens\u00e3o por morte ou aux\u00edlio-reclus\u00e3o ser\u00e1 efetuado em 2 parcelas, sendo que:<\/span><\/p>\n<ol style=\"text-align: justify;\">\n<li><span style=\"font-family: arial, helvetica, sans-serif;\">a) a 1\u00aa parcela corresponder\u00e1 a at\u00e9 50% do valor do benef\u00edcio correspondente ao m\u00eas de agosto e ser\u00e1 paga juntamente com os benef\u00edcios correspondentes a esse m\u00eas; e<\/span><\/li>\n<li><span style=\"font-family: arial, helvetica, sans-serif;\">b) a 2\u00aa parcela corresponder\u00e1 \u00e0 diferen\u00e7a entre o valor total do abono anual e o valor da parcela antecipada e ser\u00e1 paga juntamente com os benef\u00edcios correspondentes ao m\u00eas de novembro.<\/span><\/li>\n<\/ol>\n<p style=\"text-align: justify;\"><span style=\"font-family: arial, helvetica, sans-serif;\">Recorda-se que o abono anual \u00e9 calculado, no que couber, da mesma forma que o 13\u00ba sal\u00e1rio dos trabalhadores, tendo por base o valor da renda mensal do benef\u00edcio do m\u00eas de dezembro de cada ano.<\/span><\/p>\n<p style=\"text-align: justify;\"><span style=\"font-family: arial, helvetica, sans-serif;\">(Medida Provis\u00f3ria n\u00ba 891\/2019 &#8211; DOU 1 de 06.08.2019).<\/span><\/p>\n<p style=\"text-align: justify;\"><span style=\"font-family: arial, helvetica, sans-serif;\"><strong>FONTE: Editorial IOB<\/strong><\/span><\/p>\n","protected":false},"excerpt":{"rendered":"<p>Medida Provis\u00f3ria n\u00ba 891\/2019 &#8211; DOU 1 de 06.08.2019.<\/p>\n","protected":false},"author":6,"featured_media":0,"comment_status":"closed","ping_status":"open","sticky":false,"template":"","format":"standard","meta":{"jetpack_post_was_ever_published":false,"_jetpack_newsletter_access":"","_jetpack_dont_email_post_to_subs":false,"_jetpack_newsletter_tier_id":0,"_jetpack_memberships_contains_paywalled_content":false,"footnotes":"","_jetpack_memberships_contains_paid_content":false,"jetpack_publicize_message":"","jetpack_publicize_feature_enabled":true,"jetpack_social_post_already_shared":true,"jetpack_social_options":{"image_generator_settings":{"template":"highway","enabled":false}}},"categories":[2],"tags":[],"jetpack_publicize_connections":[],"jetpack_featured_media_url":"","jetpack_sharing_enabled":true,"jetpack_shortlink":"https:\/\/wp.me\/paFpWR-Zd","_links":{"self":[{"href":"https:\/\/bonettiassociados.com.br\/index.php\/wp-json\/wp\/v2\/posts\/3795"}],"collection":[{"href":"https:\/\/bonettiassociados.com.br\/index.php\/wp-json\/wp\/v2\/posts"}],"about":[{"href":"https:\/\/bonettiassociados.com.br\/index.php\/wp-json\/wp\/v2\/types\/post"}],"author":[{"embeddable":true,"href":"https:\/\/bonettiassociados.com.br\/index.php\/wp-json\/wp\/v2\/users\/6"}],"replies":[{"embeddable":true,"href":"https:\/\/bonettiassociados.com.br\/index.php\/wp-json\/wp\/v2\/comments?post=3795"}],"version-history":[{"count":1,"href":"https:\/\/bonettiassociados.com.br\/index.php\/wp-json\/wp\/v2\/posts\/3795\/revisions"}],"predecessor-version":[{"id":3796,"href":"https:\/\/bonettiassociados.com.br\/index.php\/wp-json\/wp\/v2\/posts\/3795\/revisions\/3796"}],"wp:attachment":[{"href":"https:\/\/bonettiassociados.com.br\/index.php\/wp-json\/wp\/v2\/media?parent=3795"}],"wp:term":[{"taxonomy":"category","embeddable":true,"href":"https:\/\/bonettiassociados.com.br\/index.php\/wp-json\/wp\/v2\/categories?post=3795"},{"taxonomy":"post_tag","embeddable":true,"href":"https:\/\/bonettiassociados.com.br\/index.php\/wp-json\/wp\/v2\/tags?post=3795"}],"curies":[{"name":"wp","href":"https:\/\/api.w.org\/{rel}","templated":true}]}}