{"id":3783,"date":"2019-08-06T11:16:25","date_gmt":"2019-08-06T14:16:25","guid":{"rendered":"http:\/\/bonettiassociados.com.br\/?p=3783"},"modified":"2019-08-06T11:16:25","modified_gmt":"2019-08-06T14:16:25","slug":"carf-julga-ipi-de-produtos-da-nivea-com-dupla-funcao","status":"publish","type":"post","link":"https:\/\/bonettiassociados.com.br\/index.php\/2019\/08\/06\/carf-julga-ipi-de-produtos-da-nivea-com-dupla-funcao\/","title":{"rendered":"CARF JULGA IPI DE PRODUTOS DA NIVEA COM DUPLA FUN\u00c7\u00c3O"},"content":{"rendered":"<p style=\"text-align: justify;\"><span style=\"font-family: arial, helvetica, sans-serif;\">Fernanda S\u00e1: milhares de solu\u00e7\u00f5es de consulta s\u00e3o de classifica\u00e7\u00e3o fiscal.<\/span><!--more--><\/p>\n<p style=\"text-align: justify;\"><span style=\"font-family: arial, helvetica, sans-serif;\">Sem saber se produtos da Nivea poderiam ser classificados como hidratantes ou desodorantes, o Conselho Administrativo de Recursos Fiscais (Carf) decidiu suspender julgamento sobre cobran\u00e7a de IPI. O caso, que tramita na 1\u00aa Turma da 2\u00aa C\u00e2mara da 3\u00aa Se\u00e7\u00e3o, ser\u00e1 retomado ap\u00f3s os conselheiros receberem maiores informa\u00e7\u00f5es da fabricante e de \u00f3rg\u00e3os governamentais &#8211; entre eles a Ag\u00eancia Nacional de Vigil\u00e2ncia Sanit\u00e1ria (Anvisa).<\/span><\/p>\n<p style=\"text-align: justify;\"><span style=\"font-family: arial, helvetica, sans-serif;\">O caso \u00e9 da Beiersdorf Ind\u00fastria e Com\u00e9rcio, que tem entre suas marcas a Nivea. A fabricante foi autuada depois de classificar os produtos &#8211; entre eles o Nivea Milk &#8211; como desodorantes, que t\u00eam al\u00edquota menor, de 7%. A de hidratantes \u00e9 de 22%.<\/span><\/p>\n<p style=\"text-align: justify;\"><span style=\"font-family: arial, helvetica, sans-serif;\">No processo, a empresa alega que o fato de os produtos n\u00e3o serem usados apenas nas axilas n\u00e3o afasta a caracter\u00edstica de desodorante, que pode ser comprovada pela presen\u00e7a de subst\u00e2ncias qu\u00edmicas. Para a empresa, a quantidade de ingredientes n\u00e3o define o que o produto \u00e9 (processo n\u00ba 19311.720310\/2017-15).<\/span><\/p>\n<p style=\"text-align: justify;\"><span style=\"font-family: arial, helvetica, sans-serif;\">O relator do processo no Carf, conselheiro La\u00e9rcio Cruz Uliana Junior, afirmou que os produtos t\u00eam a\u00e7\u00e3o hidratante e desodorante e, pela an\u00e1lise, n\u00e3o \u00e9 poss\u00edvel saber qual a fun\u00e7\u00e3o principal. Por isso, solicitou o que se chama de dilig\u00eancia. Os demais julgadores seguiram o voto do relator.<\/span><\/p>\n<p style=\"text-align: justify;\"><span style=\"font-family: arial, helvetica, sans-serif;\">A empresa ter\u00e1 que apresentar a composi\u00e7\u00e3o qu\u00edmica dos produtos, identificando a fun\u00e7\u00e3o de cada subst\u00e2ncia. J\u00e1 a Receita Federal dever\u00e1 solicitar na Anvisa a defini\u00e7\u00e3o t\u00e9cnica de desodorantes, \u00e1guas de col\u00f4nia e hidratantes, al\u00e9m de uma per\u00edcia t\u00e9cnica do Instituto Nacional de Tecnologia (INT).<\/span><\/p>\n<p style=\"text-align: justify;\"><span style=\"font-family: arial, helvetica, sans-serif;\">Muitos produtos s\u00e3o pensados tendo como base a classifica\u00e7\u00e3o fiscal. Por isso, a discuss\u00e3o \u00e9 comum e n\u00e3o envolve s\u00f3 o IPI, mas tamb\u00e9m o Imposto de Importa\u00e7\u00e3o, segundo Fernanda S\u00e1, s\u00f3cia da \u00e1rea tribut\u00e1ria do escrit\u00f3rio Machado Meyer Advogados.<\/span><\/p>\n<p style=\"text-align: justify;\"><span style=\"font-family: arial, helvetica, sans-serif;\">Os setores que trabalham com qu\u00edmica costumam lidar mais com esse problema. &#8220;Existe grande complexidade na an\u00e1lise qu\u00edmica. \u00c9 necess\u00e1rio expertise para identifica\u00e7\u00e3o e classifica\u00e7\u00e3o&#8221;, diz a advogada. Isso inclui empresas de medicamentos, cosm\u00e9ticos e higiene pessoal.<\/span><\/p>\n<p style=\"text-align: justify;\"><span style=\"font-family: arial, helvetica, sans-serif;\">Quando a empresa \u00e9 fabricante ou importadora cabe a ela a indica\u00e7\u00e3o da classifica\u00e7\u00e3o fiscal do produto. Mas em caso de d\u00favida, o contribuinte poder fazer uma consulta na Receita Federal. &#8220;Milhares de solu\u00e7\u00f5es de consulta dirigidas \u00e0 Receita s\u00e3o de classifica\u00e7\u00e3o fiscal&#8221;, afirma Fernanda. A depender da classifica\u00e7\u00e3o, a tributa\u00e7\u00e3o de IPI muda significativamente.<\/span><\/p>\n<p style=\"text-align: justify;\"><span style=\"font-family: arial, helvetica, sans-serif;\">A quest\u00e3o preocupa as empresas por causa do impacto que pode gerar na decis\u00e3o do neg\u00f3cio, de acordo com Fernanda. &#8220;Quando decide vender um produto, a empresa faz seu modelo de neg\u00f3cio pensando numa tributa\u00e7\u00e3o e, depois, por diverg\u00eancia com a Receita tudo aquilo que ela fez acaba sendo descartado&#8221;, diz.<\/span><\/p>\n<p style=\"text-align: justify;\"><span style=\"font-family: arial, helvetica, sans-serif;\">O tema n\u00e3o \u00e9 t\u00e3o corriqueiro no Carf, mas existe um precedente da 3\u00aa Turma da C\u00e2mara Superior. Em 2018, por maioria de votos os conselheiros mantiveram uma cobran\u00e7a de IPI por considerar que dois produtos do Laborat\u00f3rios Stiefel eram hidratantes, apesar de possu\u00edrem filtro solar.<\/span><\/p>\n<p style=\"text-align: justify;\"><span style=\"font-family: arial, helvetica, sans-serif;\">De acordo com a Receita Federal, a bula classifica os produtos como cosm\u00e9ticos e n\u00e3o h\u00e1 registro na Anvisa como medicamentos, como defende a fabricante. No entendimento da 3\u00aa Turma, foge ao senso comum dizer que o consignado na bula e o registrado da Anvisa n\u00e3o s\u00e3o ind\u00edcios suficientes para que n\u00e3o se considere os produtos como medicamentos. Ainda ser\u00e3o julgados embargos de declara\u00e7\u00e3o no Carf (processo n\u00ba 13893.000864\/200406).<\/span><\/p>\n<p style=\"text-align: justify;\"><span style=\"font-family: arial, helvetica, sans-serif;\">Procurada pelo Valor, a Procuradoria-Geral da Fazenda Nacional (PGFN) afirmou que n\u00e3o tem informa\u00e7\u00f5es sobre decis\u00f5es similares. A Nivea informou que n\u00e3o pode comentar processos em andamento. A Stiefel n\u00e3o deu retorno at\u00e9 o fechamento da edi\u00e7\u00e3o.<\/span><\/p>\n<p style=\"text-align: justify;\"><span style=\"font-family: arial, helvetica, sans-serif;\"><strong>FONTE: Valor Econ\u00f4mico &#8211; Por Beatriz Olivon<\/strong><\/span><\/p>\n","protected":false},"excerpt":{"rendered":"<p>Fernanda S\u00e1: milhares de solu\u00e7\u00f5es de consulta s\u00e3o de classifica\u00e7\u00e3o [&hellip;]<\/p>\n","protected":false},"author":6,"featured_media":0,"comment_status":"closed","ping_status":"open","sticky":false,"template":"","format":"standard","meta":{"jetpack_post_was_ever_published":false,"_jetpack_newsletter_access":"","_jetpack_dont_email_post_to_subs":false,"_jetpack_newsletter_tier_id":0,"_jetpack_memberships_contains_paywalled_content":false,"footnotes":"","_jetpack_memberships_contains_paid_content":false,"jetpack_publicize_message":"","jetpack_publicize_feature_enabled":true,"jetpack_social_post_already_shared":true,"jetpack_social_options":{"image_generator_settings":{"template":"highway","enabled":false}}},"categories":[2],"tags":[],"jetpack_publicize_connections":[],"jetpack_featured_media_url":"","jetpack_sharing_enabled":true,"jetpack_shortlink":"https:\/\/wp.me\/paFpWR-Z1","_links":{"self":[{"href":"https:\/\/bonettiassociados.com.br\/index.php\/wp-json\/wp\/v2\/posts\/3783"}],"collection":[{"href":"https:\/\/bonettiassociados.com.br\/index.php\/wp-json\/wp\/v2\/posts"}],"about":[{"href":"https:\/\/bonettiassociados.com.br\/index.php\/wp-json\/wp\/v2\/types\/post"}],"author":[{"embeddable":true,"href":"https:\/\/bonettiassociados.com.br\/index.php\/wp-json\/wp\/v2\/users\/6"}],"replies":[{"embeddable":true,"href":"https:\/\/bonettiassociados.com.br\/index.php\/wp-json\/wp\/v2\/comments?post=3783"}],"version-history":[{"count":1,"href":"https:\/\/bonettiassociados.com.br\/index.php\/wp-json\/wp\/v2\/posts\/3783\/revisions"}],"predecessor-version":[{"id":3784,"href":"https:\/\/bonettiassociados.com.br\/index.php\/wp-json\/wp\/v2\/posts\/3783\/revisions\/3784"}],"wp:attachment":[{"href":"https:\/\/bonettiassociados.com.br\/index.php\/wp-json\/wp\/v2\/media?parent=3783"}],"wp:term":[{"taxonomy":"category","embeddable":true,"href":"https:\/\/bonettiassociados.com.br\/index.php\/wp-json\/wp\/v2\/categories?post=3783"},{"taxonomy":"post_tag","embeddable":true,"href":"https:\/\/bonettiassociados.com.br\/index.php\/wp-json\/wp\/v2\/tags?post=3783"}],"curies":[{"name":"wp","href":"https:\/\/api.w.org\/{rel}","templated":true}]}}