{"id":3780,"date":"2019-08-05T10:00:04","date_gmt":"2019-08-05T13:00:04","guid":{"rendered":"http:\/\/bonettiassociados.com.br\/?p=3780"},"modified":"2019-08-05T10:00:04","modified_gmt":"2019-08-05T13:00:04","slug":"projeto-quer-tornar-permanente-a-deducao-no-ir-de-empregado-domestico","status":"publish","type":"post","link":"https:\/\/bonettiassociados.com.br\/index.php\/2019\/08\/05\/projeto-quer-tornar-permanente-a-deducao-no-ir-de-empregado-domestico\/","title":{"rendered":"PROJETO QUER TORNAR PERMANENTE A DEDU\u00c7\u00c3O NO IR DE EMPREGADO DOM\u00c9STICO"},"content":{"rendered":"<p style=\"text-align: justify;\"><span style=\"font-family: arial, helvetica, sans-serif;\">Senador acredita que a dedu\u00e7\u00e3o do IR para dom\u00e9sticos \u00e9 essencial para manter empregos.<\/span><!--more--><\/p>\n<p style=\"text-align: justify;\"><span style=\"font-family: arial, helvetica, sans-serif;\">Tramita pelo senado o PL 3.015\/2019 que quer tornar permanente a dedu\u00e7\u00e3o da contribui\u00e7\u00e3o previdenci\u00e1ria ao empregado dom\u00e9stico no Imposto de Renda. Atualmente a dedu\u00e7\u00e3o no IR para quem paga a contribui\u00e7\u00e3o INSS de empregado dom\u00e9stico \u00e9 tempor\u00e1ria, e 2019 \u00e9 o \u00faltimo ano em que isso ser\u00e1 poss\u00edvel, caso o Congresso n\u00e3o aprove novo prazo.<\/span><\/p>\n<p style=\"text-align: justify;\"><span style=\"font-family: arial, helvetica, sans-serif;\">No entanto, de acordo com o autor do projeto, senador Acir Gurgacz, \u00e9 preciso observar o peso que as novas obriga\u00e7\u00f5es institu\u00eddas representar\u00e3o para o empregador, uma vez que\u00a0 a condi\u00e7\u00e3o de pessoa f\u00edsica n\u00e3o permite ao patr\u00e3o suportar a mesma mir\u00edade de obriga\u00e7\u00f5es arcadas normalmente pelas empresas que gozem de razo\u00e1vel sa\u00fade financeira.<\/span><\/p>\n<p style=\"text-align: justify;\"><span style=\"font-family: arial, helvetica, sans-serif;\">O texto prev\u00ea a possibilidade de dedu\u00e7\u00e3o j\u00e1 a partir do primeiro dia do exerc\u00edcio fiscal seguinte ao da publica\u00e7\u00e3o da lei, ou seja, se a lei for sancionada at\u00e9 31 de dezembro deste ano, as despesas pagas no ano que vem ser\u00e3o dedut\u00edveis nas declara\u00e7\u00f5es entregues em 2021.<\/span><\/p>\n<p style=\"text-align: justify;\"><span style=\"font-family: arial, helvetica, sans-serif;\">Impactos para o empregador<\/span><\/p>\n<p style=\"text-align: justify;\"><span style=\"font-family: arial, helvetica, sans-serif;\">Gurgacz afirmou que, embora a Emenda Constitucional 72, que regulamentou o trabalho dom\u00e9stico, em 2013, tenha sido \u201cuma vit\u00f3ria incontest\u00e1vel e desej\u00e1vel\u201d para a classe dos trabalhadores dom\u00e9sticos, ela produziu um peso maior para os empregadores, que n\u00e3o podem ser equiparados a empresas, cuja sa\u00fade financeira \u00e9 bem mais s\u00f3lida.<\/span><\/p>\n<p style=\"text-align: justify;\"><span style=\"font-family: arial, helvetica, sans-serif;\">Contudo, ressaltou que se a press\u00e3o sobre o empregador dom\u00e9stico for levada ao limite, esses patr\u00f5es acabar\u00e3o demitindo e optar\u00e3o por contratar diaristas, alheias ao mercado formal de trabalho, sem carteira assinada e sem direitos trabalhistas garantidos.<\/span><\/p>\n<p style=\"text-align: justify;\"><span style=\"font-family: arial, helvetica, sans-serif;\">Dedu\u00e7\u00e3o na Declara\u00e7\u00e3o de Imposto de Renda<\/span><\/p>\n<p style=\"text-align: justify;\"><span style=\"font-family: arial, helvetica, sans-serif;\">Vale lembrar que atualmente a dedu\u00e7\u00e3o est\u00e1 limitada a apenas um empregado dom\u00e9stico por declara\u00e7\u00e3o de imposto de renda, inclusive no caso da declara\u00e7\u00e3o em conjunto.<\/span><\/p>\n<p style=\"text-align: justify;\"><span style=\"font-family: arial, helvetica, sans-serif;\">Se o contribuinte tiver dois empregados dom\u00e9sticos, ele s\u00f3 poder\u00e1 fazer a dedu\u00e7\u00e3o de um. No entanto, se houver outro contribuinte na fam\u00edlia que declare o Imposto de Renda, \u00e9 poss\u00edvel fazer a dedu\u00e7\u00e3o do segundo empregado.<\/span><\/p>\n<p style=\"text-align: justify;\"><span style=\"font-family: arial, helvetica, sans-serif;\">S\u00f3 \u00e9 aceita a dedu\u00e7\u00e3o se o contribuinte comprovar que o empregado dom\u00e9stico \u00e9 registrado e que contribui para a previd\u00eancia social.<\/span><\/p>\n<p style=\"text-align: justify;\"><span style=\"font-family: arial, helvetica, sans-serif;\">Encargos do Empregado Dom\u00e9stico<\/span><\/p>\n<p style=\"text-align: justify;\"><span style=\"font-family: arial, helvetica, sans-serif;\">Atualmente, os encargos sobre o empregado dom\u00e9stico s\u00e3o calculados da seguinte forma:<\/span><\/p>\n<p style=\"text-align: justify;\"><span style=\"font-family: arial, helvetica, sans-serif;\">8,00% Contribui\u00e7\u00e3o Previdenci\u00e1ria (Descontada do Empregado)<\/span><\/p>\n<p style=\"text-align: justify;\"><span style=\"font-family: arial, helvetica, sans-serif;\">0,80% Contribui\u00e7\u00e3o Previdenci\u00e1ria Risco<\/span><\/p>\n<p style=\"text-align: justify;\"><span style=\"font-family: arial, helvetica, sans-serif;\">8,00% Contribui\u00e7\u00e3o Previdenci\u00e1ria Empresa<\/span><\/p>\n<p style=\"text-align: justify;\"><span style=\"font-family: arial, helvetica, sans-serif;\">3,20% FGTS &#8211; Indeniza\u00e7\u00e3o perda de emprego<\/span><\/p>\n<p style=\"text-align: justify;\"><span style=\"font-family: arial, helvetica, sans-serif;\">8,00% FGTS &#8211; Dep\u00f3sito Mensal<\/span><\/p>\n<p style=\"text-align: justify;\"><span style=\"font-family: arial, helvetica, sans-serif;\">Vale lembrar que apenas a Contribui\u00e7\u00e3o Previdenci\u00e1ria \u00e9 descontada do empregado. Todas as outras, que representam 20% do total, s\u00e3o a cargo empregador.<\/span><\/p>\n<p style=\"text-align: justify;\"><span style=\"font-family: arial, helvetica, sans-serif;\">Por exemplo: Sal\u00e1rio de R$1.000,00<\/span><\/p>\n<p style=\"text-align: justify;\"><span style=\"font-family: arial, helvetica, sans-serif;\">(-) INSS R$80,00<\/span><\/p>\n<p style=\"text-align: justify;\"><span style=\"font-family: arial, helvetica, sans-serif;\">L\u00edquido de sal\u00e1rio a pagar R$920,00<\/span><\/p>\n<p style=\"text-align: justify;\"><span style=\"font-family: arial, helvetica, sans-serif;\">Valor a pagar de encargos R$280,00<\/span><\/p>\n<p style=\"text-align: justify;\"><span style=\"font-family: arial, helvetica, sans-serif;\">Na declara\u00e7\u00e3o de Imposto de Renda deste ano o empregador poderia deduzir do imposto a pagar o total pago pela Contribui\u00e7\u00e3o Previdenci\u00e1ria Empresa, limitado a R$ 1.200,32 no ano.<\/span><\/p>\n<p style=\"text-align: justify;\"><span style=\"font-family: arial, helvetica, sans-serif;\"><strong>FONTE: Cont\u00e1beis<\/strong><\/span><\/p>\n","protected":false},"excerpt":{"rendered":"<p>Senador acredita que a dedu\u00e7\u00e3o do IR para dom\u00e9sticos \u00e9 [&hellip;]<\/p>\n","protected":false},"author":6,"featured_media":0,"comment_status":"closed","ping_status":"open","sticky":false,"template":"","format":"standard","meta":{"jetpack_post_was_ever_published":false,"_jetpack_newsletter_access":"","_jetpack_dont_email_post_to_subs":false,"_jetpack_newsletter_tier_id":0,"_jetpack_memberships_contains_paywalled_content":false,"footnotes":"","_jetpack_memberships_contains_paid_content":false,"jetpack_publicize_message":"","jetpack_publicize_feature_enabled":true,"jetpack_social_post_already_shared":true,"jetpack_social_options":{"image_generator_settings":{"template":"highway","enabled":false}}},"categories":[2],"tags":[],"jetpack_publicize_connections":[],"jetpack_featured_media_url":"","jetpack_sharing_enabled":true,"jetpack_shortlink":"https:\/\/wp.me\/paFpWR-YY","_links":{"self":[{"href":"https:\/\/bonettiassociados.com.br\/index.php\/wp-json\/wp\/v2\/posts\/3780"}],"collection":[{"href":"https:\/\/bonettiassociados.com.br\/index.php\/wp-json\/wp\/v2\/posts"}],"about":[{"href":"https:\/\/bonettiassociados.com.br\/index.php\/wp-json\/wp\/v2\/types\/post"}],"author":[{"embeddable":true,"href":"https:\/\/bonettiassociados.com.br\/index.php\/wp-json\/wp\/v2\/users\/6"}],"replies":[{"embeddable":true,"href":"https:\/\/bonettiassociados.com.br\/index.php\/wp-json\/wp\/v2\/comments?post=3780"}],"version-history":[{"count":1,"href":"https:\/\/bonettiassociados.com.br\/index.php\/wp-json\/wp\/v2\/posts\/3780\/revisions"}],"predecessor-version":[{"id":3781,"href":"https:\/\/bonettiassociados.com.br\/index.php\/wp-json\/wp\/v2\/posts\/3780\/revisions\/3781"}],"wp:attachment":[{"href":"https:\/\/bonettiassociados.com.br\/index.php\/wp-json\/wp\/v2\/media?parent=3780"}],"wp:term":[{"taxonomy":"category","embeddable":true,"href":"https:\/\/bonettiassociados.com.br\/index.php\/wp-json\/wp\/v2\/categories?post=3780"},{"taxonomy":"post_tag","embeddable":true,"href":"https:\/\/bonettiassociados.com.br\/index.php\/wp-json\/wp\/v2\/tags?post=3780"}],"curies":[{"name":"wp","href":"https:\/\/api.w.org\/{rel}","templated":true}]}}