{"id":3763,"date":"2019-08-02T11:30:57","date_gmt":"2019-08-02T14:30:57","guid":{"rendered":"http:\/\/bonettiassociados.com.br\/?p=3763"},"modified":"2019-08-02T11:30:57","modified_gmt":"2019-08-02T14:30:57","slug":"bc-reduz-a-selic-para-6-menor-patamar-historico","status":"publish","type":"post","link":"https:\/\/bonettiassociados.com.br\/index.php\/2019\/08\/02\/bc-reduz-a-selic-para-6-menor-patamar-historico\/","title":{"rendered":"BC REDUZ A SELIC PARA 6%, MENOR PATAMAR HIST\u00d3RICO"},"content":{"rendered":"<p style=\"text-align: justify;\"><span style=\"font-family: arial, helvetica, sans-serif;\">O Comit\u00ea de Pol\u00edtica Monet\u00e1ria (Copom) do Banco Central (BC) decidiu cortar ontem, por unanimidade, a taxa b\u00e1sica de juros (Selic) em 0,50 ponto percentual, levando-a para um patamar de 6,00% ao ano, a menor da hist\u00f3ria do Pa\u00eds.<\/span><!--more--><\/p>\n<p style=\"text-align: justify;\"><span style=\"font-family: arial, helvetica, sans-serif;\">A taxa ficou estagnada em 6,50% durante 16 meses. At\u00e9 ontem, a maioria dos analistas do mercado financeiro se dividia entre um corte de 0,25 ou de 0,50 ponto. Uma das mudan\u00e7as ocorridas no comunicado do Copom, entre a reuni\u00e3o de junho para a de ontem, \u00e9 que o BC passou a admitir que houve avan\u00e7os nas reformas fiscais.<\/span><\/p>\n<p style=\"text-align: justify;\"><span style=\"font-family: arial, helvetica, sans-serif;\">\u201cO Copom reconhece que o processo de reformas e ajustes necess\u00e1rios na economia brasileira tem avan\u00e7ado, mas enfatiza que a continuidade desse processo \u00e9 essencial para a queda da taxa de juros estrutural e para a recupera\u00e7\u00e3o sustent\u00e1vel da economia\u201d, destacou o BC.<\/span><\/p>\n<p style=\"text-align: justify;\"><span style=\"font-family: arial, helvetica, sans-serif;\">A autoridade monet\u00e1ria ressaltou tamb\u00e9m que pode realizar cortes adicionais, por\u00e9m n\u00e3o especificou se isso dever\u00e1 ocorrer j\u00e1 na pr\u00f3xima reuni\u00e3o, nos dias 17 e 18 de setembro de 2019.<\/span><\/p>\n<p style=\"text-align: justify;\"><span style=\"font-family: arial, helvetica, sans-serif;\">\u201cO Comit\u00ea avalia que a consolida\u00e7\u00e3o do cen\u00e1rio benigno para a infla\u00e7\u00e3o prospectiva dever\u00e1 permitir ajuste adicional no grau de est\u00edmulo. O Copom enfatiza que a comunica\u00e7\u00e3o dessa avalia\u00e7\u00e3o n\u00e3o restringe sua pr\u00f3xima decis\u00e3o\u201d, esclarece.<\/span><\/p>\n<p style=\"text-align: justify;\"><span style=\"font-family: arial, helvetica, sans-serif;\">Al\u00e9m disso, o BC ressaltou que indicadores recentes da atividade econ\u00f4mica sugerem possibilidade de retomada do processo de recupera\u00e7\u00e3o da economia brasileira.<\/span><\/p>\n<p style=\"text-align: justify;\"><span style=\"font-family: arial, helvetica, sans-serif;\">O economista do Santander Brasil, Jankiel Santos, afirma que a aprova\u00e7\u00e3o da reforma da Previd\u00eancia Social em primeiro turno, na C\u00e2mara dos Deputados, contribuiu para uma diminui\u00e7\u00e3o dos riscos de alta inflacion\u00e1ria para 2020 (os movimentos de pol\u00edtica monet\u00e1ria t\u00eam uma defasagem e tudo o que o BC fizer agora s\u00f3 ter\u00e1 efeito no ano que vem).<\/span><\/p>\n<p style=\"text-align: justify;\"><span style=\"font-family: arial, helvetica, sans-serif;\">\u201cCom a diminui\u00e7\u00e3o da possibilidade de frustra\u00e7\u00e3o com rela\u00e7\u00e3o \u00e0s reformas, o BC entende que poder\u00e1 estimular a economia sem prejudicar as metas de infla\u00e7\u00e3o\u201d, diz Santos. A meta de infla\u00e7\u00e3o para 2020 \u00e9 de 4,00%. A proje\u00e7\u00e3o do Santander \u00e9 que a Selic feche 2019 em 5,25%. J\u00e1 previs\u00e3o para o \u00cdndice de Pre\u00e7os ao Consumidor Amplo (IPCA, infla\u00e7\u00e3o oficial do Pa\u00eds) \u00e9 de alta de 3,9% em 2019 e de 4,00% em 2020.<\/span><\/p>\n<p style=\"text-align: justify;\"><span style=\"font-family: arial, helvetica, sans-serif;\">Patricia Pereira, economista da Mongeral Aegon Investimentos, acrescenta que h\u00e1 um cen\u00e1rio de discuss\u00e3o de reformas que se estende para al\u00e9m da Previd\u00eancia, como as propostas de mudan\u00e7a do sistema tribut\u00e1rio e o programa de privatiza\u00e7\u00f5es. Para ela, esse ambiente tamb\u00e9m pode ter colaborado para a decis\u00e3o do BC.<\/span><\/p>\n<p style=\"text-align: justify;\"><span style=\"font-family: arial, helvetica, sans-serif;\">\u201cAs reformas que est\u00e3o sendo debatidas criam um ambiente favor\u00e1vel para que o Brasil tenha uma taxa de juros estrutural mais baixa e mais equilibrada. Ou seja, um juro que n\u00e3o gere press\u00e3o inflacion\u00e1ria e nem defla\u00e7\u00e3o\u201d, comenta a economista da Mongeral.<\/span><\/p>\n<p style=\"text-align: justify;\"><span style=\"font-family: arial, helvetica, sans-serif;\"><strong>Redu\u00e7\u00e3o na ponta<\/strong><\/span><\/p>\n<p style=\"text-align: justify;\"><span style=\"font-family: arial, helvetica, sans-serif;\">J\u00e1 Jason Vieira, economista-chefe da Infinity Asset, avalia que o BC podia ter esperado avan\u00e7os mais concretos na tramita\u00e7\u00e3o da Previd\u00eancia, antes de cortar juros. \u201cS\u00f3 foi 25% [do tr\u00e2mite]\u201d, afirma. Para ele, resta saber, agora, se a diminui\u00e7\u00e3o da Selic ir\u00e1 se reverberar para o consumidor na ponta. \u201cA taxa de juros saiu de 14,25% para 6,50%, mas o custo do cr\u00e9dito na ponta n\u00e3o diminuiu na mesma medida\u201d, critica.<\/span><\/p>\n<p style=\"text-align: justify;\"><span style=\"font-family: arial, helvetica, sans-serif;\">Em seu balan\u00e7o de riscos inflacion\u00e1rios, o BC tamb\u00e9m considera a atividade econ\u00f4mica e o setor externo. Por ainda estar muito fraca, a atividade tem colaborado, na verdade, para uma manuten\u00e7\u00e3o dos \u00edndices de pre\u00e7os em patamares mais baixos.<\/span><\/p>\n<p style=\"text-align: justify;\"><span style=\"font-family: arial, helvetica, sans-serif;\">J\u00e1 com rela\u00e7\u00e3o ao cen\u00e1rio externo, a decis\u00e3o do Federal Reserve (Fed, banco central dos Estados Unidos) de tamb\u00e9m cortar a sua taxa de juros ontem (em 0,25 ponto), diminuiu os riscos para os emergentes. A taxa referencial do banco caiu para 2% a 2,25%. Esse cen\u00e1rio gera mais atratividade para os t\u00edtulos brasileiros, podendo reduzir o c\u00e2mbio.<\/span><\/p>\n<p style=\"text-align: justify;\"><strong><span style=\"font-family: arial, helvetica, sans-serif;\">Fonte: Site Cont\u00e1bil<\/span> <\/strong><\/p>\n","protected":false},"excerpt":{"rendered":"<p>O Comit\u00ea de Pol\u00edtica Monet\u00e1ria (Copom) do Banco Central (BC) [&hellip;]<\/p>\n","protected":false},"author":6,"featured_media":0,"comment_status":"closed","ping_status":"open","sticky":false,"template":"","format":"standard","meta":{"jetpack_post_was_ever_published":false,"_jetpack_newsletter_access":"","_jetpack_dont_email_post_to_subs":false,"_jetpack_newsletter_tier_id":0,"_jetpack_memberships_contains_paywalled_content":false,"footnotes":"","_jetpack_memberships_contains_paid_content":false,"jetpack_publicize_message":"","jetpack_publicize_feature_enabled":true,"jetpack_social_post_already_shared":true,"jetpack_social_options":{"image_generator_settings":{"template":"highway","enabled":false}}},"categories":[2],"tags":[],"jetpack_publicize_connections":[],"jetpack_featured_media_url":"","jetpack_sharing_enabled":true,"jetpack_shortlink":"https:\/\/wp.me\/paFpWR-YH","_links":{"self":[{"href":"https:\/\/bonettiassociados.com.br\/index.php\/wp-json\/wp\/v2\/posts\/3763"}],"collection":[{"href":"https:\/\/bonettiassociados.com.br\/index.php\/wp-json\/wp\/v2\/posts"}],"about":[{"href":"https:\/\/bonettiassociados.com.br\/index.php\/wp-json\/wp\/v2\/types\/post"}],"author":[{"embeddable":true,"href":"https:\/\/bonettiassociados.com.br\/index.php\/wp-json\/wp\/v2\/users\/6"}],"replies":[{"embeddable":true,"href":"https:\/\/bonettiassociados.com.br\/index.php\/wp-json\/wp\/v2\/comments?post=3763"}],"version-history":[{"count":1,"href":"https:\/\/bonettiassociados.com.br\/index.php\/wp-json\/wp\/v2\/posts\/3763\/revisions"}],"predecessor-version":[{"id":3764,"href":"https:\/\/bonettiassociados.com.br\/index.php\/wp-json\/wp\/v2\/posts\/3763\/revisions\/3764"}],"wp:attachment":[{"href":"https:\/\/bonettiassociados.com.br\/index.php\/wp-json\/wp\/v2\/media?parent=3763"}],"wp:term":[{"taxonomy":"category","embeddable":true,"href":"https:\/\/bonettiassociados.com.br\/index.php\/wp-json\/wp\/v2\/categories?post=3763"},{"taxonomy":"post_tag","embeddable":true,"href":"https:\/\/bonettiassociados.com.br\/index.php\/wp-json\/wp\/v2\/tags?post=3763"}],"curies":[{"name":"wp","href":"https:\/\/api.w.org\/{rel}","templated":true}]}}