{"id":3761,"date":"2019-08-02T11:29:40","date_gmt":"2019-08-02T14:29:40","guid":{"rendered":"http:\/\/bonettiassociados.com.br\/?p=3761"},"modified":"2019-08-02T11:29:41","modified_gmt":"2019-08-02T14:29:41","slug":"prazo-para-pagamento-voluntario-de-divida-e-contado-em-dias-uteis","status":"publish","type":"post","link":"https:\/\/bonettiassociados.com.br\/index.php\/2019\/08\/02\/prazo-para-pagamento-voluntario-de-divida-e-contado-em-dias-uteis\/","title":{"rendered":"PRAZO PARA PAGAMENTO VOLUNT\u00c1RIO DE D\u00cdVIDA \u00c9 CONTADO EM DIAS \u00daTEIS"},"content":{"rendered":"<p style=\"text-align: justify;\"><span style=\"font-family: arial, helvetica, sans-serif;\">Por possuir natureza processual, o prazo de 15 dias para pagamento volunt\u00e1rio de d\u00edvida, no cumprimento de senten\u00e7a, deve ser contado em dias \u00fateis. O entendimento \u00e9 da 3\u00aa Turma do Superior Tribunal de Justi\u00e7a ao analisar a natureza do prazo previsto no artigo 523 do C\u00f3digo de Processo Civil.<\/span><!--more--><\/p>\n<p style=\"text-align: justify;\"><span style=\"font-family: arial, helvetica, sans-serif;\">A controv\u00e9rsia analisada pela corte era se o prazo tem natureza processual ou material. Para o Tribunal de Justi\u00e7a do Rio de Janeiro, o prazo tem natureza material, uma vez que \u00e9 destinado \u00e0 parte. Assim, deve ser contado em dias corridos.<\/span><\/p>\n<p style=\"text-align: justify;\"><span style=\"font-family: arial, helvetica, sans-serif;\">Por\u00e9m, segundo o ministro Marco Aur\u00e9lio Bellizze, relator do recurso no STJ, independentemente de quem seja o destinat\u00e1rio, se o devedor ou o advogado, o prazo deve ser reconhecido como processual, uma vez que traz consequ\u00eancias jur\u00eddicas.<\/span><\/p>\n<p style=\"text-align: justify;\"><span style=\"font-family: arial, helvetica, sans-serif;\">O ministro explica que, apesar de o pagamento ser praticado pela parte, a intima\u00e7\u00e3o se d\u00e1, em regra, em nome do advogado. &#8220;Tal fato acarretar\u00e1, inevitavelmente, um \u00f4nus ao caus\u00eddico, que dever\u00e1 comunicar ao seu cliente n\u00e3o s\u00f3 o resultado desfavor\u00e1vel da demanda, como tamb\u00e9m as pr\u00f3prias consequ\u00eancias jur\u00eddicas da aus\u00eancia de cumprimento volunt\u00e1rio da senten\u00e7a, tais como a imposi\u00e7\u00e3o de multa e fixa\u00e7\u00e3o de honor\u00e1rios advocat\u00edcios, dentre outras&#8221;, afirmou.<\/span><\/p>\n<p style=\"text-align: justify;\"><span style=\"font-family: arial, helvetica, sans-serif;\">Bellizze disse ainda que o CPC abre dois prazos sucessivos para o pagamento do d\u00e9bito: o primeiro de 15 dias, para quita\u00e7\u00e3o volunt\u00e1ria, e depois outro de 15 dias, para apresentar a impugna\u00e7\u00e3o da senten\u00e7a.<\/span><\/p>\n<p style=\"text-align: justify;\"><span style=\"font-family: arial, helvetica, sans-serif;\">&#8220;Considerando que o prazo para impugna\u00e7\u00e3o ao cumprimento de senten\u00e7a \u00e9 indiscutivelmente processual \u2014 logo, conta-se em dias \u00fateis \u2014, n\u00e3o seria razo\u00e1vel entender que os primeiros 15 dias para pagamento volunt\u00e1rio do d\u00e9bito fossem contados em dias corridos, se considerarmos como prazo de natureza material, e os 15 dias subsequentes, para a apresenta\u00e7\u00e3o da impugna\u00e7\u00e3o ao cumprimento de senten\u00e7a, fossem contados em dias \u00fateis, por se tratar de prazo processual&#8221;, afirmou.<\/span><\/p>\n<p style=\"text-align: justify;\"><span style=\"font-family: arial, helvetica, sans-serif;\"><strong>Fonte: Conjur \u2013 Tadeu Rover<\/strong><\/span><\/p>\n","protected":false},"excerpt":{"rendered":"<p>Por possuir natureza processual, o prazo de 15 dias para [&hellip;]<\/p>\n","protected":false},"author":6,"featured_media":0,"comment_status":"closed","ping_status":"open","sticky":false,"template":"","format":"standard","meta":{"jetpack_post_was_ever_published":false,"_jetpack_newsletter_access":"","_jetpack_dont_email_post_to_subs":false,"_jetpack_newsletter_tier_id":0,"_jetpack_memberships_contains_paywalled_content":false,"footnotes":"","_jetpack_memberships_contains_paid_content":false,"jetpack_publicize_message":"","jetpack_publicize_feature_enabled":true,"jetpack_social_post_already_shared":true,"jetpack_social_options":{"image_generator_settings":{"template":"highway","enabled":false}}},"categories":[2],"tags":[],"jetpack_publicize_connections":[],"jetpack_featured_media_url":"","jetpack_sharing_enabled":true,"jetpack_shortlink":"https:\/\/wp.me\/paFpWR-YF","_links":{"self":[{"href":"https:\/\/bonettiassociados.com.br\/index.php\/wp-json\/wp\/v2\/posts\/3761"}],"collection":[{"href":"https:\/\/bonettiassociados.com.br\/index.php\/wp-json\/wp\/v2\/posts"}],"about":[{"href":"https:\/\/bonettiassociados.com.br\/index.php\/wp-json\/wp\/v2\/types\/post"}],"author":[{"embeddable":true,"href":"https:\/\/bonettiassociados.com.br\/index.php\/wp-json\/wp\/v2\/users\/6"}],"replies":[{"embeddable":true,"href":"https:\/\/bonettiassociados.com.br\/index.php\/wp-json\/wp\/v2\/comments?post=3761"}],"version-history":[{"count":1,"href":"https:\/\/bonettiassociados.com.br\/index.php\/wp-json\/wp\/v2\/posts\/3761\/revisions"}],"predecessor-version":[{"id":3762,"href":"https:\/\/bonettiassociados.com.br\/index.php\/wp-json\/wp\/v2\/posts\/3761\/revisions\/3762"}],"wp:attachment":[{"href":"https:\/\/bonettiassociados.com.br\/index.php\/wp-json\/wp\/v2\/media?parent=3761"}],"wp:term":[{"taxonomy":"category","embeddable":true,"href":"https:\/\/bonettiassociados.com.br\/index.php\/wp-json\/wp\/v2\/categories?post=3761"},{"taxonomy":"post_tag","embeddable":true,"href":"https:\/\/bonettiassociados.com.br\/index.php\/wp-json\/wp\/v2\/tags?post=3761"}],"curies":[{"name":"wp","href":"https:\/\/api.w.org\/{rel}","templated":true}]}}