{"id":3742,"date":"2019-08-01T11:29:07","date_gmt":"2019-08-01T14:29:07","guid":{"rendered":"http:\/\/bonettiassociados.com.br\/?p=3742"},"modified":"2019-08-01T11:29:07","modified_gmt":"2019-08-01T14:29:07","slug":"natureza-indenizatoria-de-diaria-de-viagem-nao-permite-integracao-ao-salario","status":"publish","type":"post","link":"https:\/\/bonettiassociados.com.br\/index.php\/2019\/08\/01\/natureza-indenizatoria-de-diaria-de-viagem-nao-permite-integracao-ao-salario\/","title":{"rendered":"NATUREZA INDENIZAT\u00d3RIA DE DI\u00c1RIA DE VIAGEM N\u00c3O PERMITE INTEGRA\u00c7\u00c3O AO SAL\u00c1RIO"},"content":{"rendered":"<p style=\"text-align: justify;\"><span style=\"font-family: arial, helvetica, sans-serif;\">A Terceira Turma do Tribunal Regional do Trabalho da 18\u00aa Regi\u00e3o (TRT-GO) manteve senten\u00e7a do Ju\u00edzo da 2\u00aa Vara do Trabalho de Aparecida de Goi\u00e2nia que indeferiu o pagamento de diferen\u00e7as de di\u00e1rias e a integra\u00e7\u00e3o desta verba ao sal\u00e1rio de um motorista carreteiro. O relator, juiz convocado Israel Adourian, entendeu que a verba relativa \u00e0s di\u00e1rias n\u00e3o tem car\u00e1ter salarial, mas a finalidade exclusiva de ressarcir despesas feitas pelo carreteiro em viagens a trabalho.<\/span><!--more--><\/p>\n<p style=\"text-align: justify;\"><span style=\"font-family: arial, helvetica, sans-serif;\">O motorista alegou, em seu recurso ordin\u00e1rio, que haveria provas nos autos de aus\u00eancia de pagamento suficiente de di\u00e1rias, al\u00e9m de os valores destas superarem o sal\u00e1rio em 50%. Por tais raz\u00f5es, o caminhoneiro entendia que essa parcela deveria integrar sua remunera\u00e7\u00e3o.<\/span><\/p>\n<p style=\"text-align: justify;\"><span style=\"font-family: arial, helvetica, sans-serif;\">Israel Adourian, ao relatar o recurso, observou que a Conven\u00e7\u00e3o Coletiva do Trabalho (CCT) da categoria prev\u00ea o direito ao recebimento das di\u00e1rias. O magistrado destacou que h\u00e1 provas nos autos de que os motoristas, ao viajarem, recebiam um valor para as viagens e, na volta, acertavam as despesas, inclusive com a manuten\u00e7\u00e3o dos ve\u00edculos. \u201cComo se v\u00ea, as di\u00e1rias eram pagas, unicamente para cobrir as despesas das viagens realizadas pelos motoristas\u201d, afirmou o relator.<\/span><\/p>\n<p style=\"text-align: justify;\"><span style=\"font-family: arial, helvetica, sans-serif;\">Com esses argumentos, o relator do processo confirmou o car\u00e1ter indenizat\u00f3rio das di\u00e1rias, afastando a possibilidade de integra\u00e7\u00e3o da parcela \u00e0 remunera\u00e7\u00e3o do motorista e mantendo a senten\u00e7a recorrida.<\/span><\/p>\n<p style=\"text-align: justify;\"><span style=\"font-family: arial, helvetica, sans-serif;\">Processo: 0011805-76.2017.5.18.0082<\/span><\/p>\n<p style=\"text-align: justify;\"><span style=\"font-family: arial, helvetica, sans-serif;\"><strong>FONTE: TRT18<\/strong><\/span><\/p>\n","protected":false},"excerpt":{"rendered":"<p>A Terceira Turma do Tribunal Regional do Trabalho da 18\u00aa [&hellip;]<\/p>\n","protected":false},"author":6,"featured_media":0,"comment_status":"closed","ping_status":"open","sticky":false,"template":"","format":"standard","meta":{"jetpack_post_was_ever_published":false,"_jetpack_newsletter_access":"","_jetpack_dont_email_post_to_subs":false,"_jetpack_newsletter_tier_id":0,"_jetpack_memberships_contains_paywalled_content":false,"footnotes":"","_jetpack_memberships_contains_paid_content":false,"jetpack_publicize_message":"","jetpack_publicize_feature_enabled":true,"jetpack_social_post_already_shared":true,"jetpack_social_options":{"image_generator_settings":{"template":"highway","enabled":false}}},"categories":[2],"tags":[],"jetpack_publicize_connections":[],"jetpack_featured_media_url":"","jetpack_sharing_enabled":true,"jetpack_shortlink":"https:\/\/wp.me\/paFpWR-Ym","_links":{"self":[{"href":"https:\/\/bonettiassociados.com.br\/index.php\/wp-json\/wp\/v2\/posts\/3742"}],"collection":[{"href":"https:\/\/bonettiassociados.com.br\/index.php\/wp-json\/wp\/v2\/posts"}],"about":[{"href":"https:\/\/bonettiassociados.com.br\/index.php\/wp-json\/wp\/v2\/types\/post"}],"author":[{"embeddable":true,"href":"https:\/\/bonettiassociados.com.br\/index.php\/wp-json\/wp\/v2\/users\/6"}],"replies":[{"embeddable":true,"href":"https:\/\/bonettiassociados.com.br\/index.php\/wp-json\/wp\/v2\/comments?post=3742"}],"version-history":[{"count":1,"href":"https:\/\/bonettiassociados.com.br\/index.php\/wp-json\/wp\/v2\/posts\/3742\/revisions"}],"predecessor-version":[{"id":3743,"href":"https:\/\/bonettiassociados.com.br\/index.php\/wp-json\/wp\/v2\/posts\/3742\/revisions\/3743"}],"wp:attachment":[{"href":"https:\/\/bonettiassociados.com.br\/index.php\/wp-json\/wp\/v2\/media?parent=3742"}],"wp:term":[{"taxonomy":"category","embeddable":true,"href":"https:\/\/bonettiassociados.com.br\/index.php\/wp-json\/wp\/v2\/categories?post=3742"},{"taxonomy":"post_tag","embeddable":true,"href":"https:\/\/bonettiassociados.com.br\/index.php\/wp-json\/wp\/v2\/tags?post=3742"}],"curies":[{"name":"wp","href":"https:\/\/api.w.org\/{rel}","templated":true}]}}