{"id":3738,"date":"2019-08-01T11:27:04","date_gmt":"2019-08-01T14:27:04","guid":{"rendered":"http:\/\/bonettiassociados.com.br\/?p=3738"},"modified":"2019-08-01T11:27:04","modified_gmt":"2019-08-01T14:27:04","slug":"reforma-tributaria-e-importante-para-aval-da-organizacao","status":"publish","type":"post","link":"https:\/\/bonettiassociados.com.br\/index.php\/2019\/08\/01\/reforma-tributaria-e-importante-para-aval-da-organizacao\/","title":{"rendered":"REFORMA TRIBUT\u00c1RIA \u00c9 IMPORTANTE PARA AVAL DA ORGANIZA\u00c7\u00c3O"},"content":{"rendered":"<p style=\"text-align: justify;\"><span style=\"font-family: arial, helvetica, sans-serif;\">Luiz Roberto Peroba: investidor questiona regras que n\u00e3o s\u00e3o claras.<\/span><!--more--><\/p>\n<p style=\"text-align: justify;\"><span style=\"font-family: arial, helvetica, sans-serif;\">A aprova\u00e7\u00e3o da reforma tribut\u00e1ria seria um passo importante para a entrada do Brasil na Organiza\u00e7\u00e3o para a Coopera\u00e7\u00e3o e Desenvolvimento Econ\u00f4mico (OCDE). Um dos motivos, segundo tributaristas, \u00e9 a possibilidade de simplifica\u00e7\u00e3o da tributa\u00e7\u00e3o sobre o consumo &#8211; que pode impactar de forma indireta o com\u00e9rcio exterior. A medida est\u00e1 estabelecida tanto nas propostas em andamento no Congresso Nacional quanto na que est\u00e1 em elabora\u00e7\u00e3o pelo governo federal.<\/span><\/p>\n<p style=\"text-align: justify;\"><span style=\"font-family: arial, helvetica, sans-serif;\">O advogado Luiz Roberto Peroba, do Pinheiro Neto Advogados, destaca que em 2018 a OCDE apontou quatro necessidades principais para o Brasil: a redu\u00e7\u00e3o do custo elevado de adapta\u00e7\u00e3o \u00e0s complexas normas tribut\u00e1rias nacionais, cria\u00e7\u00e3o de um imposto sobre consumo nacional alinhado aos padr\u00f5es internacionais, redu\u00e7\u00e3o das barreiras de importa\u00e7\u00e3o e cuidados para n\u00e3o onerar a exporta\u00e7\u00e3o. &#8220;O grande questionamento dos players internacionais quando pensam em investir no Brasil \u00e9 que n\u00e3o temos regras t\u00e3o claras&#8221;, diz.<\/span><\/p>\n<p style=\"text-align: justify;\"><span style=\"font-family: arial, helvetica, sans-serif;\">A reforma tribut\u00e1ria, exemplifica o advogado, poder\u00e1 acabar ainda com o problema do ac\u00famulo de cr\u00e9ditos fiscais pelos exportadores. Como a lei brasileira desonera as exporta\u00e7\u00f5es, essas empresas acumulam cr\u00e9ditos do ICMS pago ao longo da cadeia de produ\u00e7\u00e3o do bem exportado e os Estados demoram anos para ressarcir. &#8220;Como isso impacta os balan\u00e7os das empresas, ao n\u00e3o devolver esses cr\u00e9ditos em um prazo curto, o governo as obriga a irem para a Justi\u00e7a&#8221;, afirma.<\/span><\/p>\n<p style=\"text-align: justify;\"><span style=\"font-family: arial, helvetica, sans-serif;\">Pesquisadora do Insper e diretora do Centro de Cidadania Fiscal (CCiF) &#8211; think tank independente que elaborou o texto da Proposta de Emenda Constitucional (PEC) n\u00ba 45, de 2019, capitaneada pelo deputado Baleia Rossi (MDB) -, Vanessa Rahal Canado diz que o imposto sobre valor agregado nunca foi exig\u00eancia da OCDE. &#8220;Mas a organiza\u00e7\u00e3o recomenda que o Brasil adote, tanto para reduzir os conflitos no ambiente de neg\u00f3cios &#8211; inseguran\u00e7a jur\u00eddica e custos de conformidade &#8211; como para ficar em linha com os demais pa\u00edses&#8221;, afirma.<\/span><\/p>\n<p style=\"text-align: justify;\"><span style=\"font-family: arial, helvetica, sans-serif;\">J\u00e1 o advogado Carlos Eduardo Navarro, do escrit\u00f3rio Viseu Advogados, pondera que a PEC 45 vai acabar com os incentivos fiscais, o que pode impactar as exporta\u00e7\u00f5es de maneira negativa no curto prazo. O tributarista lembra que o com\u00e9rcio exterior tem v\u00e1rios incentivos, especialmente de ICMS, PIS, Cofins e IPI, al\u00e9m de regimes especiais como o Regime Especial de Incentivos para o Desenvolvimento da Infraestrutura (Reidi). &#8220;O fim desses benef\u00edcios est\u00e1 na PEC para acabar com a guerra fiscal, mas poder\u00e1 desestimular neg\u00f3cios de com\u00e9rcio exterior.&#8221;<\/span><\/p>\n<p style=\"text-align: justify;\"><span style=\"font-family: arial, helvetica, sans-serif;\">O texto da PEC 45 diz que o imposto nacional sobre bens e servi\u00e7os n\u00e3o incidir\u00e1 sobre as exporta\u00e7\u00f5es, assegurada a manuten\u00e7\u00e3o dos cr\u00e9ditos. Mas de acordo com o artigo 152 A &#8220;n\u00e3o ser\u00e1 objeto de concess\u00e3o de isen\u00e7\u00f5es, incentivos ou benef\u00edcios tribut\u00e1rios ou financeiros, inclusive de base de c\u00e1lculo ou cr\u00e9dito presumido ou outorgado, ou sob qualquer outra forma que resulte, direta ou indiretamente, em carga tribut\u00e1ria menor do que a decorrente da aplica\u00e7\u00e3o das al\u00edquotas nominais&#8221;.<\/span><\/p>\n<p style=\"text-align: justify;\"><span style=\"font-family: arial, helvetica, sans-serif;\"><strong>FONTE: Valor Econ\u00f4mico &#8211; Por Laura Ign\u00e1cio<\/strong><\/span><\/p>\n","protected":false},"excerpt":{"rendered":"<p>Luiz Roberto Peroba: investidor questiona regras que n\u00e3o s\u00e3o claras.<\/p>\n","protected":false},"author":6,"featured_media":0,"comment_status":"closed","ping_status":"open","sticky":false,"template":"","format":"standard","meta":{"jetpack_post_was_ever_published":false,"_jetpack_newsletter_access":"","_jetpack_dont_email_post_to_subs":false,"_jetpack_newsletter_tier_id":0,"_jetpack_memberships_contains_paywalled_content":false,"footnotes":"","_jetpack_memberships_contains_paid_content":false,"jetpack_publicize_message":"","jetpack_publicize_feature_enabled":true,"jetpack_social_post_already_shared":true,"jetpack_social_options":{"image_generator_settings":{"template":"highway","enabled":false}}},"categories":[2],"tags":[],"jetpack_publicize_connections":[],"jetpack_featured_media_url":"","jetpack_sharing_enabled":true,"jetpack_shortlink":"https:\/\/wp.me\/paFpWR-Yi","_links":{"self":[{"href":"https:\/\/bonettiassociados.com.br\/index.php\/wp-json\/wp\/v2\/posts\/3738"}],"collection":[{"href":"https:\/\/bonettiassociados.com.br\/index.php\/wp-json\/wp\/v2\/posts"}],"about":[{"href":"https:\/\/bonettiassociados.com.br\/index.php\/wp-json\/wp\/v2\/types\/post"}],"author":[{"embeddable":true,"href":"https:\/\/bonettiassociados.com.br\/index.php\/wp-json\/wp\/v2\/users\/6"}],"replies":[{"embeddable":true,"href":"https:\/\/bonettiassociados.com.br\/index.php\/wp-json\/wp\/v2\/comments?post=3738"}],"version-history":[{"count":1,"href":"https:\/\/bonettiassociados.com.br\/index.php\/wp-json\/wp\/v2\/posts\/3738\/revisions"}],"predecessor-version":[{"id":3739,"href":"https:\/\/bonettiassociados.com.br\/index.php\/wp-json\/wp\/v2\/posts\/3738\/revisions\/3739"}],"wp:attachment":[{"href":"https:\/\/bonettiassociados.com.br\/index.php\/wp-json\/wp\/v2\/media?parent=3738"}],"wp:term":[{"taxonomy":"category","embeddable":true,"href":"https:\/\/bonettiassociados.com.br\/index.php\/wp-json\/wp\/v2\/categories?post=3738"},{"taxonomy":"post_tag","embeddable":true,"href":"https:\/\/bonettiassociados.com.br\/index.php\/wp-json\/wp\/v2\/tags?post=3738"}],"curies":[{"name":"wp","href":"https:\/\/api.w.org\/{rel}","templated":true}]}}