{"id":3736,"date":"2019-08-01T11:26:15","date_gmt":"2019-08-01T14:26:15","guid":{"rendered":"http:\/\/bonettiassociados.com.br\/?p=3736"},"modified":"2019-08-01T11:26:15","modified_gmt":"2019-08-01T14:26:15","slug":"danos-materiais-tj-sp-contraria-stj-e-inclui-honorarios-advocaticios-em-indenizacao-material","status":"publish","type":"post","link":"https:\/\/bonettiassociados.com.br\/index.php\/2019\/08\/01\/danos-materiais-tj-sp-contraria-stj-e-inclui-honorarios-advocaticios-em-indenizacao-material\/","title":{"rendered":"DANOS MATERIAIS &#8211; TJ-SP CONTRARIA STJ E INCLUI HONOR\u00c1RIOS ADVOCAT\u00cdCIOS EM INDENIZA\u00c7\u00c3O MATERIAL"},"content":{"rendered":"<p style=\"text-align: justify;\"><span style=\"font-family: arial, helvetica, sans-serif;\">Honor\u00e1rios advocat\u00edcios contratuais constituem danos materiais pass\u00edveis de indeniza\u00e7\u00e3o, por for\u00e7a dos arts. 389, 395 e 404, do C\u00f3digo Civil.<\/span><!--more--><\/p>\n<p style=\"text-align: justify;\"><span style=\"font-family: arial, helvetica, sans-serif;\">Com base nesse entendimento do relator, desembargador Alexandre Marcondes, a 2\u00aa C\u00e2mara de Direito Empresarial do Tribunal de Justi\u00e7a de S\u00e3o Paulo incluiu os honor\u00e1rios advocat\u00edcios em indeniza\u00e7\u00e3o a ser paga por uma franqueadora de escola de idiomas a um franqueado, em raz\u00e3o da rescis\u00e3o contratual.<\/span><\/p>\n<p style=\"text-align: justify;\"><span style=\"font-family: arial, helvetica, sans-serif;\">No voto, o desembargador citou a jurisprud\u00eancia do Superior Tribunal de Justi\u00e7a de que as despesas com a contrata\u00e7\u00e3o de advogado para o ajuizamento de a\u00e7\u00e3o ou para a defesa em ju\u00edzo n\u00e3o constituem danos materiais indeniz\u00e1veis, mas disse que pensa de forma contr\u00e1ria. Ele foi acompanhado pelos demais integrantes da turma julgadora.<\/span><\/p>\n<p style=\"text-align: justify;\"><span style=\"font-family: arial, helvetica, sans-serif;\">Al\u00e9m dos honor\u00e1rios contratuais, a franqueadora foi condenada a restituir os alugueis pagos pelo im\u00f3vel onde a escola seria instalada, e os valores gastos com a reforma do local e com a abertura e encerramento da pessoa jur\u00eddica. Os desembargadores entenderam que houve culpa exclusiva da franqueadora pelo fim do contrato. A escola nem chegou a ser inaugurada, porque n\u00e3o conseguiu alvar\u00e1 junto \u00e0 Prefeitura.<\/span><\/p>\n<p style=\"text-align: justify;\"><span style=\"font-family: arial, helvetica, sans-serif;\">Para a 2\u00aa C\u00e2mara, a franqueadora atuou de forma determinante na escolha do local da escola, que n\u00e3o atendeu aos requisitos necess\u00e1rios para concess\u00e3o do alvar\u00e1 de funcionamento. &#8220;O comportamento dos funcion\u00e1rios (da franqueadora) ratifica a culpa da r\u00e9 na escolha inadequada do im\u00f3vel. Optou a franqueadora por atuar de forma mais incisiva na escolha do im\u00f3vel, muito embora o contrato a eximisse dessa obriga\u00e7\u00e3o&#8221;, afirmou o relator.<\/span><\/p>\n<p style=\"text-align: justify;\"><span style=\"font-family: arial, helvetica, sans-serif;\">Sem alvar\u00e1, o contrato foi rompido e os franqueados acionaram a Justi\u00e7a. O ju\u00edzo de primeiro grau decidiu pela culpa concorrente. O TJ-SP, por\u00e9m, responsabilizou apenas a franqueadora pelos preju\u00edzos decorrentes do fracasso do neg\u00f3cio. O tribunal tamb\u00e9m condenou a empresa ao pagamento de indeniza\u00e7\u00e3o de R$ 10 mil por danos morais.<\/span><\/p>\n<p style=\"text-align: justify;\"><span style=\"font-family: arial, helvetica, sans-serif;\">Segundo Alexandre Marcondes, os franqueados \u201ctinham grande expectativa na instala\u00e7\u00e3o da franquia e, por apoio inadequado recebido da r\u00e9, viram-se frustrados no intento, muito embora tivessem cumprido todas as obriga\u00e7\u00f5es que a eles incumbia. N\u00e3o se trata de mero transtorno do dia a dia, mas sim de grave inadimplemento contratual pass\u00edvel de repara\u00e7\u00e3o por dano extrapatrimonial\u201d.<\/span><\/p>\n<p style=\"text-align: justify;\"><span style=\"font-family: arial, helvetica, sans-serif;\">Ac\u00f3rd\u00e3o 1019425-57.2014.8.26.0114<\/span><\/p>\n<p style=\"text-align: justify;\"><span style=\"font-family: arial, helvetica, sans-serif;\"><strong>FONTE: Conjur &#8211; Por T\u00e1bata Viapiana<\/strong><\/span><\/p>\n","protected":false},"excerpt":{"rendered":"<p>Honor\u00e1rios advocat\u00edcios contratuais constituem danos materiais pass\u00edveis de indeniza\u00e7\u00e3o, por [&hellip;]<\/p>\n","protected":false},"author":6,"featured_media":0,"comment_status":"closed","ping_status":"open","sticky":false,"template":"","format":"standard","meta":{"jetpack_post_was_ever_published":false,"_jetpack_newsletter_access":"","_jetpack_dont_email_post_to_subs":false,"_jetpack_newsletter_tier_id":0,"_jetpack_memberships_contains_paywalled_content":false,"footnotes":"","_jetpack_memberships_contains_paid_content":false,"jetpack_publicize_message":"","jetpack_publicize_feature_enabled":true,"jetpack_social_post_already_shared":true,"jetpack_social_options":{"image_generator_settings":{"template":"highway","enabled":false}}},"categories":[2],"tags":[],"jetpack_publicize_connections":[],"jetpack_featured_media_url":"","jetpack_sharing_enabled":true,"jetpack_shortlink":"https:\/\/wp.me\/paFpWR-Yg","_links":{"self":[{"href":"https:\/\/bonettiassociados.com.br\/index.php\/wp-json\/wp\/v2\/posts\/3736"}],"collection":[{"href":"https:\/\/bonettiassociados.com.br\/index.php\/wp-json\/wp\/v2\/posts"}],"about":[{"href":"https:\/\/bonettiassociados.com.br\/index.php\/wp-json\/wp\/v2\/types\/post"}],"author":[{"embeddable":true,"href":"https:\/\/bonettiassociados.com.br\/index.php\/wp-json\/wp\/v2\/users\/6"}],"replies":[{"embeddable":true,"href":"https:\/\/bonettiassociados.com.br\/index.php\/wp-json\/wp\/v2\/comments?post=3736"}],"version-history":[{"count":1,"href":"https:\/\/bonettiassociados.com.br\/index.php\/wp-json\/wp\/v2\/posts\/3736\/revisions"}],"predecessor-version":[{"id":3737,"href":"https:\/\/bonettiassociados.com.br\/index.php\/wp-json\/wp\/v2\/posts\/3736\/revisions\/3737"}],"wp:attachment":[{"href":"https:\/\/bonettiassociados.com.br\/index.php\/wp-json\/wp\/v2\/media?parent=3736"}],"wp:term":[{"taxonomy":"category","embeddable":true,"href":"https:\/\/bonettiassociados.com.br\/index.php\/wp-json\/wp\/v2\/categories?post=3736"},{"taxonomy":"post_tag","embeddable":true,"href":"https:\/\/bonettiassociados.com.br\/index.php\/wp-json\/wp\/v2\/tags?post=3736"}],"curies":[{"name":"wp","href":"https:\/\/api.w.org\/{rel}","templated":true}]}}