{"id":3718,"date":"2019-07-31T11:55:06","date_gmt":"2019-07-31T14:55:06","guid":{"rendered":"http:\/\/bonettiassociados.com.br\/?p=3718"},"modified":"2019-07-31T11:55:06","modified_gmt":"2019-07-31T14:55:06","slug":"proposta-do-congresso-extingue-eireli-e-cria-sociedade-unipessoal","status":"publish","type":"post","link":"https:\/\/bonettiassociados.com.br\/index.php\/2019\/07\/31\/proposta-do-congresso-extingue-eireli-e-cria-sociedade-unipessoal\/","title":{"rendered":"PROPOSTA DO CONGRESSO EXTINGUE EIRELI E CRIA SOCIEDADE UNIPESSOAL"},"content":{"rendered":"<p style=\"text-align: justify;\"><span style=\"font-family: arial, helvetica, sans-serif;\">A vers\u00e3o da Medida Provis\u00f3ria n\u00ba 881\/2019 (MP da Liberdade Econ\u00f4mica) aprovada por comiss\u00e3o mista do Congresso acaba com a necessidade de s\u00f3cios &#8220;fict\u00edcios&#8221; para a abertura de empresas limitadas, ao criar a figura da sociedade unipessoal. A medida extingue a Empresa Individual de Responsabilidade Limitada (Eireli), considerada burocr\u00e1tica e restritiva. A mudan\u00e7a afetar\u00e1 796 mil empresas em atividade.<\/span><!--more--><\/p>\n<p style=\"text-align: justify;\"><span style=\"font-family: arial, helvetica, sans-serif;\">Hoje, para fugir da necessidade de um s\u00f3cio, o empres\u00e1rio tem que recorrer a dois modelos: a Eireli, alvo de reclama\u00e7\u00f5es por exigir capital de R$ 100 mil para constitui-la, ou a empresa individual, em que n\u00e3o h\u00e1 a prote\u00e7\u00e3o ao patrim\u00f4nio pessoal em caso de d\u00edvidas. Isso leva ao uso de parentes ou s\u00f3cios com participa\u00e7\u00e3o \u00ednfima para contornar a exig\u00eancia e virar limitada.<\/span><\/p>\n<p style=\"text-align: justify;\"><span style=\"font-family: arial, helvetica, sans-serif;\">Estudo realizado pela Funda\u00e7\u00e3o Get\u00falio Vargas (FGV) em 2014 mostra que 85,7% das sociedades limitadas em S\u00e3o Paulo tinham dois s\u00f3cios e que na maioria das vezes ou um deles tinha controle majorit\u00e1rio, de pelo menos 75%, indicando a possibilidade de s\u00f3cio fict\u00edcio, ou havia divis\u00e3o igualit\u00e1ria, mas os s\u00f3cios eram da mesma fam\u00edlia, segundo o professor Renato Vilela, que participou do estudo.<\/span><\/p>\n<p style=\"text-align: justify;\"><span style=\"font-family: arial, helvetica, sans-serif;\">&#8220;Conclu\u00edmos que toda a regula\u00e7\u00e3o no C\u00f3digo Civil n\u00e3o contempla as sociedades que s\u00e3o mais simples&#8221;, diz Vilela. Para ele, a Eireli \u00e9 um &#8220;monstrengo&#8221; que deixa o patrim\u00f4nio do s\u00f3cio vulner\u00e1vel e a MP resolver\u00e1 esse problema. &#8220;Agora, ao inv\u00e9s de levar a pessoa a buscar um s\u00f3cio fict\u00edcio, deixa ela tocar sozinha&#8221;, afirma.<\/span><\/p>\n<p style=\"text-align: justify;\"><span style=\"font-family: arial, helvetica, sans-serif;\">A sociedade limitada unipessoal, afirma o advogado Thiago Spercel, adota instituto semelhante ao de outros pa\u00edses e substitui a Eireli, que nunca foi bem aceita pelo mercado &#8220;por possuir tr\u00eas grandes desvantagens&#8221;: s\u00f3 pode ser aberta por pessoa f\u00edsica, exige capital de pelo menos 100 sal\u00e1rios m\u00ednimos (R$ 99,8 mil) e que ele seja inteiramente integralizado.<\/span><\/p>\n<p style=\"text-align: justify;\"><span style=\"font-family: arial, helvetica, sans-serif;\">Diferente da Eireli, a sociedade limitada unipessoal poder\u00e1 ter s\u00f3cio pessoa jur\u00eddica ou f\u00edsica, n\u00e3o exigir\u00e1 capital m\u00ednimo e ele poder\u00e1 ser integralizado da forma como as partes quiserem. Al\u00e9m disso, h\u00e1 o limite de uma Eireli por pessoa, o que n\u00e3o acontece na sociedade limitada unipessoal.<\/span><\/p>\n<p style=\"text-align: justify;\"><span style=\"font-family: arial, helvetica, sans-serif;\">A comiss\u00e3o aprovou ainda a substitui\u00e7\u00e3o autom\u00e1tica das Eirelis por sociedades limitadas unipessoais &#8220;independentemente de qualquer registro ou formalidade&#8221;. Isso \u00e9 importante, ressalta a advogada Miriam Prado, do escrit\u00f3rio Fortes e Prado, para n\u00e3o gerar \u00f4nus para as empresas.<\/span><\/p>\n<p style=\"text-align: justify;\"><span style=\"font-family: arial, helvetica, sans-serif;\"><strong>Fonte: VALOR ECONOMICO \u2013 Raphael\u00a0 Di Cunto e Beatriz Olivon<\/strong><\/span><\/p>\n","protected":false},"excerpt":{"rendered":"<p>A vers\u00e3o da Medida Provis\u00f3ria n\u00ba 881\/2019 (MP da Liberdade [&hellip;]<\/p>\n","protected":false},"author":6,"featured_media":0,"comment_status":"closed","ping_status":"open","sticky":false,"template":"","format":"standard","meta":{"jetpack_post_was_ever_published":false,"_jetpack_newsletter_access":"","_jetpack_dont_email_post_to_subs":false,"_jetpack_newsletter_tier_id":0,"_jetpack_memberships_contains_paywalled_content":false,"footnotes":"","_jetpack_memberships_contains_paid_content":false,"jetpack_publicize_message":"","jetpack_publicize_feature_enabled":true,"jetpack_social_post_already_shared":true,"jetpack_social_options":{"image_generator_settings":{"template":"highway","enabled":false}}},"categories":[2],"tags":[],"jetpack_publicize_connections":[],"jetpack_featured_media_url":"","jetpack_sharing_enabled":true,"jetpack_shortlink":"https:\/\/wp.me\/paFpWR-XY","_links":{"self":[{"href":"https:\/\/bonettiassociados.com.br\/index.php\/wp-json\/wp\/v2\/posts\/3718"}],"collection":[{"href":"https:\/\/bonettiassociados.com.br\/index.php\/wp-json\/wp\/v2\/posts"}],"about":[{"href":"https:\/\/bonettiassociados.com.br\/index.php\/wp-json\/wp\/v2\/types\/post"}],"author":[{"embeddable":true,"href":"https:\/\/bonettiassociados.com.br\/index.php\/wp-json\/wp\/v2\/users\/6"}],"replies":[{"embeddable":true,"href":"https:\/\/bonettiassociados.com.br\/index.php\/wp-json\/wp\/v2\/comments?post=3718"}],"version-history":[{"count":1,"href":"https:\/\/bonettiassociados.com.br\/index.php\/wp-json\/wp\/v2\/posts\/3718\/revisions"}],"predecessor-version":[{"id":3719,"href":"https:\/\/bonettiassociados.com.br\/index.php\/wp-json\/wp\/v2\/posts\/3718\/revisions\/3719"}],"wp:attachment":[{"href":"https:\/\/bonettiassociados.com.br\/index.php\/wp-json\/wp\/v2\/media?parent=3718"}],"wp:term":[{"taxonomy":"category","embeddable":true,"href":"https:\/\/bonettiassociados.com.br\/index.php\/wp-json\/wp\/v2\/categories?post=3718"},{"taxonomy":"post_tag","embeddable":true,"href":"https:\/\/bonettiassociados.com.br\/index.php\/wp-json\/wp\/v2\/tags?post=3718"}],"curies":[{"name":"wp","href":"https:\/\/api.w.org\/{rel}","templated":true}]}}