{"id":3710,"date":"2019-07-31T11:50:30","date_gmt":"2019-07-31T14:50:30","guid":{"rendered":"http:\/\/bonettiassociados.com.br\/?p=3710"},"modified":"2019-07-31T11:50:30","modified_gmt":"2019-07-31T14:50:30","slug":"entre-associados-nao-incide-pis-e-cofins-sobre-atos-cooperativos-tipicos-decide-trf-1","status":"publish","type":"post","link":"https:\/\/bonettiassociados.com.br\/index.php\/2019\/07\/31\/entre-associados-nao-incide-pis-e-cofins-sobre-atos-cooperativos-tipicos-decide-trf-1\/","title":{"rendered":"ENTRE ASSOCIADOS &#8211; N\u00c3O INCIDE PIS E COFINS SOBRE ATOS COOPERATIVOS T\u00cdPICOS, DECIDE TRF-1"},"content":{"rendered":"<p style=\"text-align: justify;\"><span style=\"font-family: arial, helvetica, sans-serif;\">A 7\u00aa Turma do Tribunal Regional Federal da 1\u00aa Regi\u00e3o consolidou o entendimento de que n\u00e3o incide PIS e Cofins sobre ato t\u00edpico de cooperativa que faz opera\u00e7\u00f5es entre associados.<\/span><!--more--><\/p>\n<p style=\"text-align: justify;\"><span style=\"font-family: arial, helvetica, sans-serif;\">Com a decis\u00e3o, o colegiado reformou julgamento anterior em que foi negado provimento \u00e0 apela\u00e7\u00e3o da Cooperativa de Usu\u00e1rios de Assist\u00eancia M\u00e9dica do Sistema de Cr\u00e9dito Cooperativo de Minas Gerais (Usimed), que pediu a isen\u00e7\u00e3o da cobran\u00e7a da contribui\u00e7\u00e3o devida ao PIS incidente sobre a receita bruta de atos cooperativos.<\/span><\/p>\n<p style=\"text-align: justify;\"><span style=\"font-family: arial, helvetica, sans-serif;\">O relator, desembargador Jos\u00e9 Amilcar Machado, apontou o entendimento do Superior Tribunal de Justi\u00e7a de que &#8220;o art. 79 da Lei 5.764\/71 preceitua que os atos cooperativos s\u00e3o os praticados entre as cooperativas e seus associados, entre estes e aquelas e pelas cooperativas entre si quando associados, para a consecu\u00e7\u00e3o dos objetivos sociais&#8221;.<\/span><\/p>\n<p style=\"text-align: justify;\"><span style=\"font-family: arial, helvetica, sans-serif;\">Al\u00e9m disso, o magistrado pontuou o que par\u00e1grafo \u00fanico alerta que o ato cooperativo &#8220;n\u00e3o implica opera\u00e7\u00e3o de mercado, nem contrato de compra e venda de produto ou mercadoria&#8221;.<\/span><\/p>\n<p style=\"text-align: justify;\"><span style=\"font-family: arial, helvetica, sans-serif;\">O relator entendeu que o ac\u00f3rd\u00e3o recorrido confrontava entendimento do STJ, que concluiu pela n\u00e3o incid\u00eancia da Cofins e do PIS sobre os atos cooperativos t\u00edpicos. Com informa\u00e7\u00f5es da Assessoria de Imprensa do TRF-1.<\/span><\/p>\n<p style=\"text-align: justify;\"><span style=\"font-family: arial, helvetica, sans-serif;\">Processo: 2000.38.00.015558-4<\/span><\/p>\n<p style=\"text-align: justify;\"><span style=\"font-family: arial, helvetica, sans-serif;\"><strong>FONTE: Conjur<\/strong><\/span><\/p>\n","protected":false},"excerpt":{"rendered":"<p>A 7\u00aa Turma do Tribunal Regional Federal da 1\u00aa Regi\u00e3o [&hellip;]<\/p>\n","protected":false},"author":6,"featured_media":0,"comment_status":"closed","ping_status":"open","sticky":false,"template":"","format":"standard","meta":{"jetpack_post_was_ever_published":false,"_jetpack_newsletter_access":"","_jetpack_dont_email_post_to_subs":false,"_jetpack_newsletter_tier_id":0,"_jetpack_memberships_contains_paywalled_content":false,"footnotes":"","_jetpack_memberships_contains_paid_content":false,"jetpack_publicize_message":"","jetpack_publicize_feature_enabled":true,"jetpack_social_post_already_shared":true,"jetpack_social_options":{"image_generator_settings":{"template":"highway","enabled":false}}},"categories":[2],"tags":[],"jetpack_publicize_connections":[],"jetpack_featured_media_url":"","jetpack_sharing_enabled":true,"jetpack_shortlink":"https:\/\/wp.me\/paFpWR-XQ","_links":{"self":[{"href":"https:\/\/bonettiassociados.com.br\/index.php\/wp-json\/wp\/v2\/posts\/3710"}],"collection":[{"href":"https:\/\/bonettiassociados.com.br\/index.php\/wp-json\/wp\/v2\/posts"}],"about":[{"href":"https:\/\/bonettiassociados.com.br\/index.php\/wp-json\/wp\/v2\/types\/post"}],"author":[{"embeddable":true,"href":"https:\/\/bonettiassociados.com.br\/index.php\/wp-json\/wp\/v2\/users\/6"}],"replies":[{"embeddable":true,"href":"https:\/\/bonettiassociados.com.br\/index.php\/wp-json\/wp\/v2\/comments?post=3710"}],"version-history":[{"count":1,"href":"https:\/\/bonettiassociados.com.br\/index.php\/wp-json\/wp\/v2\/posts\/3710\/revisions"}],"predecessor-version":[{"id":3711,"href":"https:\/\/bonettiassociados.com.br\/index.php\/wp-json\/wp\/v2\/posts\/3710\/revisions\/3711"}],"wp:attachment":[{"href":"https:\/\/bonettiassociados.com.br\/index.php\/wp-json\/wp\/v2\/media?parent=3710"}],"wp:term":[{"taxonomy":"category","embeddable":true,"href":"https:\/\/bonettiassociados.com.br\/index.php\/wp-json\/wp\/v2\/categories?post=3710"},{"taxonomy":"post_tag","embeddable":true,"href":"https:\/\/bonettiassociados.com.br\/index.php\/wp-json\/wp\/v2\/tags?post=3710"}],"curies":[{"name":"wp","href":"https:\/\/api.w.org\/{rel}","templated":true}]}}