{"id":3707,"date":"2019-07-30T10:15:59","date_gmt":"2019-07-30T13:15:59","guid":{"rendered":"http:\/\/bonettiassociados.com.br\/?p=3707"},"modified":"2019-07-30T10:15:59","modified_gmt":"2019-07-30T13:15:59","slug":"taxa-basica-de-juros-sera-definida-nesta-semana","status":"publish","type":"post","link":"https:\/\/bonettiassociados.com.br\/index.php\/2019\/07\/30\/taxa-basica-de-juros-sera-definida-nesta-semana\/","title":{"rendered":"TAXA B\u00c1SICA DE JUROS SER\u00c1 DEFINIDA NESTA SEMANA"},"content":{"rendered":"<p style=\"text-align: justify;\"><span style=\"font-family: arial, helvetica, sans-serif;\">A taxa b\u00e1sica de juros \u2013 a Selic \u2013 ser\u00e1 definida nesta semana. A quinta reuni\u00e3o deste ano do Comit\u00ea de Pol\u00edtica Monet\u00e1ria (Copom) do Banco Central (BC), respons\u00e1vel por definir a taxa, ser\u00e1 realizada ter\u00e7a e quarta-feira (31).<\/span><!--more--><\/p>\n<p style=\"text-align: justify;\"><span style=\"font-family: arial, helvetica, sans-serif;\">Segundo a \u00faltima pesquisa do BC ao mercado financeiro, a expectativa \u00e9 que o Copom inicie um ciclo de cortes na Selic, em momento de economia fraca. A previs\u00e3o do mercado \u00e9 que a Selic sofra cortes de 0,25 ponto percentual nesta semana e nas pr\u00f3ximas tr\u00eas reuni\u00f5es (setembro, outubro e dezembro), encerrando 2019 em 5,5% ao ano. Atualmente, a taxa b\u00e1sica est\u00e1 em 6,5% ao ano.<\/span><\/p>\n<p style=\"text-align: justify;\"><span style=\"font-family: arial, helvetica, sans-serif;\">A taxa b\u00e1sica de juros \u00e9 o principal instrumento do banco para alcan\u00e7ar a meta de infla\u00e7\u00e3o definida pelo Conselho Monet\u00e1rio Nacional (CMN). Neste ano, a meta \u00e9 4,25%, com intervalo de toler\u00e2ncia entre 2,75% e 5,75%. Para o mercado financeiro, a infla\u00e7\u00e3o calculada pelo \u00cdndice Nacional de Pre\u00e7os ao Consumidor Amplo (IPCA) deve ficar abaixo do centro da meta, em 3,78%. Para 2020, a previs\u00e3o tamb\u00e9m est\u00e1 abaixo da meta (4%), em 3,9%.<\/span><\/p>\n<p style=\"text-align: justify;\"><span style=\"font-family: arial, helvetica, sans-serif;\">Ao reduzir os juros b\u00e1sicos, a tend\u00eancia \u00e9 diminuir os custos do cr\u00e9dito e incentivar a produ\u00e7\u00e3o e o consumo. Para cortar a Selic, o Copom precisa estar seguro de que os pre\u00e7os est\u00e3o sob controle e n\u00e3o correm risco de ficar acima da meta de infla\u00e7\u00e3o.<\/span><\/p>\n<p style=\"text-align: justify;\"><span style=\"font-family: arial, helvetica, sans-serif;\">Quando o Copom aumenta a Selic, o objetivo \u00e9 conter a demanda aquecida, e isso causa reflexos nos pre\u00e7os porque os juros mais altos encarecem o cr\u00e9dito e estimulam a poupan\u00e7a.<\/span><\/p>\n<p style=\"text-align: justify;\"><span style=\"font-family: arial, helvetica, sans-serif;\">O Banco Central atua diariamente por meio de opera\u00e7\u00f5es de mercado aberto \u2013 comprando e vendendo t\u00edtulos p\u00fablicos federais \u2013 para manter a taxa de juros pr\u00f3xima ao valor definido na reuni\u00e3o do Copom.<\/span><\/p>\n<p style=\"text-align: justify;\"><span style=\"font-family: arial, helvetica, sans-serif;\">A Selic, que serve de refer\u00eancia para os demais juros da economia, \u00e9 a taxa m\u00e9dia cobrada em negocia\u00e7\u00f5es com t\u00edtulos emitidos pelo Tesouro Nacional, registradas diariamente no Sistema Especial de Liquida\u00e7\u00e3o e de Cust\u00f3dia (Selic) .<\/span><\/p>\n<p style=\"text-align: justify;\"><span style=\"font-family: arial, helvetica, sans-serif;\">Hist\u00f3rico<\/span><\/p>\n<p style=\"text-align: justify;\"><span style=\"font-family: arial, helvetica, sans-serif;\">De outubro de 2012 a abril de 2013, a taxa Selic foi mantida em 7,25% ao ano e passou a ser reajustada gradualmente at\u00e9 alcan\u00e7ar 14,25% em julho de 2015. Nas reuni\u00f5es seguintes, a taxa foi mantida nesse patamar.<\/span><\/p>\n<p style=\"text-align: justify;\"><span style=\"font-family: arial, helvetica, sans-serif;\">Em outubro de 2016, foi iniciado um longo ciclo de cortes, quando a taxa caiu 0,25 ponto percentual para 14% ao ano.<\/span><\/p>\n<p style=\"text-align: justify;\"><span style=\"font-family: arial, helvetica, sans-serif;\">O processo durou at\u00e9 mar\u00e7o de 2018, quando a Selic chegou ao seu m\u00ednimo hist\u00f3rico, 6,5% ao ano, e depois disso foi mantida pelo Copom nas reuni\u00f5es seguintes.<\/span><\/p>\n<p style=\"text-align: justify;\"><span style=\"font-family: arial, helvetica, sans-serif;\">O Copom re\u00fane-se a cada 45 dias. No primeiro dia do encontro s\u00e3o feitas apresenta\u00e7\u00f5es t\u00e9cnicas sobre a evolu\u00e7\u00e3o e as perspectivas das economias brasileira e mundial e o comportamento do mercado financeiro. No segundo dia, os membros do Copom, formado pela diretoria do BC, analisam as possibilidades e definem a Selic.<\/span><\/p>\n<p style=\"text-align: justify;\"><span style=\"font-family: arial, helvetica, sans-serif;\"><strong>FONTE: Ag\u00eancia Brasil<\/strong><\/span><\/p>\n","protected":false},"excerpt":{"rendered":"<p>A taxa b\u00e1sica de juros \u2013 a Selic \u2013 ser\u00e1 [&hellip;]<\/p>\n","protected":false},"author":6,"featured_media":0,"comment_status":"closed","ping_status":"open","sticky":false,"template":"","format":"standard","meta":{"jetpack_post_was_ever_published":false,"_jetpack_newsletter_access":"","_jetpack_dont_email_post_to_subs":false,"_jetpack_newsletter_tier_id":0,"_jetpack_memberships_contains_paywalled_content":false,"footnotes":"","_jetpack_memberships_contains_paid_content":false,"jetpack_publicize_message":"","jetpack_publicize_feature_enabled":true,"jetpack_social_post_already_shared":true,"jetpack_social_options":{"image_generator_settings":{"template":"highway","enabled":false}}},"categories":[2],"tags":[],"jetpack_publicize_connections":[],"jetpack_featured_media_url":"","jetpack_sharing_enabled":true,"jetpack_shortlink":"https:\/\/wp.me\/paFpWR-XN","_links":{"self":[{"href":"https:\/\/bonettiassociados.com.br\/index.php\/wp-json\/wp\/v2\/posts\/3707"}],"collection":[{"href":"https:\/\/bonettiassociados.com.br\/index.php\/wp-json\/wp\/v2\/posts"}],"about":[{"href":"https:\/\/bonettiassociados.com.br\/index.php\/wp-json\/wp\/v2\/types\/post"}],"author":[{"embeddable":true,"href":"https:\/\/bonettiassociados.com.br\/index.php\/wp-json\/wp\/v2\/users\/6"}],"replies":[{"embeddable":true,"href":"https:\/\/bonettiassociados.com.br\/index.php\/wp-json\/wp\/v2\/comments?post=3707"}],"version-history":[{"count":1,"href":"https:\/\/bonettiassociados.com.br\/index.php\/wp-json\/wp\/v2\/posts\/3707\/revisions"}],"predecessor-version":[{"id":3708,"href":"https:\/\/bonettiassociados.com.br\/index.php\/wp-json\/wp\/v2\/posts\/3707\/revisions\/3708"}],"wp:attachment":[{"href":"https:\/\/bonettiassociados.com.br\/index.php\/wp-json\/wp\/v2\/media?parent=3707"}],"wp:term":[{"taxonomy":"category","embeddable":true,"href":"https:\/\/bonettiassociados.com.br\/index.php\/wp-json\/wp\/v2\/categories?post=3707"},{"taxonomy":"post_tag","embeddable":true,"href":"https:\/\/bonettiassociados.com.br\/index.php\/wp-json\/wp\/v2\/tags?post=3707"}],"curies":[{"name":"wp","href":"https:\/\/api.w.org\/{rel}","templated":true}]}}