{"id":3699,"date":"2019-07-30T10:06:29","date_gmt":"2019-07-30T13:06:29","guid":{"rendered":"http:\/\/bonettiassociados.com.br\/?p=3699"},"modified":"2019-07-30T10:06:29","modified_gmt":"2019-07-30T13:06:29","slug":"itr-aprovado-o-programa-multiplataforma-para-preenchimento-da-ditr-de-2019","status":"publish","type":"post","link":"https:\/\/bonettiassociados.com.br\/index.php\/2019\/07\/30\/itr-aprovado-o-programa-multiplataforma-para-preenchimento-da-ditr-de-2019\/","title":{"rendered":"ITR &#8211; APROVADO O PROGRAMA MULTIPLATAFORMA PARA PREENCHIMENTO DA DITR DE 2019"},"content":{"rendered":"<p style=\"text-align: justify;\"><span style=\"font-family: arial, helvetica, sans-serif;\">Ato Declarat\u00f3rio Executivo Codac n\u00ba 15\/2019 &#8211; DOU 1 de 29.07.2019.<\/span><!--more--><\/p>\n<p style=\"text-align: justify;\"><span style=\"font-family: arial, helvetica, sans-serif;\">Foi baixado ato que aprova o programa multiplataforma para preenchimento da Declara\u00e7\u00e3o do Imposto sobre a Propriedade Territorial Rural (DITR) de 2019, para uso em computador que possua a m\u00e1quina virtual Java (JVM), vers\u00e3o 1.7.0 ou superior, instalada.<\/span><\/p>\n<p style=\"text-align: justify;\"><span style=\"font-family: arial, helvetica, sans-serif;\">O programa ITR\/2019 possui:<\/span><\/p>\n<ol style=\"text-align: justify;\">\n<li><span style=\"font-family: arial, helvetica, sans-serif;\">a) 4 vers\u00f5es com instaladores espec\u00edficos, compat\u00edveis com os sistemas operacionais Windows, Linux e Mac OS X;<\/span><\/li>\n<li><span style=\"font-family: arial, helvetica, sans-serif;\">b) 1 vers\u00e3o com instalador de uso geral para todos os sistemas operacionais instalados em computadores que atendam \u00e0 condi\u00e7\u00e3o exigida; e<\/span><\/li>\n<li><span style=\"font-family: arial, helvetica, sans-serif;\">c) 1 vers\u00e3o sem instalador para qualquer sistema operacional, destinada aos usu\u00e1rios ou administradores de sistemas que necessitam exercer maior controle sobre a instala\u00e7\u00e3o.<\/span><\/li>\n<\/ol>\n<p style=\"text-align: justify;\"><span style=\"font-family: arial, helvetica, sans-serif;\">A partir de 12.08.2019, o programa ITR\/2019, de reprodu\u00e7\u00e3o livre, estar\u00e1 dispon\u00edvel no site da Secretaria Especial da Receita Federal do Brasil (RFB), <a href=\"http:\/\/rfb.gov.br\">http:\/\/rfb.gov.br<\/a>.<\/span><\/p>\n<p style=\"text-align: justify;\"><span style=\"font-family: arial, helvetica, sans-serif;\">A apresenta\u00e7\u00e3o das declara\u00e7\u00f5es geradas pelo programa ITR\/2019 poder\u00e1 ser feita no pr\u00f3prio programa ou com utiliza\u00e7\u00e3o do programa de transmiss\u00e3o Receitanet. Nesse caso, poder\u00e1 ser utilizada assinatura digital mediante certificado digital v\u00e1lido.<\/span><\/p>\n<p style=\"text-align: justify;\"><span style=\"font-family: arial, helvetica, sans-serif;\">(Ato Declarat\u00f3rio Executivo Codac n\u00ba 15\/2019 &#8211; DOU 1 de 29.07.2019).<\/span><\/p>\n<p style=\"text-align: justify;\"><span style=\"font-family: arial, helvetica, sans-serif;\"><strong>FONTE: Editorial IOB<\/strong><\/span><\/p>\n","protected":false},"excerpt":{"rendered":"<p>Ato Declarat\u00f3rio Executivo Codac n\u00ba 15\/2019 &#8211; DOU 1 de [&hellip;]<\/p>\n","protected":false},"author":6,"featured_media":0,"comment_status":"closed","ping_status":"open","sticky":false,"template":"","format":"standard","meta":{"jetpack_post_was_ever_published":false,"_jetpack_newsletter_access":"","_jetpack_dont_email_post_to_subs":false,"_jetpack_newsletter_tier_id":0,"_jetpack_memberships_contains_paywalled_content":false,"footnotes":"","_jetpack_memberships_contains_paid_content":false,"jetpack_publicize_message":"","jetpack_publicize_feature_enabled":true,"jetpack_social_post_already_shared":true,"jetpack_social_options":{"image_generator_settings":{"template":"highway","enabled":false}}},"categories":[2],"tags":[],"jetpack_publicize_connections":[],"jetpack_featured_media_url":"","jetpack_sharing_enabled":true,"jetpack_shortlink":"https:\/\/wp.me\/paFpWR-XF","_links":{"self":[{"href":"https:\/\/bonettiassociados.com.br\/index.php\/wp-json\/wp\/v2\/posts\/3699"}],"collection":[{"href":"https:\/\/bonettiassociados.com.br\/index.php\/wp-json\/wp\/v2\/posts"}],"about":[{"href":"https:\/\/bonettiassociados.com.br\/index.php\/wp-json\/wp\/v2\/types\/post"}],"author":[{"embeddable":true,"href":"https:\/\/bonettiassociados.com.br\/index.php\/wp-json\/wp\/v2\/users\/6"}],"replies":[{"embeddable":true,"href":"https:\/\/bonettiassociados.com.br\/index.php\/wp-json\/wp\/v2\/comments?post=3699"}],"version-history":[{"count":1,"href":"https:\/\/bonettiassociados.com.br\/index.php\/wp-json\/wp\/v2\/posts\/3699\/revisions"}],"predecessor-version":[{"id":3700,"href":"https:\/\/bonettiassociados.com.br\/index.php\/wp-json\/wp\/v2\/posts\/3699\/revisions\/3700"}],"wp:attachment":[{"href":"https:\/\/bonettiassociados.com.br\/index.php\/wp-json\/wp\/v2\/media?parent=3699"}],"wp:term":[{"taxonomy":"category","embeddable":true,"href":"https:\/\/bonettiassociados.com.br\/index.php\/wp-json\/wp\/v2\/categories?post=3699"},{"taxonomy":"post_tag","embeddable":true,"href":"https:\/\/bonettiassociados.com.br\/index.php\/wp-json\/wp\/v2\/tags?post=3699"}],"curies":[{"name":"wp","href":"https:\/\/api.w.org\/{rel}","templated":true}]}}