{"id":3691,"date":"2019-07-30T09:58:59","date_gmt":"2019-07-30T12:58:59","guid":{"rendered":"http:\/\/bonettiassociados.com.br\/?p=3691"},"modified":"2019-07-30T09:58:59","modified_gmt":"2019-07-30T12:58:59","slug":"justica-manda-liberar-credito-de-contribuinte","status":"publish","type":"post","link":"https:\/\/bonettiassociados.com.br\/index.php\/2019\/07\/30\/justica-manda-liberar-credito-de-contribuinte\/","title":{"rendered":"JUSTI\u00c7A MANDA LIBERAR CR\u00c9DITO DE CONTRIBUINTE"},"content":{"rendered":"<p style=\"text-align: justify;\"><span style=\"font-family: arial, helvetica, sans-serif;\">Alessandra Ramos: Receita tem demorado muito para analisar os pedidos.<\/span><!--more--><\/p>\n<p style=\"text-align: justify;\"><span style=\"font-family: arial, helvetica, sans-serif;\">Contribuintes est\u00e3o recorrendo \u00e0 Justi\u00e7a contra a demora da Receita Federal para analisar pedidos de homologa\u00e7\u00e3o pr\u00e9via de cr\u00e9ditos gerados com a exclus\u00e3o do ICMS da base de c\u00e1lculo do PIS e da Cofins. Uma das decis\u00f5es foi concedida pela 13\u00aa Vara Federal de Porto Alegre e beneficia uma varejista do setor de materiais de constru\u00e7\u00e3o.<\/span><\/p>\n<p style=\"text-align: justify;\"><span style=\"font-family: arial, helvetica, sans-serif;\">Nos processos, os contribuintes alegam que a Instru\u00e7\u00e3o Normativa (IN) n\u00ba 1.717, de 2017, da Receita Federal, determina prazo de 30 dias para ser proferido despacho sobre pedido de habilita\u00e7\u00e3o de cr\u00e9dito decorrente de decis\u00e3o judicial transitada em julgado (contra a qual n\u00e3o cabe mais recurso). A previs\u00e3o est\u00e1 no par\u00e1grafo 3\u00ba do artigo 100 da norma, que disp\u00f5e sobre restitui\u00e7\u00e3o, compensa\u00e7\u00e3o, ressarcimento e reembolso de tributos.<\/span><\/p>\n<p style=\"text-align: justify;\"><span style=\"font-family: arial, helvetica, sans-serif;\">No caso da varejista de materiais de constru\u00e7\u00e3o, o pedido foi apresentado no fim de dezembro e at\u00e9 a concess\u00e3o da liminar, no dia 19, n\u00e3o havia decis\u00e3o administrativa. A resposta s\u00f3 veio ap\u00f3s a determina\u00e7\u00e3o da Justi\u00e7a e antes do prazo estipulado pelo magistrado: 1\u00ba de agosto.<\/span><\/p>\n<p style=\"text-align: justify;\"><span style=\"font-family: arial, helvetica, sans-serif;\">&#8220;N\u00e3o pode ficar o contribuinte indefinidamente sem uma resposta acerca de seus pedidos administrativos, face aos potenciais preju\u00edzos a serem causados, especialmente, \u00e0s empresas&#8221;, afirma na decis\u00e3o o juiz Ricardo N\u00fcske, da 13\u00aa Vara Federal de Porto Alegre.<\/span><\/p>\n<p style=\"text-align: justify;\"><span style=\"font-family: arial, helvetica, sans-serif;\">Segundo a advogada Alessandra Ramos, da Audicon Assessoria Jur\u00eddica e Fiscal, muitas empresas est\u00e3o tendo dificuldade para come\u00e7ar a efetivamente compensar esses cr\u00e9ditos. &#8220;A Receita Federal tem demorado muito para analisar os pedidos. Muito provavelmente para segurar o rombo no caixa da Uni\u00e3o&#8221;, afirma.<\/span><\/p>\n<p style=\"text-align: justify;\"><span style=\"font-family: arial, helvetica, sans-serif;\">No caso de sua cliente, a advogada diz que o pedido foi para compensar o ICMS destacado em nota e n\u00e3o o efetivamente recolhido, como defende a Receita Federal. &#8220;Essa \u00e9 uma discuss\u00e3o nova, mas os tribunais j\u00e1 est\u00e3o recha\u00e7ando o entendimento do Fisco&#8221;, ela diz.<\/span><\/p>\n<p style=\"text-align: justify;\"><span style=\"font-family: arial, helvetica, sans-serif;\">Al\u00e9m da demora com as homologa\u00e7\u00f5es, advogados afirmam que a Receita tem travado a compensa\u00e7\u00e3o de cr\u00e9ditos por meio de processos fiscalizat\u00f3rios. A medida tem como base a Instru\u00e7\u00e3o Normativa n\u00ba 1.810 de 2018, que alterou a anterior, de n\u00ba 1.717.<\/span><\/p>\n<p style=\"text-align: justify;\"><span style=\"font-family: arial, helvetica, sans-serif;\">A IN 1.717, com a mudan\u00e7a, passou a prever, no artigo 76, que cr\u00e9dito informado por contribuinte n\u00e3o pode ser usado para compensa\u00e7\u00f5es se sua &#8220;liquidez e certeza&#8221; estiverem sob procedimento fiscal. &#8220;Enquanto a fiscaliza\u00e7\u00e3o estiver sendo realizada, n\u00e3o pode compensar. Est\u00e1 acontecendo em muitos casos&#8221;, diz Luiz Augusto Bichara, s\u00f3cio do Bichara Advogados.<\/span><\/p>\n<p style=\"text-align: justify;\"><span style=\"font-family: arial, helvetica, sans-serif;\">Com a medida adotada pela Receita, alguns contribuintes decidiram ir \u00e0 Justi\u00e7a. Outros optaram por realizar compensa\u00e7\u00f5es durante o processo de fiscaliza\u00e7\u00e3o, mesmo correndo risco. E h\u00e1 os que preferem esperar a conclus\u00e3o do procedimento, antes de usar o cr\u00e9dito.<\/span><\/p>\n<p style=\"text-align: justify;\"><span style=\"font-family: arial, helvetica, sans-serif;\"><strong>FONTE: Valor Econ\u00f4mico &#8211; Por Arthur Rosa e Joice Bacelo<\/strong><\/span><\/p>\n","protected":false},"excerpt":{"rendered":"<p>Alessandra Ramos: Receita tem demorado muito para analisar os pedidos.<\/p>\n","protected":false},"author":6,"featured_media":0,"comment_status":"closed","ping_status":"open","sticky":false,"template":"","format":"standard","meta":{"jetpack_post_was_ever_published":false,"_jetpack_newsletter_access":"","_jetpack_dont_email_post_to_subs":false,"_jetpack_newsletter_tier_id":0,"_jetpack_memberships_contains_paywalled_content":false,"footnotes":"","_jetpack_memberships_contains_paid_content":false,"jetpack_publicize_message":"","jetpack_publicize_feature_enabled":true,"jetpack_social_post_already_shared":true,"jetpack_social_options":{"image_generator_settings":{"template":"highway","enabled":false}}},"categories":[2],"tags":[],"jetpack_publicize_connections":[],"jetpack_featured_media_url":"","jetpack_sharing_enabled":true,"jetpack_shortlink":"https:\/\/wp.me\/paFpWR-Xx","_links":{"self":[{"href":"https:\/\/bonettiassociados.com.br\/index.php\/wp-json\/wp\/v2\/posts\/3691"}],"collection":[{"href":"https:\/\/bonettiassociados.com.br\/index.php\/wp-json\/wp\/v2\/posts"}],"about":[{"href":"https:\/\/bonettiassociados.com.br\/index.php\/wp-json\/wp\/v2\/types\/post"}],"author":[{"embeddable":true,"href":"https:\/\/bonettiassociados.com.br\/index.php\/wp-json\/wp\/v2\/users\/6"}],"replies":[{"embeddable":true,"href":"https:\/\/bonettiassociados.com.br\/index.php\/wp-json\/wp\/v2\/comments?post=3691"}],"version-history":[{"count":1,"href":"https:\/\/bonettiassociados.com.br\/index.php\/wp-json\/wp\/v2\/posts\/3691\/revisions"}],"predecessor-version":[{"id":3692,"href":"https:\/\/bonettiassociados.com.br\/index.php\/wp-json\/wp\/v2\/posts\/3691\/revisions\/3692"}],"wp:attachment":[{"href":"https:\/\/bonettiassociados.com.br\/index.php\/wp-json\/wp\/v2\/media?parent=3691"}],"wp:term":[{"taxonomy":"category","embeddable":true,"href":"https:\/\/bonettiassociados.com.br\/index.php\/wp-json\/wp\/v2\/categories?post=3691"},{"taxonomy":"post_tag","embeddable":true,"href":"https:\/\/bonettiassociados.com.br\/index.php\/wp-json\/wp\/v2\/tags?post=3691"}],"curies":[{"name":"wp","href":"https:\/\/api.w.org\/{rel}","templated":true}]}}