{"id":3679,"date":"2019-07-29T11:27:39","date_gmt":"2019-07-29T14:27:39","guid":{"rendered":"http:\/\/bonettiassociados.com.br\/?p=3679"},"modified":"2019-07-29T11:27:39","modified_gmt":"2019-07-29T14:27:39","slug":"ir-csl-cofins-pis-pasep-encerrada-a-vigencia-da-medida-provisoria-no-877-2019-que-dispensava-a-retencao-de-tributos-federais-na-aquisicao-de-passagens-aereas-por-orgaos-ou-entidades-da-administraca","status":"publish","type":"post","link":"https:\/\/bonettiassociados.com.br\/index.php\/2019\/07\/29\/ir-csl-cofins-pis-pasep-encerrada-a-vigencia-da-medida-provisoria-no-877-2019-que-dispensava-a-retencao-de-tributos-federais-na-aquisicao-de-passagens-aereas-por-orgaos-ou-entidades-da-administraca\/","title":{"rendered":"IR\/CSL\/COFINS\/PIS-PASEP &#8211; ENCERRADA A VIG\u00caNCIA DA MEDIDA PROVIS\u00d3RIA N\u00ba 877\/2019, QUE DISPENSAVA A RETEN\u00c7\u00c3O DE TRIBUTOS FEDERAIS NA AQUISI\u00c7\u00c3O DE PASSAGENS A\u00c9REAS POR \u00d3RG\u00c3OS OU ENTIDADES DA ADMINISTRA\u00c7\u00c3O P\u00daBLICA FEDERAL"},"content":{"rendered":"<p style=\"text-align: justify;\"><span style=\"font-family: arial, helvetica, sans-serif;\">Ato do Congresso Nacional n\u00ba 48\/2019 &#8211; DOU 1 de 29.07.2019.<\/span><!--more--><\/p>\n<p style=\"text-align: justify;\"><span style=\"font-family: arial, helvetica, sans-serif;\">O Ato do Congresso Nacional n\u00ba 48\/2019 encerrou, em 23.07.2019, o prazo de vig\u00eancia da Medida Provis\u00f3ria n\u00ba 877\/2019 , que alterou o \u00a7 9\u00ba do art. 64 da Lei n\u00ba 9.430\/1996 , o qual dispensava a reten\u00e7\u00e3o dos tributos na fonte (IR, CSL, Cofins e PIS-Pasep) sobre os pagamentos efetuados por \u00f3rg\u00e3os ou entidades da administra\u00e7\u00e3o p\u00fablica federal, mediante a utiliza\u00e7\u00e3o do Cart\u00e3o de Pagamento do Governo Federal (CPGF), no caso de compra de passagens a\u00e9reas diretamente das companhias a\u00e9reas prestadoras de servi\u00e7os de transporte a\u00e9reo.<\/span><\/p>\n<p style=\"text-align: justify;\"><span style=\"font-family: arial, helvetica, sans-serif;\">Em face do encerramento do prazo de vig\u00eancia da mencionada norma:<\/span><\/p>\n<ol style=\"text-align: justify;\" start=\"26\">\n<li><span style=\"font-family: arial, helvetica, sans-serif;\">a) no per\u00edodo de 26.03 a 28.07.2019: esteve dispensada a reten\u00e7\u00e3o dos referidos tributos; e<\/span><\/li>\n<li><span style=\"font-family: arial, helvetica, sans-serif;\">b) a partir de 29.07.2019, a reten\u00e7\u00e3o dos referidos tributos volta a ser devida.<\/span><\/li>\n<\/ol>\n<p style=\"text-align: justify;\"><span style=\"font-family: arial, helvetica, sans-serif;\">(Ato do Congresso Nacional n\u00ba 48\/2019 &#8211; DOU 1 de 29.07.2019).<\/span><\/p>\n<p style=\"text-align: justify;\"><span style=\"font-family: arial, helvetica, sans-serif;\"><strong>FONTE: Editorial IOB<\/strong><\/span><\/p>\n","protected":false},"excerpt":{"rendered":"<p>Ato do Congresso Nacional n\u00ba 48\/2019 &#8211; DOU 1 de [&hellip;]<\/p>\n","protected":false},"author":6,"featured_media":0,"comment_status":"closed","ping_status":"open","sticky":false,"template":"","format":"standard","meta":{"jetpack_post_was_ever_published":false,"_jetpack_newsletter_access":"","_jetpack_dont_email_post_to_subs":false,"_jetpack_newsletter_tier_id":0,"_jetpack_memberships_contains_paywalled_content":false,"footnotes":"","_jetpack_memberships_contains_paid_content":false,"jetpack_publicize_message":"","jetpack_publicize_feature_enabled":true,"jetpack_social_post_already_shared":true,"jetpack_social_options":{"image_generator_settings":{"template":"highway","enabled":false}}},"categories":[2],"tags":[],"jetpack_publicize_connections":[],"jetpack_featured_media_url":"","jetpack_sharing_enabled":true,"jetpack_shortlink":"https:\/\/wp.me\/paFpWR-Xl","_links":{"self":[{"href":"https:\/\/bonettiassociados.com.br\/index.php\/wp-json\/wp\/v2\/posts\/3679"}],"collection":[{"href":"https:\/\/bonettiassociados.com.br\/index.php\/wp-json\/wp\/v2\/posts"}],"about":[{"href":"https:\/\/bonettiassociados.com.br\/index.php\/wp-json\/wp\/v2\/types\/post"}],"author":[{"embeddable":true,"href":"https:\/\/bonettiassociados.com.br\/index.php\/wp-json\/wp\/v2\/users\/6"}],"replies":[{"embeddable":true,"href":"https:\/\/bonettiassociados.com.br\/index.php\/wp-json\/wp\/v2\/comments?post=3679"}],"version-history":[{"count":1,"href":"https:\/\/bonettiassociados.com.br\/index.php\/wp-json\/wp\/v2\/posts\/3679\/revisions"}],"predecessor-version":[{"id":3680,"href":"https:\/\/bonettiassociados.com.br\/index.php\/wp-json\/wp\/v2\/posts\/3679\/revisions\/3680"}],"wp:attachment":[{"href":"https:\/\/bonettiassociados.com.br\/index.php\/wp-json\/wp\/v2\/media?parent=3679"}],"wp:term":[{"taxonomy":"category","embeddable":true,"href":"https:\/\/bonettiassociados.com.br\/index.php\/wp-json\/wp\/v2\/categories?post=3679"},{"taxonomy":"post_tag","embeddable":true,"href":"https:\/\/bonettiassociados.com.br\/index.php\/wp-json\/wp\/v2\/tags?post=3679"}],"curies":[{"name":"wp","href":"https:\/\/api.w.org\/{rel}","templated":true}]}}