{"id":3677,"date":"2019-07-29T11:26:13","date_gmt":"2019-07-29T14:26:13","guid":{"rendered":"http:\/\/bonettiassociados.com.br\/?p=3677"},"modified":"2019-07-29T11:26:13","modified_gmt":"2019-07-29T14:26:13","slug":"consumidor-enganado-uso-indevido-de-marca-justifica-condenacao-por-danos-morais-decide-stj","status":"publish","type":"post","link":"https:\/\/bonettiassociados.com.br\/index.php\/2019\/07\/29\/consumidor-enganado-uso-indevido-de-marca-justifica-condenacao-por-danos-morais-decide-stj\/","title":{"rendered":"CONSUMIDOR ENGANADO &#8211; USO INDEVIDO DE MARCA JUSTIFICA CONDENA\u00c7\u00c3O POR DANOS MORAIS, DECIDE STJ"},"content":{"rendered":"<p style=\"text-align: justify;\"><span style=\"font-family: arial, helvetica, sans-serif;\">Nancy Andrighi levou em considera\u00e7\u00e3o o fato de a Decolar.com ser mais antiga e de que seu dom\u00ednio na internet e sua marca tamb\u00e9m s\u00e3o anteriores aos registros da Decolando Turismo.<\/span><!--more--><\/p>\n<p style=\"text-align: justify;\"><span style=\"font-family: arial, helvetica, sans-serif;\">Induzir o consumidor a erro usando marca parecida com a de outra empresa j\u00e1 estabelecida gera o dever de pagar danos morais. O entendimento \u00e9 da 3\u00aa Turma do Superior Tribunal de Justi\u00e7a, que determinou o cancelamento do dom\u00ednio da Decolando Turismo na internet e manteve a condena\u00e7\u00e3o da empresa, no valor de R$ 50 mil, em a\u00e7\u00e3o movida pela Decolar.com.<\/span><\/p>\n<p style=\"text-align: justify;\"><span style=\"font-family: arial, helvetica, sans-serif;\">Prevaleceu entendimento da relatora, ministra Nancy Andrighi. Ela levou em considera\u00e7\u00e3o o fato de a Decolar.com ser mais antiga e de que seu dom\u00ednio na internet e sua marca tamb\u00e9m s\u00e3o anteriores aos registros da Decolando Turismo.<\/span><\/p>\n<p style=\"text-align: justify;\"><span style=\"font-family: arial, helvetica, sans-serif;\">&#8220;Al\u00e9m disso, a m\u00e1-f\u00e9 pode ser caracterizada como &#8216;atos anti\u00e9ticos e oportunistas&#8217;. A situa\u00e7\u00e3o analisada retratada no processo pode, sim, causar confus\u00e3o nos consumidores e desvio de clientela&#8221;, diz.<\/span><\/p>\n<p style=\"text-align: justify;\"><span style=\"font-family: arial, helvetica, sans-serif;\">Em rela\u00e7\u00e3o \u00e0 indeniza\u00e7\u00e3o por dano moral, Nancy citou ainda precedentes do STJ segundo os quais esses danos &#8220;decorrem de ofensa \u00e0 imagem, identidade e\/ou credibilidade do titular do direito tutelado&#8221;.<\/span><\/p>\n<p style=\"text-align: justify;\"><span style=\"font-family: arial, helvetica, sans-serif;\">&#8220;Para a jurisprud\u00eancia, a configura\u00e7\u00e3o do dano moral em tais casos \u00e9 consequ\u00eancia da comprova\u00e7\u00e3o do uso indevido de marca, n\u00e3o sendo necess\u00e1rio demonstrar preju\u00edzo ou abalo moral.&#8221;<\/span><\/p>\n<p style=\"text-align: justify;\"><span style=\"font-family: arial, helvetica, sans-serif;\">A ministra lembrou tamb\u00e9m que o Comit\u00ea Gestor da Internet no Brasil (CGI.br) prev\u00ea que os nomes de dom\u00ednio que induzam terceiros a erro, desrespeitem a legisla\u00e7\u00e3o ou violem direitos de terceiros n\u00e3o podem ser submetidos a registro.<\/span><\/p>\n<p style=\"text-align: justify;\"><span style=\"font-family: arial, helvetica, sans-serif;\">&#8220;A confus\u00e3o indevida entre os nomes de dom\u00ednio \u00e9 not\u00f3ria, pois se d\u00e1 pelo fato de as empresas utilizarem o mesmo verbo \u2014 ainda que uma delas no ger\u00fandio \u2014, o que viola o direito de exclusividade do uso da palavra pela empresa Decolar.com, assegurado pelo artigo 129 da Lei 9.279\/1996&#8221;, afirma.<\/span><\/p>\n<p style=\"text-align: justify;\"><span style=\"font-family: arial, helvetica, sans-serif;\">Ac\u00f3rd\u00e3o REsp 1.804.035<\/span><\/p>\n<p style=\"text-align: justify;\"><span style=\"font-family: arial, helvetica, sans-serif;\"><strong>FONTE: Conjur &#8211; Por Gabriela Coelho<\/strong><\/span><\/p>\n","protected":false},"excerpt":{"rendered":"<p>Nancy Andrighi levou em considera\u00e7\u00e3o o fato de a Decolar.com [&hellip;]<\/p>\n","protected":false},"author":6,"featured_media":0,"comment_status":"closed","ping_status":"open","sticky":false,"template":"","format":"standard","meta":{"jetpack_post_was_ever_published":false,"_jetpack_newsletter_access":"","_jetpack_dont_email_post_to_subs":false,"_jetpack_newsletter_tier_id":0,"_jetpack_memberships_contains_paywalled_content":false,"footnotes":"","_jetpack_memberships_contains_paid_content":false,"jetpack_publicize_message":"","jetpack_publicize_feature_enabled":true,"jetpack_social_post_already_shared":true,"jetpack_social_options":{"image_generator_settings":{"template":"highway","enabled":false}}},"categories":[2],"tags":[],"jetpack_publicize_connections":[],"jetpack_featured_media_url":"","jetpack_sharing_enabled":true,"jetpack_shortlink":"https:\/\/wp.me\/paFpWR-Xj","_links":{"self":[{"href":"https:\/\/bonettiassociados.com.br\/index.php\/wp-json\/wp\/v2\/posts\/3677"}],"collection":[{"href":"https:\/\/bonettiassociados.com.br\/index.php\/wp-json\/wp\/v2\/posts"}],"about":[{"href":"https:\/\/bonettiassociados.com.br\/index.php\/wp-json\/wp\/v2\/types\/post"}],"author":[{"embeddable":true,"href":"https:\/\/bonettiassociados.com.br\/index.php\/wp-json\/wp\/v2\/users\/6"}],"replies":[{"embeddable":true,"href":"https:\/\/bonettiassociados.com.br\/index.php\/wp-json\/wp\/v2\/comments?post=3677"}],"version-history":[{"count":1,"href":"https:\/\/bonettiassociados.com.br\/index.php\/wp-json\/wp\/v2\/posts\/3677\/revisions"}],"predecessor-version":[{"id":3678,"href":"https:\/\/bonettiassociados.com.br\/index.php\/wp-json\/wp\/v2\/posts\/3677\/revisions\/3678"}],"wp:attachment":[{"href":"https:\/\/bonettiassociados.com.br\/index.php\/wp-json\/wp\/v2\/media?parent=3677"}],"wp:term":[{"taxonomy":"category","embeddable":true,"href":"https:\/\/bonettiassociados.com.br\/index.php\/wp-json\/wp\/v2\/categories?post=3677"},{"taxonomy":"post_tag","embeddable":true,"href":"https:\/\/bonettiassociados.com.br\/index.php\/wp-json\/wp\/v2\/tags?post=3677"}],"curies":[{"name":"wp","href":"https:\/\/api.w.org\/{rel}","templated":true}]}}