{"id":3673,"date":"2019-07-29T11:24:24","date_gmt":"2019-07-29T14:24:24","guid":{"rendered":"http:\/\/bonettiassociados.com.br\/?p=3673"},"modified":"2019-07-29T11:24:24","modified_gmt":"2019-07-29T14:24:24","slug":"tributos-e-contribuicoes-federais-pgfn-notifica-contribuintes-com-parcelamentos-atrasados","status":"publish","type":"post","link":"https:\/\/bonettiassociados.com.br\/index.php\/2019\/07\/29\/tributos-e-contribuicoes-federais-pgfn-notifica-contribuintes-com-parcelamentos-atrasados\/","title":{"rendered":"TRIBUTOS E CONTRIBUI\u00c7\u00d5ES FEDERAIS &#8211; PGFN NOTIFICA CONTRIBUINTES COM PARCELAMENTOS ATRASADOS"},"content":{"rendered":"<p style=\"text-align: justify;\"><span style=\"font-family: arial, helvetica, sans-serif;\">Mais de 56 mil contribuintes foram notificados por meio da caixa de mensagens do Portal REGULARIZE.<\/span><!--more--><\/p>\n<p style=\"text-align: justify;\"><span style=\"font-family: arial, helvetica, sans-serif;\">A Procuradoria-Geral da Fazenda Nacional (PGFN) notificou, neste m\u00eas de julho, por meio da caixa de mensagens da Portal REGULARIZE, mais de 56 mil contribuintes com parcelamentos formalizados perante a PGFN, alertando a necessidade da regulariza\u00e7\u00e3o imediata das parcelas em atraso.<\/span><\/p>\n<p style=\"text-align: justify;\"><span style=\"font-family: arial, helvetica, sans-serif;\">As mensagens foram enviadas para contribuintes que acumularam duas parcelas atrasadas, optantes dos seguintes parcelamentos: Programa Especial de Regulariza\u00e7\u00e3o Tribut\u00e1ria \u2013 Simples Nacional (Pert-SN); Programa Especial de Regulariza\u00e7\u00e3o Tribut\u00e1ria (Pert); Programa de Est\u00edmulo \u00e0 Reestrutura\u00e7\u00e3o e ao Fortalecimento das Institui\u00e7\u00f5es de Ensino Superior (Proies); Programa de Regulariza\u00e7\u00e3o Tribut\u00e1rio (PRT); Programa de Moderniza\u00e7\u00e3o da Gest\u00e3o de Responsabilidade Fiscal do Futebol Brasileiro (PROFUT); Programa de Regulariza\u00e7\u00e3o de D\u00e9bitos Previdenci\u00e1rios dos Estados, Distrito Federal e Munic\u00edpios (PREM); Parcelamento Convencional \u2013 Lei n\u00ba 10.522\/2002 ; Programa de Regulariza\u00e7\u00e3o Tribut\u00e1ria Rural (PRR); Parcelamento Especial &#8211; Simples Nacional \u2013 Lei Complementar n\u00ba 155, de 2016; Parcelamento para empresas em Recupera\u00e7\u00e3o Judicial.<\/span><\/p>\n<p style=\"text-align: justify;\"><span style=\"font-family: arial, helvetica, sans-serif;\">Em regra, ao acumular tr\u00eas parcelas em atraso, o parcelamento \u00e9 rescindido, ficando o contribuinte sujeito \u00e0s consequ\u00eancias dos atos de cobran\u00e7a, tais como: protesto em cart\u00f3rio, negativa\u00e7\u00e3o em \u00f3rg\u00e3os de prote\u00e7\u00e3o a cr\u00e9dito e penhora de bens.<\/span><\/p>\n<p style=\"text-align: justify;\"><span style=\"font-family: arial, helvetica, sans-serif;\">Al\u00e9m disso, caso o parcelamento seja rescindido para eventual reparcelamento, o contribuinte dever\u00e1 pagar a primeira parcela equivalente a: 10% do total dos d\u00e9bitos consolidados, caso haja inscri\u00e7\u00e3o com hist\u00f3rico de somente um parcelamento anterior rescindido; ou 20% do total dos d\u00e9bitos consolidados, caso haja alguma inscri\u00e7\u00e3o com hist\u00f3rico de reparcelamento anterior.<\/span><\/p>\n<p style=\"text-align: justify;\"><span style=\"font-family: arial, helvetica, sans-serif;\">Esses valores s\u00e3o calculados automaticamente pelo Sistema de Parcelamento (SISPAR) no momento da emiss\u00e3o do Documento de Arrecada\u00e7\u00e3o de Receitas Federais (Darf) da primeira parcela do reparcelamento.<\/span><\/p>\n<p style=\"text-align: justify;\"><span style=\"font-family: arial, helvetica, sans-serif;\">Como proceder<\/span><\/p>\n<p style=\"text-align: justify;\"><span style=\"font-family: arial, helvetica, sans-serif;\">Para emitir mensalmente as parcelas, o contribuinte deve acessar, por meio do REGULARIZE, a op\u00e7\u00e3o Meus Parcelamentos &gt; ACESSAR O SISPAR &gt; menu DARF\/DAS.<\/span><\/p>\n<p style=\"text-align: justify;\"><span style=\"font-family: arial, helvetica, sans-serif;\">Outra op\u00e7\u00e3o para emiss\u00e3o da parcela, tamb\u00e9m no REGULARIZE, \u00e9 em Pagamento &gt; Emitir DARF\/DAS de parcela. Neste caso, deve ser informado o CPF\/CNPJ do contribuinte devedor e o n\u00famero da conta do parcelamento \u2014 que pode ser encontrado no campo \u201cN\u00famero de Refer\u00eancia&#8221; no Darf das parcelas e no recibo do parcelamento.<\/span><\/p>\n<p style=\"text-align: justify;\"><span style=\"font-family: arial, helvetica, sans-serif;\">A plataforma REGULARIZE est\u00e1 dispon\u00edvel para acesso de segunda a sexta-feira (exceto nos feriados nacionais), das 7h \u00e0s 21h (hor\u00e1rio de Bras\u00edlia).<\/span><\/p>\n<p style=\"text-align: justify;\"><span style=\"font-family: arial, helvetica, sans-serif;\">Contribui\u00e7\u00e3o da sociedade<\/span><\/p>\n<p style=\"text-align: justify;\"><span style=\"font-family: arial, helvetica, sans-serif;\">Para consultar quais contribuintes est\u00e3o cumprindo com o compromisso de pagar as presta\u00e7\u00f5es dos parcelamentos formalizados perante a PGFN, o cidad\u00e3o pode recorrer ao Painel dos Parcelamentos. O painel \u00e9 atualizado mensalmente e os dados obtidos podem ser exportados em formato de planilha Excel ou PDF.<\/span><\/p>\n<p style=\"text-align: justify;\"><span style=\"font-family: arial, helvetica, sans-serif;\"><strong>FONTE: PGFN<\/strong><\/span><\/p>\n","protected":false},"excerpt":{"rendered":"<p>Mais de 56 mil contribuintes foram notificados por meio da [&hellip;]<\/p>\n","protected":false},"author":6,"featured_media":0,"comment_status":"closed","ping_status":"open","sticky":false,"template":"","format":"standard","meta":{"jetpack_post_was_ever_published":false,"_jetpack_newsletter_access":"","_jetpack_dont_email_post_to_subs":false,"_jetpack_newsletter_tier_id":0,"_jetpack_memberships_contains_paywalled_content":false,"footnotes":"","_jetpack_memberships_contains_paid_content":false,"jetpack_publicize_message":"","jetpack_publicize_feature_enabled":true,"jetpack_social_post_already_shared":true,"jetpack_social_options":{"image_generator_settings":{"template":"highway","enabled":false}}},"categories":[2],"tags":[],"jetpack_publicize_connections":[],"jetpack_featured_media_url":"","jetpack_sharing_enabled":true,"jetpack_shortlink":"https:\/\/wp.me\/paFpWR-Xf","_links":{"self":[{"href":"https:\/\/bonettiassociados.com.br\/index.php\/wp-json\/wp\/v2\/posts\/3673"}],"collection":[{"href":"https:\/\/bonettiassociados.com.br\/index.php\/wp-json\/wp\/v2\/posts"}],"about":[{"href":"https:\/\/bonettiassociados.com.br\/index.php\/wp-json\/wp\/v2\/types\/post"}],"author":[{"embeddable":true,"href":"https:\/\/bonettiassociados.com.br\/index.php\/wp-json\/wp\/v2\/users\/6"}],"replies":[{"embeddable":true,"href":"https:\/\/bonettiassociados.com.br\/index.php\/wp-json\/wp\/v2\/comments?post=3673"}],"version-history":[{"count":1,"href":"https:\/\/bonettiassociados.com.br\/index.php\/wp-json\/wp\/v2\/posts\/3673\/revisions"}],"predecessor-version":[{"id":3674,"href":"https:\/\/bonettiassociados.com.br\/index.php\/wp-json\/wp\/v2\/posts\/3673\/revisions\/3674"}],"wp:attachment":[{"href":"https:\/\/bonettiassociados.com.br\/index.php\/wp-json\/wp\/v2\/media?parent=3673"}],"wp:term":[{"taxonomy":"category","embeddable":true,"href":"https:\/\/bonettiassociados.com.br\/index.php\/wp-json\/wp\/v2\/categories?post=3673"},{"taxonomy":"post_tag","embeddable":true,"href":"https:\/\/bonettiassociados.com.br\/index.php\/wp-json\/wp\/v2\/tags?post=3673"}],"curies":[{"name":"wp","href":"https:\/\/api.w.org\/{rel}","templated":true}]}}