{"id":3661,"date":"2019-07-26T11:35:45","date_gmt":"2019-07-26T14:35:45","guid":{"rendered":"http:\/\/bonettiassociados.com.br\/?p=3661"},"modified":"2019-07-26T11:35:45","modified_gmt":"2019-07-26T14:35:45","slug":"projeto-altera-data-para-deposito-do-fgts-na-conta-do-empregado","status":"publish","type":"post","link":"https:\/\/bonettiassociados.com.br\/index.php\/2019\/07\/26\/projeto-altera-data-para-deposito-do-fgts-na-conta-do-empregado\/","title":{"rendered":"PROJETO ALTERA DATA PARA DEP\u00d3SITO DO FGTS NA CONTA DO EMPREGADO"},"content":{"rendered":"<p style=\"text-align: justify;\"><span style=\"font-family: arial, helvetica, sans-serif;\">O Projeto de Lei 2682\/19, que tramita na C\u00e2mara dos Deputados.<\/span><!--more--><\/p>\n<p style=\"text-align: justify;\"><span style=\"font-family: arial, helvetica, sans-serif;\">O Projeto de Lei 2682\/19 transfere, do dia 7 para o dia 20 de cada m\u00eas, a data final para que o empregador fa\u00e7a o dep\u00f3sito do Fundo de Garantia do Tempo de Servi\u00e7o (FGTS) na conta vinculada do empregado. A proposta tramita na C\u00e2mara dos Deputados.<\/span><\/p>\n<p style=\"text-align: justify;\"><span style=\"font-family: arial, helvetica, sans-serif;\">De autoria do deputado Sanderson (PSL-RS), o projeto altera a lei que regulamenta o FGTS (8.036\/90). A lei determina que as empresas devem depositar mensalmente, at\u00e9 o dia 7, o correspondente a 8% do sal\u00e1rio mensal dos empregados na conta do FGTS.<\/span><\/p>\n<p style=\"text-align: justify;\"><span style=\"font-family: arial, helvetica, sans-serif;\">Sanderson prop\u00f4s alterar a data do dep\u00f3sito para combinar com a do recolhimento da contribui\u00e7\u00e3o previdenci\u00e1ria, que pela Lei 8.212\/91 deve ocorrer at\u00e9 o dia 20 de cada m\u00eas. O deputado afirma que a mudan\u00e7a n\u00e3o traz preju\u00edzo para os trabalhadores e simplifica as obriga\u00e7\u00f5es das empresas.<\/span><\/p>\n<p style=\"text-align: justify;\"><span style=\"font-family: arial, helvetica, sans-serif;\">Tramita\u00e7\u00e3o<\/span><\/p>\n<p style=\"text-align: justify;\"><span style=\"font-family: arial, helvetica, sans-serif;\">O projeto ser\u00e1 analisado em car\u00e1ter conclusivo pelas comiss\u00f5es de Trabalho, de Administra\u00e7\u00e3o e Servi\u00e7o P\u00fablico; de Finan\u00e7as e Tributa\u00e7\u00e3o; e de Constitui\u00e7\u00e3o e Justi\u00e7a e de Cidadania.<\/span><\/p>\n<p style=\"text-align: justify;\"><span style=\"font-family: arial, helvetica, sans-serif;\"><strong>FONTE: Ag\u00eancia C\u00e2mara Not\u00edcias<\/strong><\/span><\/p>\n","protected":false},"excerpt":{"rendered":"<p>O Projeto de Lei 2682\/19, que tramita na C\u00e2mara dos [&hellip;]<\/p>\n","protected":false},"author":6,"featured_media":0,"comment_status":"closed","ping_status":"open","sticky":false,"template":"","format":"standard","meta":{"jetpack_post_was_ever_published":false,"_jetpack_newsletter_access":"","_jetpack_dont_email_post_to_subs":false,"_jetpack_newsletter_tier_id":0,"_jetpack_memberships_contains_paywalled_content":false,"footnotes":"","_jetpack_memberships_contains_paid_content":false,"jetpack_publicize_message":"","jetpack_publicize_feature_enabled":true,"jetpack_social_post_already_shared":true,"jetpack_social_options":{"image_generator_settings":{"template":"highway","enabled":false}}},"categories":[2],"tags":[],"jetpack_publicize_connections":[],"jetpack_featured_media_url":"","jetpack_sharing_enabled":true,"jetpack_shortlink":"https:\/\/wp.me\/paFpWR-X3","_links":{"self":[{"href":"https:\/\/bonettiassociados.com.br\/index.php\/wp-json\/wp\/v2\/posts\/3661"}],"collection":[{"href":"https:\/\/bonettiassociados.com.br\/index.php\/wp-json\/wp\/v2\/posts"}],"about":[{"href":"https:\/\/bonettiassociados.com.br\/index.php\/wp-json\/wp\/v2\/types\/post"}],"author":[{"embeddable":true,"href":"https:\/\/bonettiassociados.com.br\/index.php\/wp-json\/wp\/v2\/users\/6"}],"replies":[{"embeddable":true,"href":"https:\/\/bonettiassociados.com.br\/index.php\/wp-json\/wp\/v2\/comments?post=3661"}],"version-history":[{"count":1,"href":"https:\/\/bonettiassociados.com.br\/index.php\/wp-json\/wp\/v2\/posts\/3661\/revisions"}],"predecessor-version":[{"id":3662,"href":"https:\/\/bonettiassociados.com.br\/index.php\/wp-json\/wp\/v2\/posts\/3661\/revisions\/3662"}],"wp:attachment":[{"href":"https:\/\/bonettiassociados.com.br\/index.php\/wp-json\/wp\/v2\/media?parent=3661"}],"wp:term":[{"taxonomy":"category","embeddable":true,"href":"https:\/\/bonettiassociados.com.br\/index.php\/wp-json\/wp\/v2\/categories?post=3661"},{"taxonomy":"post_tag","embeddable":true,"href":"https:\/\/bonettiassociados.com.br\/index.php\/wp-json\/wp\/v2\/tags?post=3661"}],"curies":[{"name":"wp","href":"https:\/\/api.w.org\/{rel}","templated":true}]}}