{"id":3651,"date":"2019-07-26T11:25:57","date_gmt":"2019-07-26T14:25:57","guid":{"rendered":"http:\/\/bonettiassociados.com.br\/?p=3651"},"modified":"2019-07-26T11:25:57","modified_gmt":"2019-07-26T14:25:57","slug":"itau-e-btg-conseguem-no-carf-afastar-tributacao-sobre-bonus-de-contratacao","status":"publish","type":"post","link":"https:\/\/bonettiassociados.com.br\/index.php\/2019\/07\/26\/itau-e-btg-conseguem-no-carf-afastar-tributacao-sobre-bonus-de-contratacao\/","title":{"rendered":"ITA\u00da E BTG CONSEGUEM NO CARF AFASTAR TRIBUTA\u00c7\u00c3O SOBRE B\u00d4NUS DE CONTRATA\u00c7\u00c3O"},"content":{"rendered":"<p style=\"text-align: justify;\"><span style=\"font-family: arial, helvetica, sans-serif;\">Advogado Leandro Cabral: decis\u00f5es dos conselheiros mostram que a verba n\u00e3o \u00e9 tribut\u00e1vel na sua ess\u00eancia.<\/span><!--more--><\/p>\n<p style=\"text-align: justify;\"><span style=\"font-family: arial, helvetica, sans-serif;\">Os contribuintes obtiveram, neste ano, as primeiras vit\u00f3rias no Conselho Administrativo de Recursos Fiscais (Carf) sobre o b\u00f4nus de contrata\u00e7\u00e3o. Existem ao menos dois casos julgados pela 2\u00aa Turma da C\u00e2mara Superior, \u00faltima inst\u00e2ncia do tribunal, afastando a incid\u00eancia da contribui\u00e7\u00e3o previdenci\u00e1ria sobre esses valores.<\/span><\/p>\n<p style=\"text-align: justify;\"><span style=\"font-family: arial, helvetica, sans-serif;\">Uma das decis\u00f5es beneficiou o BTG Pactual, no m\u00eas de fevereiro. A outra, nesta semana, foi favor\u00e1vel \u00e0 Ita\u00fa Corretora de Valores. O b\u00f4nus de contrata\u00e7\u00e3o, tamb\u00e9m conhecido como hiring b\u00f4nus ou luvas, \u00e9 muito usado pelo mercado financeiro.<\/span><\/p>\n<p style=\"text-align: justify;\"><span style=\"font-family: arial, helvetica, sans-serif;\">As empresas utilizam como um atrativo para a contrata\u00e7\u00e3o de profissionais altamente qualificados. Funciona, segundo advogados, como uma indeniza\u00e7\u00e3o &#8211; para cobrir eventuais perdas que ele teria ao deixar a outra empresa, como verbas rescis\u00f3rias e os 40% de multa do FGTS no caso de ser demitido ou mesmo algum tipo de pr\u00eamio por tempo de servi\u00e7o.<\/span><\/p>\n<p style=\"text-align: justify;\"><span style=\"font-family: arial, helvetica, sans-serif;\">S\u00f3 que a Receita Federal tem um posicionamento bastante restritivo em rela\u00e7\u00e3o ao pagamento desses valores. Entende tratar-se de um adiantamento por um compromisso futuro assumido pelo empregado e, por estar vinculado a trabalho, deve integrar a base de c\u00e1lculo das contribui\u00e7\u00f5es previdenci\u00e1rias (cota patronal e de terceiros, cuja al\u00edquota \u00e9 de aproximadamente 26%).<\/span><\/p>\n<p style=\"text-align: justify;\"><span style=\"font-family: arial, helvetica, sans-serif;\">Esse posicionamento vem sendo chancelado pelo Carf desde a nova composi\u00e7\u00e3o, ap\u00f3s a Opera\u00e7\u00e3o Zelotes. \u00c9 por isso que as duas decis\u00f5es s\u00e3o vistas como &#8220;extremamente relevantes&#8221; pelo mercado. &#8220;O Carf est\u00e1 mostrando que a verba n\u00e3o \u00e9 tribut\u00e1vel na sua ess\u00eancia&#8221;, diz o advogado Leandro Cabral, s\u00f3cio no escrit\u00f3rio Velloza e representante do BTG Pactual no caso julgado pelo tribunal administrativo.<\/span><\/p>\n<p style=\"text-align: justify;\"><span style=\"font-family: arial, helvetica, sans-serif;\">Nos dois processos, do BTG e da Ita\u00fa Corretora de Valores, os conselheiros entenderam que a fiscaliza\u00e7\u00e3o deveria ter demonstrado, por meio de provas fiscais, que o b\u00f4nus de contrata\u00e7\u00e3o estava vinculado ao trabalho &#8211; o que, em ambos, n\u00e3o aconteceu.<\/span><\/p>\n<p style=\"text-align: justify;\"><span style=\"font-family: arial, helvetica, sans-serif;\">No caso do BTG, por exemplo, que foi julgado pela C\u00e2mara Superior em fevereiro, os conselheiros afirmaram que n\u00e3o havia ind\u00edcios, no relat\u00f3rio fiscal de autua\u00e7\u00e3o, da exist\u00eancia de contrapartidas. A empresa, segundo a relatora, a conselheira Maria Helena Cotta Cardozo, representante da Fazenda, n\u00e3o imp\u00f4s condicionantes ao profissional.<\/span><\/p>\n<p style=\"text-align: justify;\"><span style=\"font-family: arial, helvetica, sans-serif;\">Ela levou em conta ainda o fato de o pagamento ter sido realizado antes de qualquer presta\u00e7\u00e3o de servi\u00e7o. Com base em seu voto, a turma entendeu, de forma un\u00e2nime, que o b\u00f4nus de contrata\u00e7\u00e3o teve natureza indenizat\u00f3ria, como defendia o contribuinte, e n\u00e3o remunerat\u00f3ria. O processo (n\u00ba 19515.001052\/2009-78) j\u00e1 transitou em julgado &#8211; ou seja, n\u00e3o cabem mais recursos.<\/span><\/p>\n<p style=\"text-align: justify;\"><span style=\"font-family: arial, helvetica, sans-serif;\">J\u00e1 o processo da Ita\u00fa Corretora de Valores (n\u00ba 16327.720438\/20 14-7) foi encerrado, nesta semana, com o placar de cinco a tr\u00eas. Dos cinco conselheiros que votaram por afastar a incid\u00eancia da contribui\u00e7\u00e3o previdenci\u00e1ria, quatro s\u00e3o representantes dos contribuintes e um da Fazenda. Mirian Denise Xavier, convocada como suplente, foi a \u00fanica entre os 26\/07\/2019 Ita\u00fa e BTG conseguem no Carf afastar tributa\u00e7\u00e3o sobre b\u00f4nus de contrata\u00e7\u00e3o auditores fiscais a acompanhar o entendimento.<\/span><\/p>\n<p style=\"text-align: justify;\"><span style=\"font-family: arial, helvetica, sans-serif;\">Para a conselheira, faltou um detalhamento do fiscal que caracterizasse a verba como remunerat\u00f3ria. Ela citou que n\u00e3o havia ficado demonstrado, por exemplo, que no contrato de trabalho havia cl\u00e1usula com previs\u00e3o de multa, como devolu\u00e7\u00e3o do que foi recebido caso o empregado deixasse a empresa. A Fazenda, nesse caso, ainda pode apresentar embargos de declara\u00e7\u00e3o \u00e0 2\u00aa Turma da C\u00e2mara Superior.<\/span><\/p>\n<p style=\"text-align: justify;\"><span style=\"font-family: arial, helvetica, sans-serif;\">&#8220;Ficou mais claro, com essas duas decis\u00f5es, que a incid\u00eancia ou n\u00e3o das contribui\u00e7\u00f5es previdenci\u00e1rias vai depender das provas que constam nos autos e da abordagem da fiscaliza\u00e7\u00e3o&#8221;, diz o advogado Carlos Vidigal, coordenador da \u00e1rea tribut\u00e1ria do escrit\u00f3rio Vinhas e Redenschi.<\/span><\/p>\n<p style=\"text-align: justify;\"><span style=\"font-family: arial, helvetica, sans-serif;\">Ele pondera, no entanto, que as an\u00e1lises envolvendo o b\u00f4nus de contrata\u00e7\u00e3o s\u00e3o feitas muito caso a caso. &#8220;N\u00e3o \u00e9 que o Carf tenha dito que nunca mais vai cobrar&#8221;, frisa. &#8220;Mas abre-se um caminho ao contribuinte. Se o b\u00f4nus de contrata\u00e7\u00e3o for anterior ao contrato de trabalho e se n\u00e3o estiver vinculado \u00e0 presta\u00e7\u00e3o de servi\u00e7o, como metas e prazos de perman\u00eancia na empresa, o contribuinte tem chances de \u00eaxito.&#8221;<\/span><\/p>\n<p style=\"text-align: justify;\"><span style=\"font-family: arial, helvetica, sans-serif;\">Especialista na \u00e1rea de tributa\u00e7\u00e3o, o advogado Tiago Conde, s\u00f3cio do escrit\u00f3rio Sacha Calmon, chama a aten\u00e7\u00e3o que essas decis\u00f5es s\u00e3o importantes ainda porque possibilitam que outros contribuintes que discutem o mesmo tema tamb\u00e9m consigam levar os seus recursos para a C\u00e2mara Superior. &#8220;Poder\u00e3o ser usadas como paradigma&#8221;, diz. E, acrescenta, poder\u00e3o servir de orienta\u00e7\u00e3o sobre como as empresas devem proceder nos novos contratos.<\/span><\/p>\n<p style=\"text-align: justify;\"><span style=\"font-family: arial, helvetica, sans-serif;\">Em nota, a Procuradoria-Geral da Fazenda Nacional (PGFN) afirma que os julgamentos n\u00e3o abordaram a tese da &#8220;incid\u00eancia da contribui\u00e7\u00e3o previdenci\u00e1ria sobre o pagamento do b\u00f4nus de contrata\u00e7\u00e3o&#8221;. Os conselheiros, na vis\u00e3o do \u00f3rg\u00e3o, teriam reconhecido que &#8220;os b\u00f4nus pagos n\u00e3o eram relativos \u00e0 contrata\u00e7\u00e3o do empregado&#8221;.<\/span><\/p>\n<p style=\"text-align: justify;\"><span style=\"font-family: arial, helvetica, sans-serif;\">&#8220;Vale destacar, por oportuno, que a C\u00e2mara Superior tem entendimento de que, em tese, a contribui\u00e7\u00e3o previdenci\u00e1ria incide sobre o pagamento de b\u00f4nus de contrata\u00e7\u00e3o&#8221;, diz na nota a PGFN, que analisar\u00e1 a possibilidade de recurso no caso da Ita\u00fa Corretora de Valores.<\/span><\/p>\n<p style=\"text-align: justify;\"><span style=\"font-family: arial, helvetica, sans-serif;\">J\u00e1 a Ita\u00fa afirma, tamb\u00e9m por meio de nota, que a decis\u00e3o &#8220;confirmou que a autua\u00e7\u00e3o era indevida, reconhecendo a legitimidade da interpreta\u00e7\u00e3o da empresa&#8221;.<\/span><\/p>\n<p style=\"text-align: justify;\"><span style=\"font-family: arial, helvetica, sans-serif;\"><strong>FONTE: Valor Econ\u00f4mico &#8211; Por Joice Bacelo<\/strong><\/span><\/p>\n","protected":false},"excerpt":{"rendered":"<p>Advogado Leandro Cabral: decis\u00f5es dos conselheiros mostram que a verba [&hellip;]<\/p>\n","protected":false},"author":6,"featured_media":0,"comment_status":"closed","ping_status":"open","sticky":false,"template":"","format":"standard","meta":{"jetpack_post_was_ever_published":false,"_jetpack_newsletter_access":"","_jetpack_dont_email_post_to_subs":false,"_jetpack_newsletter_tier_id":0,"_jetpack_memberships_contains_paywalled_content":false,"footnotes":"","_jetpack_memberships_contains_paid_content":false,"jetpack_publicize_message":"","jetpack_publicize_feature_enabled":true,"jetpack_social_post_already_shared":true,"jetpack_social_options":{"image_generator_settings":{"template":"highway","enabled":false}}},"categories":[2],"tags":[],"jetpack_publicize_connections":[],"jetpack_featured_media_url":"","jetpack_sharing_enabled":true,"jetpack_shortlink":"https:\/\/wp.me\/paFpWR-WT","_links":{"self":[{"href":"https:\/\/bonettiassociados.com.br\/index.php\/wp-json\/wp\/v2\/posts\/3651"}],"collection":[{"href":"https:\/\/bonettiassociados.com.br\/index.php\/wp-json\/wp\/v2\/posts"}],"about":[{"href":"https:\/\/bonettiassociados.com.br\/index.php\/wp-json\/wp\/v2\/types\/post"}],"author":[{"embeddable":true,"href":"https:\/\/bonettiassociados.com.br\/index.php\/wp-json\/wp\/v2\/users\/6"}],"replies":[{"embeddable":true,"href":"https:\/\/bonettiassociados.com.br\/index.php\/wp-json\/wp\/v2\/comments?post=3651"}],"version-history":[{"count":1,"href":"https:\/\/bonettiassociados.com.br\/index.php\/wp-json\/wp\/v2\/posts\/3651\/revisions"}],"predecessor-version":[{"id":3652,"href":"https:\/\/bonettiassociados.com.br\/index.php\/wp-json\/wp\/v2\/posts\/3651\/revisions\/3652"}],"wp:attachment":[{"href":"https:\/\/bonettiassociados.com.br\/index.php\/wp-json\/wp\/v2\/media?parent=3651"}],"wp:term":[{"taxonomy":"category","embeddable":true,"href":"https:\/\/bonettiassociados.com.br\/index.php\/wp-json\/wp\/v2\/categories?post=3651"},{"taxonomy":"post_tag","embeddable":true,"href":"https:\/\/bonettiassociados.com.br\/index.php\/wp-json\/wp\/v2\/tags?post=3651"}],"curies":[{"name":"wp","href":"https:\/\/api.w.org\/{rel}","templated":true}]}}