{"id":3636,"date":"2019-07-25T11:24:58","date_gmt":"2019-07-25T14:24:58","guid":{"rendered":"http:\/\/bonettiassociados.com.br\/?p=3636"},"modified":"2019-07-25T11:24:58","modified_gmt":"2019-07-25T14:24:58","slug":"esocial-prazo-de-utilizacao-da-grf-e-grrf-e-prorrogado","status":"publish","type":"post","link":"https:\/\/bonettiassociados.com.br\/index.php\/2019\/07\/25\/esocial-prazo-de-utilizacao-da-grf-e-grrf-e-prorrogado\/","title":{"rendered":"ESOCIAL: PRAZO DE UTILIZA\u00c7\u00c3O DA GRF E GRRF \u00c9 PRORROGADO"},"content":{"rendered":"<p style=\"text-align: justify;\"><span style=\"font-family: arial, helvetica, sans-serif;\">Nova circular da Caixa prorroga o prazo de utiliza\u00e7\u00e3o da GRF e GRRF por tempo indeterminado.<\/span><!--more--><\/p>\n<p style=\"text-align: justify;\"><span style=\"font-family: arial, helvetica, sans-serif;\">A Caixa Econ\u00f4mica Federal publicou a circular 865 que prorroga a utiliza\u00e7\u00e3o da GRF &#8211; Guia de Recolhimento FGTS e GRRF &#8211; Guia de Recolhimento Rescis\u00f3rio do FGTS para todos os grupos do eSocial por prazo indeterminado.<\/span><\/p>\n<p style=\"text-align: justify;\"><span style=\"font-family: arial, helvetica, sans-serif;\">As guias estavam sendo utilizadas durante a fase de adapta\u00e7\u00e3o do eSocial e deveriam ter sido substitu\u00eddas nos grupos 1 e 2 no in\u00edcio do ano, mas tamb\u00e9m foram prorrogadas pelas Circulares 843 e 858, que estabeleciam:<\/span><\/p>\n<p style=\"text-align: justify;\"><span style=\"font-family: arial, helvetica, sans-serif;\">Grupo 1 \u2013 o prazo previsto era a partir de Agosto\/2019, conforme Circular CAIXA n\u00ba 843, de 29 de janeiro de 2019;<\/span><\/p>\n<p style=\"text-align: justify;\"><span style=\"font-family: arial, helvetica, sans-serif;\">Grupo 2 \u2013 o prazo previsto era a partir de Novembro\/2019, conforme Circular CAIXA n\u00ba 858, de 30 de abril de 2019.<\/span><\/p>\n<p style=\"text-align: justify;\"><span style=\"font-family: arial, helvetica, sans-serif;\">No entanto nesta quarta-feira, 24, a Caixa divulgou uma nova Circular 856\/2019 revogando as circulares citadas acima. De acordo com as novas normas, o empregador poder\u00e1:<\/span><\/p>\n<p style=\"text-align: justify;\"><span style=\"font-family: arial, helvetica, sans-serif;\">Utilizar a GRF emitida pelo SEFIP por prazo indeterminado;<\/span><\/p>\n<p style=\"text-align: justify;\"><span style=\"font-family: arial, helvetica, sans-serif;\">Utilizar a GRRF para recolhimento rescis\u00f3rio nos desligamentos de contrato de trabalho, por prazo indeterminado.<\/span><\/p>\n<p style=\"text-align: justify;\"><span style=\"font-family: arial, helvetica, sans-serif;\">Portanto, todas empresas, do grupo 1 ao 4 do eSocial, poder\u00e3o utilizar a GRF e a GRRF por tempo indeterminado, at\u00e9 que uma nova circular CAIXA estabele\u00e7a nova obrigatoriedade.<\/span><\/p>\n<p style=\"text-align: justify;\"><span style=\"font-family: arial, helvetica, sans-serif;\">Confira na \u00edntegra<\/span><\/p>\n<p style=\"text-align: justify;\"><span style=\"font-family: arial, helvetica, sans-serif;\">CIRCULAR CAIXA N\u00ba 865, de 23 de julho de 2019<\/span><\/p>\n<p style=\"text-align: justify;\"><span style=\"font-family: arial, helvetica, sans-serif;\">Disp\u00f5e sobre os procedimentos pertinentes \u00e0 gera\u00e7\u00e3o e arrecada\u00e7\u00e3o da guia de recolhimento mensal e rescis\u00f3rio do FGTS durante per\u00edodo de adapta\u00e7\u00e3o \u00e0 obrigatoriedade de presta\u00e7\u00e3o de informa\u00e7\u00f5es pelo eSocial.<\/span><\/p>\n<p style=\"text-align: justify;\"><span style=\"font-family: arial, helvetica, sans-serif;\">A Caixa Econ\u00f4mica Federal &#8211; CAIXA, na qualidade de Agente Operador do Fundo de Garantia do tempo de servi\u00e7o &#8211; FGTS, no uso das atribui\u00e7\u00f5es que lhe s\u00e3o conferidas pelo artigo 7\u00ba, inciso II, da Lei n\u00ba 8.036, de 11\/05\/1990, e de acordo com o Regulamento Consolidado do FGTS, aprovado pelo Decreto n\u00ba 99.684, de 08\/11\/1990, alterado pelo Decreto n\u00ba 1.522, de 13\/06\/1995, em conson\u00e2ncia com a Lei n\u00ba 9.012, de 11\/03\/1995 e com o Decreto n\u00b0 8.373, de 11\/12\/2014, em especial ao que estabelece o seu Art. 8\u00ba, publica a presente Circular.<\/span><\/p>\n<p style=\"text-align: justify;\"><span style=\"font-family: arial, helvetica, sans-serif;\">1 Divulga orienta\u00e7\u00e3o acerca dos prazos a serem observados pelos empregadores, pertinentes \u00e0 gera\u00e7\u00e3o e arrecada\u00e7\u00e3o das guias mensais e rescis\u00f3rias do FGTS, durante per\u00edodo de adapta\u00e7\u00e3o \u00e0 obrigatoriedade de presta\u00e7\u00e3o de informa\u00e7\u00f5es por meio do eSocial.<\/span><\/p>\n<p style=\"text-align: justify;\"><span style=\"font-family: arial, helvetica, sans-serif;\">1.1 Para tanto, observados os procedimentos contidos no &#8220;Manual de Orienta\u00e7\u00e3o ao Empregador &#8211; Recolhimentos Mensais e Rescis\u00f3rios ao FGTS e das Contribui\u00e7\u00f5es Sociais&#8221;, divulgado no site da CAIXA, poder\u00e1 o empregador:<\/span><\/p>\n<ol style=\"text-align: justify;\">\n<li><span style=\"font-family: arial, helvetica, sans-serif;\">Utilizar a GRF emitida pelo SEFIP por prazo indeterminado;<\/span><\/li>\n<li><span style=\"font-family: arial, helvetica, sans-serif;\">Utilizar a GRRF para recolhimento rescis\u00f3rio nos desligamentos de contratos de trabalho, por prazo indeterminado.<\/span><\/li>\n<\/ol>\n<p style=\"text-align: justify;\"><span style=\"font-family: arial, helvetica, sans-serif;\">1.2 A presente Circular alcan\u00e7a os empregadores caracterizados nos incisos I, II, III e IV do artigo 2\u00ba da Portaria Minist\u00e9rio da Economia\/Secretaria Especial de Previd\u00eancia e Trabalho\/Secretaria de Previd\u00eancia n\u00ba 716, de 04 de julho de 2019.<\/span><\/p>\n<p style=\"text-align: justify;\"><span style=\"font-family: arial, helvetica, sans-serif;\">2 Esta Circular entra em vigor na data de sua publica\u00e7\u00e3o e revoga a Circular CAIXA n\u00ba 843, de 29 de janeiro de 2019 e a Circular CAIXA n\u00ba 858, de 30 de abril de 2019.<\/span><\/p>\n<p style=\"text-align: justify;\"><span style=\"font-family: arial, helvetica, sans-serif;\">EDILSON CARROGI RIBEIRO VIANNA<\/span><\/p>\n<p style=\"text-align: justify;\"><span style=\"font-family: arial, helvetica, sans-serif;\">Diretor<\/span><\/p>\n<p style=\"text-align: justify;\"><span style=\"font-family: arial, helvetica, sans-serif;\">(DOU de 24.07.2019 &#8211; p\u00e1g. 66 &#8211; Se\u00e7\u00e3o 1)<\/span><\/p>\n<p style=\"text-align: justify;\"><span style=\"font-family: arial, helvetica, sans-serif;\"><strong>FONTE: Portal Cont\u00e1beis e DOU<\/strong><\/span><\/p>\n","protected":false},"excerpt":{"rendered":"<p>Nova circular da Caixa prorroga o prazo de utiliza\u00e7\u00e3o da [&hellip;]<\/p>\n","protected":false},"author":6,"featured_media":0,"comment_status":"closed","ping_status":"open","sticky":false,"template":"","format":"standard","meta":{"jetpack_post_was_ever_published":false,"_jetpack_newsletter_access":"","_jetpack_dont_email_post_to_subs":false,"_jetpack_newsletter_tier_id":0,"_jetpack_memberships_contains_paywalled_content":false,"footnotes":"","_jetpack_memberships_contains_paid_content":false,"jetpack_publicize_message":"","jetpack_publicize_feature_enabled":true,"jetpack_social_post_already_shared":true,"jetpack_social_options":{"image_generator_settings":{"template":"highway","enabled":false}}},"categories":[2],"tags":[],"jetpack_publicize_connections":[],"jetpack_featured_media_url":"","jetpack_sharing_enabled":true,"jetpack_shortlink":"https:\/\/wp.me\/paFpWR-WE","_links":{"self":[{"href":"https:\/\/bonettiassociados.com.br\/index.php\/wp-json\/wp\/v2\/posts\/3636"}],"collection":[{"href":"https:\/\/bonettiassociados.com.br\/index.php\/wp-json\/wp\/v2\/posts"}],"about":[{"href":"https:\/\/bonettiassociados.com.br\/index.php\/wp-json\/wp\/v2\/types\/post"}],"author":[{"embeddable":true,"href":"https:\/\/bonettiassociados.com.br\/index.php\/wp-json\/wp\/v2\/users\/6"}],"replies":[{"embeddable":true,"href":"https:\/\/bonettiassociados.com.br\/index.php\/wp-json\/wp\/v2\/comments?post=3636"}],"version-history":[{"count":1,"href":"https:\/\/bonettiassociados.com.br\/index.php\/wp-json\/wp\/v2\/posts\/3636\/revisions"}],"predecessor-version":[{"id":3637,"href":"https:\/\/bonettiassociados.com.br\/index.php\/wp-json\/wp\/v2\/posts\/3636\/revisions\/3637"}],"wp:attachment":[{"href":"https:\/\/bonettiassociados.com.br\/index.php\/wp-json\/wp\/v2\/media?parent=3636"}],"wp:term":[{"taxonomy":"category","embeddable":true,"href":"https:\/\/bonettiassociados.com.br\/index.php\/wp-json\/wp\/v2\/categories?post=3636"},{"taxonomy":"post_tag","embeddable":true,"href":"https:\/\/bonettiassociados.com.br\/index.php\/wp-json\/wp\/v2\/tags?post=3636"}],"curies":[{"name":"wp","href":"https:\/\/api.w.org\/{rel}","templated":true}]}}