{"id":3632,"date":"2019-07-25T11:21:38","date_gmt":"2019-07-25T14:21:38","guid":{"rendered":"http:\/\/bonettiassociados.com.br\/?p=3632"},"modified":"2019-07-25T11:21:38","modified_gmt":"2019-07-25T14:21:38","slug":"conselho-mantem-tributacao-de-plr-do-itau","status":"publish","type":"post","link":"https:\/\/bonettiassociados.com.br\/index.php\/2019\/07\/25\/conselho-mantem-tributacao-de-plr-do-itau\/","title":{"rendered":"CONSELHO MANT\u00c9M TRIBUTA\u00c7\u00c3O DE PLR DO ITA\u00da"},"content":{"rendered":"<p style=\"text-align: justify;\"><span style=\"font-family: arial, helvetica, sans-serif;\">O caso envolve R$ 877 milh\u00f5es, segundo consta no formul\u00e1rio de refer\u00eancia do banco.<\/span><!--more--><\/p>\n<p style=\"text-align: justify;\"><span style=\"font-family: arial, helvetica, sans-serif;\">A C\u00e2mara Superior do Conselho Administrativo de Recursos Fiscais (Carf) manteve uma cobran\u00e7a de contribui\u00e7\u00e3o previdenci\u00e1ria sobre desembolsos feitos pelo Ita\u00fa Unibanco para o pagamento de participa\u00e7\u00e3o nos lucros e resultados (PLR) e de b\u00f4nus de contrata\u00e7\u00e3o (hiring b\u00f4nus). O caso envolve R$ 877 milh\u00f5es, segundo consta no formul\u00e1rio de refer\u00eancia do banco.<\/span><\/p>\n<p style=\"text-align: justify;\"><span style=\"font-family: arial, helvetica, sans-serif;\">Os conselheiros da 2\u00aa Turma sequer analisaram o m\u00e9rito. Eles n\u00e3o conheceram do recurso apresentado pelo banco porque tratava somente de uma das condi\u00e7\u00f5es que foram julgadas pela inst\u00e2ncia anterior (processo n\u00ba 16327.721481\/2012-90).<\/span><\/p>\n<p style=\"text-align: justify;\"><span style=\"font-family: arial, helvetica, sans-serif;\">O Ita\u00fa tentava reverter decis\u00e3o da 2\u00aa Turma da 2\u00aa C\u00e2mara da 2\u00aa Se\u00e7\u00e3o que havia validado a cobran\u00e7a de contribui\u00e7\u00f5es previdenci\u00e1rias &#8211; cota patronal e de terceiros &#8211; sobre pagamentos de PLR e de b\u00f4nus de contrata\u00e7\u00e3o realizados entre os anos de 2007 e 2008<\/span><\/p>\n<p style=\"text-align: justify;\"><span style=\"font-family: arial, helvetica, sans-serif;\">Os planos de PLR est\u00e3o previstos na Constitui\u00e7\u00e3o Federal e foram regulamentados, no ano 2000, pela Lei n\u00ba 10.101. A turma, quando julgou esse caso, entendeu que a institui\u00e7\u00e3o financeira n\u00e3o havia cumprido alguns requisitos que s\u00e3o necess\u00e1rios para que se tenha a isen\u00e7\u00e3o das contribui\u00e7\u00f5es previdenci\u00e1rias.<\/span><\/p>\n<p style=\"text-align: justify;\"><span style=\"font-family: arial, helvetica, sans-serif;\">Na decis\u00e3o consta que os valores foram distribu\u00eddos mais de duas vezes em um mesmo exerc\u00edcio e sem que tivesse havido negocia\u00e7\u00e3o pr\u00e9via com os empregados &#8211; o que afrontaria a legisla\u00e7\u00e3o. Al\u00e9m disso, ainda de acordo com a turma ordin\u00e1ria, os planos n\u00e3o tinham &#8220;regras claras e objetivas&#8221;.<\/span><\/p>\n<p style=\"text-align: justify;\"><span style=\"font-family: arial, helvetica, sans-serif;\">J\u00e1 sobre o b\u00f4nus de contrata\u00e7\u00e3o ficou decidido pelos conselheiros que tratou-se de um adiantamento por compromisso futuro que foi assumido pelo empregado e, por estar vinculado ao trabalho, a quantia deveria integrar a base de c\u00e1lculo das contribui\u00e7\u00f5es previdenci\u00e1rias.<\/span><\/p>\n<p style=\"text-align: justify;\"><span style=\"font-family: arial, helvetica, sans-serif;\">O banco ainda pode recorrer da decis\u00e3o do Carf ao Judici\u00e1rio ou apresentar embargos de declara\u00e7\u00e3o para pedir esclarecimentos ou apontar omiss\u00f5es no pr\u00f3prio tribunal administrativo.<\/span><\/p>\n<p style=\"text-align: justify;\"><span style=\"font-family: arial, helvetica, sans-serif;\">Procurado pelo Valor, o Ita\u00fa Unibanco informou, por meio de nota, que &#8220;respeita&#8221; a decis\u00e3o da C\u00e2mara Superior, mas entende que os pagamentos aos seus colaboradores foram efetuados seguindo &#8220;rigorosamente a legisla\u00e7\u00e3o aplic\u00e1vel&#8221; e, por esse motivo, &#8220;vai analisar o ac\u00f3rd\u00e3o do Carf e recorrer da decis\u00e3o&#8221;.<\/span><\/p>\n<p style=\"text-align: justify;\"><span style=\"font-family: arial, helvetica, sans-serif;\">O banco tem ainda um outro processo sobre o mesmo tema pendente de julgamento na C\u00e2mara Superior. Neste (n\u00ba 16327.720550\/2014-18) a discuss\u00e3o trata dos pagamentos de PLR e de b\u00f4nus de contrata\u00e7\u00e3o realizados nos anos de 2009 e 2010. A autua\u00e7\u00e3o \u00e9 de R$ 1,2 bilh\u00e3o.<\/span><\/p>\n<p style=\"text-align: justify;\"><span style=\"font-family: arial, helvetica, sans-serif;\">O Carf definiu, em julgamento no ano de 2016, os par\u00e2metros para se obter a isen\u00e7\u00e3o de contribui\u00e7\u00e3o previdenci\u00e1ria sobre os programas de participa\u00e7\u00e3o nos lucros e resultados e desde l\u00e1 vem decidindo de forma semelhante sobre os casos que tratam deste tema, segundo advogados. O tribunal tem entendido que devem ser assinados antes do per\u00edodo de apura\u00e7\u00e3o e que h\u00e1 necessidade de aval do sindicato dos trabalhadores e de mecanismos para a aferi\u00e7\u00e3o do cumprimento de metas.<\/span><\/p>\n<p style=\"text-align: justify;\"><span style=\"font-family: arial, helvetica, sans-serif;\"><strong>FONTE: Valor Econ\u00f4mico &#8211; Por Joice Bacelo<\/strong><\/span><\/p>\n<p style=\"text-align: justify;\">\n","protected":false},"excerpt":{"rendered":"<p>O caso envolve R$ 877 milh\u00f5es, segundo consta no formul\u00e1rio [&hellip;]<\/p>\n","protected":false},"author":6,"featured_media":0,"comment_status":"closed","ping_status":"open","sticky":false,"template":"","format":"standard","meta":{"jetpack_post_was_ever_published":false,"_jetpack_newsletter_access":"","_jetpack_dont_email_post_to_subs":false,"_jetpack_newsletter_tier_id":0,"_jetpack_memberships_contains_paywalled_content":false,"footnotes":"","_jetpack_memberships_contains_paid_content":false,"jetpack_publicize_message":"","jetpack_publicize_feature_enabled":true,"jetpack_social_post_already_shared":true,"jetpack_social_options":{"image_generator_settings":{"template":"highway","enabled":false}}},"categories":[2],"tags":[],"jetpack_publicize_connections":[],"jetpack_featured_media_url":"","jetpack_sharing_enabled":true,"jetpack_shortlink":"https:\/\/wp.me\/paFpWR-WA","_links":{"self":[{"href":"https:\/\/bonettiassociados.com.br\/index.php\/wp-json\/wp\/v2\/posts\/3632"}],"collection":[{"href":"https:\/\/bonettiassociados.com.br\/index.php\/wp-json\/wp\/v2\/posts"}],"about":[{"href":"https:\/\/bonettiassociados.com.br\/index.php\/wp-json\/wp\/v2\/types\/post"}],"author":[{"embeddable":true,"href":"https:\/\/bonettiassociados.com.br\/index.php\/wp-json\/wp\/v2\/users\/6"}],"replies":[{"embeddable":true,"href":"https:\/\/bonettiassociados.com.br\/index.php\/wp-json\/wp\/v2\/comments?post=3632"}],"version-history":[{"count":1,"href":"https:\/\/bonettiassociados.com.br\/index.php\/wp-json\/wp\/v2\/posts\/3632\/revisions"}],"predecessor-version":[{"id":3633,"href":"https:\/\/bonettiassociados.com.br\/index.php\/wp-json\/wp\/v2\/posts\/3632\/revisions\/3633"}],"wp:attachment":[{"href":"https:\/\/bonettiassociados.com.br\/index.php\/wp-json\/wp\/v2\/media?parent=3632"}],"wp:term":[{"taxonomy":"category","embeddable":true,"href":"https:\/\/bonettiassociados.com.br\/index.php\/wp-json\/wp\/v2\/categories?post=3632"},{"taxonomy":"post_tag","embeddable":true,"href":"https:\/\/bonettiassociados.com.br\/index.php\/wp-json\/wp\/v2\/tags?post=3632"}],"curies":[{"name":"wp","href":"https:\/\/api.w.org\/{rel}","templated":true}]}}