{"id":3626,"date":"2019-07-24T11:20:32","date_gmt":"2019-07-24T14:20:32","guid":{"rendered":"http:\/\/bonettiassociados.com.br\/?p=3626"},"modified":"2019-07-24T11:20:32","modified_gmt":"2019-07-24T14:20:32","slug":"arrecadacao-federal-cresce-468-em-junho-e-18-no-primeiro-semestre","status":"publish","type":"post","link":"https:\/\/bonettiassociados.com.br\/index.php\/2019\/07\/24\/arrecadacao-federal-cresce-468-em-junho-e-18-no-primeiro-semestre\/","title":{"rendered":"ARRECADA\u00c7\u00c3O FEDERAL CRESCE 4,68% EM JUNHO E 1,8% NO PRIMEIRO SEMESTRE"},"content":{"rendered":"<p style=\"text-align: justify;\"><span style=\"font-family: arial, helvetica, sans-serif;\">Apesar de avan\u00e7o, governo diz que receita deve diminuir at\u00e9 o final de 2019; para especialista, tem ocorrido um descolamento entre o que acontece no mercado financeiro e na economia real.<\/span><!--more--><\/p>\n<p style=\"text-align: justify;\"><span style=\"font-family: arial, helvetica, sans-serif;\">A arrecada\u00e7\u00e3o de impostos federais cresceu 4,68% acima da infla\u00e7\u00e3o (em termos reais) em junho, para R$ 119,9 bilh\u00f5es, contra igual per\u00edodo de 2018, marcando o maior resultado para o m\u00eas desde 2014.<\/span><\/p>\n<p style=\"text-align: justify;\"><span style=\"font-family: arial, helvetica, sans-serif;\">J\u00e1 de janeiro a junho, a receita tribut\u00e1ria avan\u00e7ou 1,80%, em rela\u00e7\u00e3o ao primeiro semestre do ano passado, para R$ 757,5 bilh\u00f5es, mostram dados divulgados ontem pela Receita Federal do Minist\u00e9rio da Economia.<\/span><\/p>\n<p style=\"text-align: justify;\"><span style=\"font-family: arial, helvetica, sans-serif;\">Apesar do resultado positivo, o professor de economia da Faculdade Fipecafi, George Sales, comenta que o avan\u00e7o real da arrecada\u00e7\u00e3o em torno de 1% no primeiro semestre, em cima de uma base de compara\u00e7\u00e3o muito fraca, refor\u00e7a que a economia tem crescido n\u00e3o s\u00f3 abaixo do que se esperava, como tamb\u00e9m inferior ao que Pa\u00eds precisaria para recuperar as perdas provocadas pela recess\u00e3o entre 2015 e 2016.<\/span><\/p>\n<p style=\"text-align: justify;\"><span style=\"font-family: arial, helvetica, sans-serif;\">Segundo o coordenador de previs\u00e3o e an\u00e1lise do Fisco, Marcelo Gomide, inclusive, a proje\u00e7\u00e3o da Receita \u00e9 de uma alta real entre 1% a 1,5% da arrecada\u00e7\u00e3o em 2019. No primeiro semestre do ano, o crescimento real desses tributos foi de 1,17%.<\/span><\/p>\n<p style=\"text-align: justify;\"><span style=\"font-family: arial, helvetica, sans-serif;\">Sales observa ainda que o resultado da arrecada\u00e7\u00e3o, comparado \u00e0 alta expressiva da bolsa brasileira (B3) nas \u00faltimas semanas, mostra o descolamento que existe, hoje, no Pa\u00eds entre as expectativas e o cen\u00e1rio vivenciado na economia real. O principal \u00edndice da B3 foi levado para cima dos 100 mil pontos, diante das perspectivas mais positivas com rela\u00e7\u00e3o \u00e0 aprova\u00e7\u00e3o da reforma da Previd\u00eancia Social.<\/span><\/p>\n<p style=\"text-align: justify;\"><span style=\"font-family: arial, helvetica, sans-serif;\">\u201cA bolsa antecipa fatos e, do mesmo jeito que ela sobe rapidamente, ela tamb\u00e9m cai. Ent\u00e3o, o que ir\u00e1 se confirmar na economia real daqui para a frente depender\u00e1 muito da tramita\u00e7\u00e3o da reforma ap\u00f3s o recesso [da C\u00e2mara dos Deputados]\u201d, comenta Sales.<\/span><\/p>\n<p style=\"text-align: justify;\"><span style=\"font-family: arial, helvetica, sans-serif;\"><strong>Cen\u00e1rio \u00e0 frente<\/strong><\/span><\/p>\n<p style=\"text-align: justify;\"><span style=\"font-family: arial, helvetica, sans-serif;\">Ao apresentar os resultados da arrecada\u00e7\u00e3o de junho, o chefe do Centro de Estudos Tribut\u00e1rios e Aduaneiros da Receita, Claudemir Malaquias, admitiu, que a entrada de recursos no caixa da Uni\u00e3o deve diminuir at\u00e9 o final do ano e ser inferior ao inicialmente estimado pelo governo. \u201cA arrecada\u00e7\u00e3o vir\u00e1 mais baixa do que o inicialmente projetado para o segundo semestre\u201d, refor\u00e7ou o coordenador.<\/span><\/p>\n<p style=\"text-align: justify;\"><span style=\"font-family: arial, helvetica, sans-serif;\">\u201cA trajet\u00f3ria da arrecada\u00e7\u00e3o tende no longo prazo a ter uma ader\u00eancia quase perfeita com a evolu\u00e7\u00e3o dos indicadores macroecon\u00f4micos\u201d, completou. Na \u00faltima segunda-feira (dia 22), o Minist\u00e9rio da Economia anunciou, oficialmente, que reduziu de 1,6% para 0,8% a sua proje\u00e7\u00e3o de crescimento para o Produto Interno Bruto (PIB) em 2019.<\/span><\/p>\n<p style=\"text-align: justify;\"><span style=\"font-family: arial, helvetica, sans-serif;\">Sobre o resultado da arrecada\u00e7\u00e3o do primeiro semestre, Malaquias disse que o aumento se deu por conta da expans\u00e3o do Imposto de Renda das Pessoas Jur\u00eddicas (IRPJ) e pela Contribui\u00e7\u00e3o Social sobre o Lucro L\u00edquido (CSLL). Esses tributos tiveram uma alta real de 12,27% no recolhimento, a R$ 131,7 bilh\u00f5es.<\/span><\/p>\n<p style=\"text-align: justify;\"><span style=\"font-family: arial, helvetica, sans-serif;\">\u201cEsse resultado decorre da melhora no desempenho das empresas [no ano passado, com recolhimento este ano], especialmente das empresas n\u00e3o financeiras, e das arrecada\u00e7\u00f5es at\u00edpicas, no m\u00eas de fevereiro de 2019, no montante de aproximadamente R$ 4,5 bilh\u00f5es\u201d, diz a Receita.<\/span><\/p>\n<p style=\"text-align: justify;\"><span style=\"font-family: arial, helvetica, sans-serif;\"><strong>Por atividade<\/strong><\/span><\/p>\n<p style=\"text-align: justify;\"><span style=\"font-family: arial, helvetica, sans-serif;\">Sales pontua que os n\u00fameros da arrecada\u00e7\u00e3o por atividade confirmam movimentos conjunturais e a pr\u00f3pria estrutura econ\u00f4mica do Pa\u00eds. Ele chama a aten\u00e7\u00e3o para a elevada participa\u00e7\u00e3o do setor financeiro no bolo tribut\u00e1rio. De janeiro a junho, a receita de impostos gerada pelas entidades financeiras totalizou R$ 86 bilh\u00f5es, avan\u00e7o de 7,66% em rela\u00e7\u00e3o a igual per\u00edodo de 2018.<\/span><\/p>\n<p style=\"text-align: justify;\"><span style=\"font-family: arial, helvetica, sans-serif;\">J\u00e1 as atividades auxiliares do setor financeiro cresceram 13,5%, para R$ 17 bilh\u00f5es. Juntas, essas duas atividades correspondem a 20% do total da arrecada\u00e7\u00e3o federal. Para Sales, isso preocupa, pois \u00e9 um indicativo de que as taxas dos servi\u00e7os acabam ficando mais caras pelo excesso de tributa\u00e7\u00e3o, dificultando o consumo das fam\u00edlias e a produ\u00e7\u00e3o.<\/span><\/p>\n<p style=\"text-align: justify;\"><span style=\"font-family: arial, helvetica, sans-serif;\">Segmentos mais relacionados com a economia real, por sua vez, n\u00e3o t\u00eam tido um desempenho t\u00e3o bom quanto ao do setor financeiro, seja em alta percentual ou em participa\u00e7\u00e3o no bolo tribut\u00e1rio. O com\u00e9rcio atacadista, por exemplo, tem uma participa\u00e7\u00e3o elevada, mas a receita do setor avan\u00e7ou s\u00f3 1,51% at\u00e9 junho, a R$ 43,4 bilh\u00f5es, contra igual per\u00edodo de 2018.<\/span><\/p>\n<p style=\"text-align: justify;\"><span style=\"font-family: arial, helvetica, sans-serif;\">J\u00e1 a receita tribut\u00e1ria gerada pelas f\u00e1bricas de m\u00e1quinas e equipamentos cresceu mais, em 10%, mas possui uma parcela de R$ 6 bilh\u00f5es no total do bolo, entre janeiro e maio.<\/span><\/p>\n<p style=\"text-align: justify;\"><strong><span style=\"font-family: arial, helvetica, sans-serif;\">Fonte: Di\u00e1rio Com\u00e9rcio Ind\u00fastria &amp; Inova\u00e7\u00e3o<\/span> <\/strong><\/p>\n","protected":false},"excerpt":{"rendered":"<p>Apesar de avan\u00e7o, governo diz que receita deve diminuir at\u00e9 [&hellip;]<\/p>\n","protected":false},"author":6,"featured_media":0,"comment_status":"closed","ping_status":"open","sticky":false,"template":"","format":"standard","meta":{"jetpack_post_was_ever_published":false,"_jetpack_newsletter_access":"","_jetpack_dont_email_post_to_subs":false,"_jetpack_newsletter_tier_id":0,"_jetpack_memberships_contains_paywalled_content":false,"footnotes":"","_jetpack_memberships_contains_paid_content":false,"jetpack_publicize_message":"","jetpack_publicize_feature_enabled":true,"jetpack_social_post_already_shared":true,"jetpack_social_options":{"image_generator_settings":{"template":"highway","enabled":false}}},"categories":[2],"tags":[],"jetpack_publicize_connections":[],"jetpack_featured_media_url":"","jetpack_sharing_enabled":true,"jetpack_shortlink":"https:\/\/wp.me\/paFpWR-Wu","_links":{"self":[{"href":"https:\/\/bonettiassociados.com.br\/index.php\/wp-json\/wp\/v2\/posts\/3626"}],"collection":[{"href":"https:\/\/bonettiassociados.com.br\/index.php\/wp-json\/wp\/v2\/posts"}],"about":[{"href":"https:\/\/bonettiassociados.com.br\/index.php\/wp-json\/wp\/v2\/types\/post"}],"author":[{"embeddable":true,"href":"https:\/\/bonettiassociados.com.br\/index.php\/wp-json\/wp\/v2\/users\/6"}],"replies":[{"embeddable":true,"href":"https:\/\/bonettiassociados.com.br\/index.php\/wp-json\/wp\/v2\/comments?post=3626"}],"version-history":[{"count":1,"href":"https:\/\/bonettiassociados.com.br\/index.php\/wp-json\/wp\/v2\/posts\/3626\/revisions"}],"predecessor-version":[{"id":3627,"href":"https:\/\/bonettiassociados.com.br\/index.php\/wp-json\/wp\/v2\/posts\/3626\/revisions\/3627"}],"wp:attachment":[{"href":"https:\/\/bonettiassociados.com.br\/index.php\/wp-json\/wp\/v2\/media?parent=3626"}],"wp:term":[{"taxonomy":"category","embeddable":true,"href":"https:\/\/bonettiassociados.com.br\/index.php\/wp-json\/wp\/v2\/categories?post=3626"},{"taxonomy":"post_tag","embeddable":true,"href":"https:\/\/bonettiassociados.com.br\/index.php\/wp-json\/wp\/v2\/tags?post=3626"}],"curies":[{"name":"wp","href":"https:\/\/api.w.org\/{rel}","templated":true}]}}